

{"id":27064,"date":"2016-10-19T12:14:26","date_gmt":"2016-10-19T15:14:26","guid":{"rendered":"http:\/\/portalfloresnoar.com\/floresnoar\/?p=27064"},"modified":"2016-11-30T21:45:58","modified_gmt":"2016-12-01T00:45:58","slug":"agenda-pe-exposicao-da-grafica-lenta-neste-sabado-na-maumau","status":"publish","type":"post","link":"https:\/\/portalfloresnoar.com\/floresnoar\/agenda-pe-exposicao-da-grafica-lenta-neste-sabado-na-maumau\/","title":{"rendered":"[AGENDA PE] Exposi\u00e7\u00e3o da Gr\u00e1fica Lenta neste s\u00e1bado na Maumau"},"content":{"rendered":"<figure id=\"attachment_27065\" aria-describedby=\"caption-attachment-27065\" style=\"width: 302px\" class=\"wp-caption alignleft\"><img decoding=\"async\" loading=\"lazy\" class=\" wp-image-27065  \" alt=\"gregorio-vieira\" src=\"http:\/\/portalfloresnoar.com\/floresnoar\/wp-content\/uploads\/2016\/11\/gregorio-vieira.jpg\" width=\"302\" height=\"232\" srcset=\"https:\/\/portalfloresnoar.com\/floresnoar\/wp-content\/uploads\/2016\/11\/gregorio-vieira.jpg 420w, https:\/\/portalfloresnoar.com\/floresnoar\/wp-content\/uploads\/2016\/11\/gregorio-vieira-300x229.jpg 300w\" sizes=\"(max-width: 302px) 100vw, 302px\" \/><figcaption id=\"caption-attachment-27065\" class=\"wp-caption-text\">Greg\u00f3rio Vieira, artista Gr\u00e1fica Lenta e respons\u00e1vel, ao lado de Moacyr Campelo, pela oficina Gravadores de R\u00f3tulos<\/figcaption><\/figure>\n<p>Dando continuidade \u00e0s suas a\u00e7\u00f5es coletivas, a Gr\u00e1fica Lenta prop\u00f4s uma viv\u00eancia baseada em quatro oficinas. Com apoio do Funcultura, todas elas tinham como foco utilizar a gravura para aplica\u00e7\u00e3o em diferentes suportes. As oficinas Carimbos Tipogr\u00e1ficos, Estamparia Experimental, Gifs Ordin\u00e1rios e Gravadores de R\u00f3tulos nortearam uma intensa produ\u00e7\u00e3o. Durante tr\u00eas meses, artistas de diferentes gera\u00e7\u00f5es, compartilharam suas t\u00e9cnicas e cria\u00e7\u00f5es, em agrad\u00e1veis encontros no quintal da Maumau.<\/p>\n<p>Rinaldo Silva, Mauricio Castro, Regina Carvalho, Jos\u00e9 Paulo, Joelson Gomes s\u00e3o alguns dos artistas &#8220;da velha guarda&#8221; que compartilharam as viv\u00eancias com Bia Melo, Joana Liberal, Moacyr Campelo, Rodrigo Cabral, Greg\u00f3rio Vieira, Simone Mendes e muitos outros.<\/p>\n<p>Entre almo\u00e7os saborosos, a Gr\u00e1fica Lenta produziu em ritmo at\u00e9 bastante \u2018acelerado\u2019! De manh\u00e3 \u00e0 noite. De outubro a novembro. Cerca de 30 artistas preencheram quintal e varandas com estampas e cores: bolsas, vestidos, len\u00e7os, camisas&#8230; Uma infinidade de produtos! Feitos um a um.<\/p>\n<p>Somada a essa diversa produ\u00e7\u00e3o, a Gr\u00e1fica Lenta convidou ainda quatro estilistas: Andrea Monteiro, Beto Normal, Ingrid Mata e Leila Bastos. Al\u00e9m de lindos encontros, essa parceria gerou uma &#8216;cole\u00e7\u00e3o&#8217; de modelos e estampas \u00fanicas. S\u00e3o pe\u00e7as singulares todas estampadas \u00e0 m\u00e3o.<\/p>\n<p>Finalmente, no dia <strong>26 de novembro \u00e0s 19h<\/strong>, todo material produzido ser\u00e1 exposto ao p\u00fablico. A Maumau convida a todos para abertura da exposi\u00e7\u00e3o da Gr\u00e1fica Lenta e para o nosso 1\u00ba grande desfile. Os pr\u00f3prios artistas ser\u00e3o modelos nesse desfile nada convencional, planejado por Mauricio Castro (tamb\u00e9m coordenador art\u00edstico do projeto).<\/p>\n<p>A noite de abertura vai ser uma festa. Conta ainda com apoio de bar e cozinha FORATEMER + DJ\u2019s amigos.<br \/>\n\u00c9 bom lembrar, todos os produtos estar\u00e3o \u00e0 venda. A Maumau aproveita para abrir um lojinha com pre\u00e7os acess\u00edveis, a exposi\u00e7\u00e3o ficar\u00e1 aberta para visita\u00e7\u00e3o todas as ter\u00e7as, quintas, s\u00e1bados e domingo, das 14h \u00e0s 19h horas, at\u00e9 o dia 23 de dezembro.<\/p>\n<p><strong>Abertura da Exposi\u00e7\u00e3o Gr\u00e1fica Lenta + Loja + Desfile = FESTA<\/strong><br \/>\nDia: 26 de novembro de 2016<br \/>\nHora: 19h<br \/>\nRua Nicar\u00e1gua, 173, Espinheiro, recife\/PE<br \/>\nInforma\u00e7\u00f5es: (81) 32217900 | 98661.7559<\/p>\n<p><img decoding=\"async\" loading=\"lazy\" class=\"aligncenter size-full wp-image-27078\" alt=\"grafica-lenta-recife\" src=\"http:\/\/portalfloresnoar.com\/floresnoar\/wp-content\/uploads\/2016\/11\/grafica-lenta-recife.jpg\" width=\"657\" height=\"1387\" srcset=\"https:\/\/portalfloresnoar.com\/floresnoar\/wp-content\/uploads\/2016\/11\/grafica-lenta-recife.jpg 657w, https:\/\/portalfloresnoar.com\/floresnoar\/wp-content\/uploads\/2016\/11\/grafica-lenta-recife-142x300.jpg 142w, https:\/\/portalfloresnoar.com\/floresnoar\/wp-content\/uploads\/2016\/11\/grafica-lenta-recife-485x1024.jpg 485w\" sizes=\"(max-width: 657px) 100vw, 657px\" \/><\/p>\n","protected":false},"excerpt":{"rendered":"<p>Dando continuidade \u00e0s suas a\u00e7\u00f5es coletivas, a Gr\u00e1fica Lenta prop\u00f4s uma viv\u00eancia baseada em quatro oficinas. Com apoio do Funcultura, todas elas tinham como foco utilizar a gravura para aplica\u00e7\u00e3o em diferentes suportes. As oficinas Carimbos Tipogr\u00e1ficos, Estamparia Experimental, Gifs Ordin\u00e1rios e Gravadores de R\u00f3tulos nortearam uma intensa produ\u00e7\u00e3o. Durante tr\u00eas meses, artistas de diferentes [&hellip;]<\/p>\n","protected":false},"author":1,"featured_media":27066,"comment_status":"open","ping_status":"open","sticky":false,"template":"","format":"standard","meta":{"om_disable_all_campaigns":false,"_monsterinsights_skip_tracking":false,"_monsterinsights_sitenote_active":false,"_monsterinsights_sitenote_note":"","_monsterinsights_sitenote_category":0,"footnotes":""},"categories":[8,224,214],"tags":[332,379],"acf":[],"publishpress_future_action":{"enabled":false,"date":"1969-12-31 21:00:00","action":"","terms":[],"taxonomy":"","browser_timezone_offset":0},"_links":{"self":[{"href":"https:\/\/portalfloresnoar.com\/floresnoar\/wp-json\/wp\/v2\/posts\/27064"}],"collection":[{"href":"https:\/\/portalfloresnoar.com\/floresnoar\/wp-json\/wp\/v2\/posts"}],"about":[{"href":"https:\/\/portalfloresnoar.com\/floresnoar\/wp-json\/wp\/v2\/types\/post"}],"author":[{"embeddable":true,"href":"https:\/\/portalfloresnoar.com\/floresnoar\/wp-json\/wp\/v2\/users\/1"}],"replies":[{"embeddable":true,"href":"https:\/\/portalfloresnoar.com\/floresnoar\/wp-json\/wp\/v2\/comments?post=27064"}],"version-history":[{"count":0,"href":"https:\/\/portalfloresnoar.com\/floresnoar\/wp-json\/wp\/v2\/posts\/27064\/revisions"}],"wp:featuredmedia":[{"embeddable":true,"href":"https:\/\/portalfloresnoar.com\/floresnoar\/wp-json\/wp\/v2\/media\/27066"}],"wp:attachment":[{"href":"https:\/\/portalfloresnoar.com\/floresnoar\/wp-json\/wp\/v2\/media?parent=27064"}],"wp:term":[{"taxonomy":"category","embeddable":true,"href":"https:\/\/portalfloresnoar.com\/floresnoar\/wp-json\/wp\/v2\/categories?post=27064"},{"taxonomy":"post_tag","embeddable":true,"href":"https:\/\/portalfloresnoar.com\/floresnoar\/wp-json\/wp\/v2\/tags?post=27064"}],"curies":[{"name":"wp","href":"https:\/\/api.w.org\/{rel}","templated":true}]}}