

{"id":27060,"date":"2016-09-21T09:00:16","date_gmt":"2016-09-21T12:00:16","guid":{"rendered":"http:\/\/portalfloresnoar.com\/floresnoar\/?p=27060"},"modified":"2016-11-26T12:47:58","modified_gmt":"2016-11-26T15:47:58","slug":"agenda-pe-aula-de-culinaria-integralizadora-neste-sabado-no-restaurante-nossa-casa-2","status":"publish","type":"post","link":"https:\/\/portalfloresnoar.com\/floresnoar\/agenda-pe-aula-de-culinaria-integralizadora-neste-sabado-no-restaurante-nossa-casa-2\/","title":{"rendered":"[AGENDA PE] Aula de Culin\u00e1ria Integralizadora neste s\u00e1bado no restaurante Nossa Casa"},"content":{"rendered":"<p><img decoding=\"async\" loading=\"lazy\" class=\" wp-image-26302 alignleft\" alt=\"restaurante-nossa-casa\" src=\"http:\/\/portalfloresnoar.com\/floresnoar\/wp-content\/uploads\/2016\/09\/restaurante-Nossa-Casa.jpg\" width=\"193\" height=\"203\" srcset=\"https:\/\/portalfloresnoar.com\/floresnoar\/wp-content\/uploads\/2016\/09\/restaurante-Nossa-Casa.jpg 321w, https:\/\/portalfloresnoar.com\/floresnoar\/wp-content\/uploads\/2016\/09\/restaurante-Nossa-Casa-284x300.jpg 284w\" sizes=\"(max-width: 193px) 100vw, 193px\" \/>A Nossa Casa \u2013 Restaurante Integral realiza neste s\u00e1bado (26\/11), das 9h \u00e0s 12h, uma Aula de Culin\u00e1ria Integralizadora, especial de fim de ano. O encontro tem in\u00edcio \u00e0s 7h, com Ritmopr\u00e1tica. Em seguida ser\u00e1 a pr\u00e1tica culin\u00e1ria, coordenada por Hilda Santos e equipe da Nossa Casa. Confira abaixo a programa\u00e7\u00e3o!Aula Especial de Fim de Ano.<\/p>\n<p><strong>Card\u00e1pio:<\/strong><br \/>\nArroz Cateto Integral Socado.<br \/>\nMaki Sushi (enrolado de alga nori com Bardana)<br \/>\nTofu Cavado com conserva de cebolinho<br \/>\nSalada de Alface Americana e R\u00facula<br \/>\nCompota De Ma\u00e7\u00e3 (Doce sem A\u00e7\u00facar)<\/p>\n<p><strong>Data:<\/strong> 26\/11\/2016|<br \/>\n<strong>Hor\u00e1rio:<\/strong> 09h \u00e0s 12h<br \/>\n<strong>Local:<\/strong> Avenida Oliveira Lima 784, Soledade Recife.<br \/>\n<strong>Investimento:<\/strong> R$ 80,00 (almo\u00e7o incluso)<\/p>\n<p><strong>Coordena\u00e7\u00e3o:<\/strong> Hilda Santos e Equipe Nossa Casa<\/p>\n<p><strong>Contato:<\/strong> (81) 99872-0159-(81)3129-7369<\/p>\n<p><em>Obs: Das 7h \u00e0s 8h, haver\u00e1 Ritmopr\u00e1tica: \u201cMovimenta\u00e7\u00e3o transformadora do destino humano\u201d. Todos os participantes da aula est\u00e3o convidados.\u00a0<\/em><\/p>\n<p><em>Agradecimentos \u00e0 professora Dona Bernadete Kikuchi por todo conhecimento.<\/em><\/p>\n","protected":false},"excerpt":{"rendered":"<p>A Nossa Casa \u2013 Restaurante Integral realiza neste s\u00e1bado (26\/11), das 9h \u00e0s 12h, uma Aula de Culin\u00e1ria Integralizadora, especial de fim de ano. O encontro tem in\u00edcio \u00e0s 7h, com Ritmopr\u00e1tica. Em seguida ser\u00e1 a pr\u00e1tica culin\u00e1ria, coordenada por Hilda Santos e equipe da Nossa Casa. Confira abaixo a programa\u00e7\u00e3o!Aula Especial de Fim de [&hellip;]<\/p>\n","protected":false},"author":1,"featured_media":26301,"comment_status":"open","ping_status":"open","sticky":false,"template":"","format":"standard","meta":{"om_disable_all_campaigns":false,"_monsterinsights_skip_tracking":false,"_monsterinsights_sitenote_active":false,"_monsterinsights_sitenote_note":"","_monsterinsights_sitenote_category":0,"footnotes":""},"categories":[8,214],"tags":[345,378],"acf":[],"publishpress_future_action":{"enabled":false,"date":"1969-12-31 21:00:00","action":"","terms":[],"taxonomy":"","browser_timezone_offset":0},"_links":{"self":[{"href":"https:\/\/portalfloresnoar.com\/floresnoar\/wp-json\/wp\/v2\/posts\/27060"}],"collection":[{"href":"https:\/\/portalfloresnoar.com\/floresnoar\/wp-json\/wp\/v2\/posts"}],"about":[{"href":"https:\/\/portalfloresnoar.com\/floresnoar\/wp-json\/wp\/v2\/types\/post"}],"author":[{"embeddable":true,"href":"https:\/\/portalfloresnoar.com\/floresnoar\/wp-json\/wp\/v2\/users\/1"}],"replies":[{"embeddable":true,"href":"https:\/\/portalfloresnoar.com\/floresnoar\/wp-json\/wp\/v2\/comments?post=27060"}],"version-history":[{"count":0,"href":"https:\/\/portalfloresnoar.com\/floresnoar\/wp-json\/wp\/v2\/posts\/27060\/revisions"}],"wp:featuredmedia":[{"embeddable":true,"href":"https:\/\/portalfloresnoar.com\/floresnoar\/wp-json\/wp\/v2\/media\/26301"}],"wp:attachment":[{"href":"https:\/\/portalfloresnoar.com\/floresnoar\/wp-json\/wp\/v2\/media?parent=27060"}],"wp:term":[{"taxonomy":"category","embeddable":true,"href":"https:\/\/portalfloresnoar.com\/floresnoar\/wp-json\/wp\/v2\/categories?post=27060"},{"taxonomy":"post_tag","embeddable":true,"href":"https:\/\/portalfloresnoar.com\/floresnoar\/wp-json\/wp\/v2\/tags?post=27060"}],"curies":[{"name":"wp","href":"https:\/\/api.w.org\/{rel}","templated":true}]}}