

{"id":26903,"date":"2017-01-05T11:24:43","date_gmt":"2017-01-05T14:24:43","guid":{"rendered":"http:\/\/portalfloresnoar.com\/floresnoar\/?p=26903"},"modified":"2017-02-04T13:45:48","modified_gmt":"2017-02-04T16:45:48","slug":"agenda-pe-jardim-alecrim-recife-esta-com-matriculas-abertas-para-2017","status":"publish","type":"post","link":"https:\/\/portalfloresnoar.com\/floresnoar\/agenda-pe-jardim-alecrim-recife-esta-com-matriculas-abertas-para-2017\/","title":{"rendered":"[AGENDA PE] Jardim Alecrim Recife est\u00e1 com matriculas abertas para 2017"},"content":{"rendered":"<p><img decoding=\"async\" loading=\"lazy\" class=\"aligncenter size-full wp-image-27794\" alt=\"escola waldorf no recife\" src=\"http:\/\/portalfloresnoar.com\/floresnoar\/wp-content\/uploads\/2017\/01\/escola-waldorf-no-recife.jpg\" width=\"700\" height=\"990\" srcset=\"https:\/\/portalfloresnoar.com\/floresnoar\/wp-content\/uploads\/2017\/01\/escola-waldorf-no-recife.jpg 700w, https:\/\/portalfloresnoar.com\/floresnoar\/wp-content\/uploads\/2017\/01\/escola-waldorf-no-recife-212x300.jpg 212w\" sizes=\"(max-width: 700px) 100vw, 700px\" \/><\/p>\n<p>O Jardim Alecrim Recife est\u00e1 com matr\u00edculas abertas para crian\u00e7as a partir de 9 meses a 6 anos em turmas pela manh\u00e3 e \u00e0 tarde. Inspirado na Pedagogia Waldorf, o espa\u00e7o, localizado em Casa Forte, proporciona \u00e0 crian\u00e7a pequena uma rotina saud\u00e1vel, assemelhando-se ao ambiente de um lar repleto de calor e seguran\u00e7a. Para 2017, h\u00e1 tamb\u00e9m a possibilidade de abertura de um ber\u00e7\u00e1rio. As fam\u00edlias interessadas devem entrar em contato com a escola.<\/p>\n<p>\u201cDesenvolvemos um trabalho de respeito ao ser crian\u00e7a. Observamos que o incentivo precoce \u00e0 leitura, escrita e o contato com m\u00eddias digitais s\u00e3o comuns em muitos espa\u00e7os pedag\u00f3gicos, sendo, no entanto, prejudiciais \u00e0 sa\u00fade do indiv\u00edduo que est\u00e1 em processo de matura\u00e7\u00e3o do sistema neural e emocional. Priorizamos o brincar livre, o est\u00edmulo \u00e0 fantasia e \u00e0 imagina\u00e7\u00e3o, al\u00e9m do contato com a arte e a natureza\u201d, pontua a fonoaudi\u00f3loga, pedagoga waldorf, terapeuta familiar sist\u00eamica e fundadora do Jardim Alecrim Recife, Janise Paiva.<\/p>\n<p><strong>Primeiro Set\u00eanio<\/strong><br \/>\nDe acordo com a Pedagogia Waldorf, desenvolvida, em 1919, pelo fil\u00f3sofo austr\u00edaco Rudolf Steiner, a crian\u00e7a at\u00e9 os sete anos de idade est\u00e1, principalmente, desenvolvendo seu corpo f\u00edsico. Por isso, a metodologia proporciona atividades f\u00edsicas ligadas ao brincar na primeira inf\u00e2ncia.<\/p>\n<p>\u201c\u00c9 como se voc\u00ea constru\u00edsse uma casa come\u00e7ando pelo telhado e esquecesse de firmar a base. Mal a crian\u00e7a aprende a andar, falar e pensar, j\u00e1 est\u00e1 precisando lidar com um monte de s\u00edmbolos e tarefas desconexas com seus interesses. Ela ainda n\u00e3o est\u00e1 pronta para um c\u00f3digo frio, sem vida como linguagem escrita. Precisa crescer, firmar seu corpo, dominar a linguagem oral, fortalecer seu alicerce, para, a\u00ed sim, continuar o processo de alfabetiza\u00e7\u00e3o\u201d, afirma.<\/p>\n<p>Janise explica ainda que \u00e9 preciso dar vas\u00e3o \u00e0 curiosidade dos pequenos. \u201cEles v\u00e3o querer decifrar os c\u00f3digos que s\u00f3 adultos e crian\u00e7as maiores sabem. No mundo existem letras por todos os lugares por onde nossas crian\u00e7as passam. Quando ela est\u00e1 pronta, madura, ela mesma sente vontade de saber o que significam aqueles s\u00edmbolos. Ler \u00e9 como amar, quando estamos prontos acontece \u201c, refor\u00e7a Janise.<\/p>\n<p>O Jardim Alecrim fica na Rua Silveira Lobo, 107, em Casa Forte, no Recife.<\/p>\n<p>MAIS INFORMA\u00c7\u00d5ES<br \/>\n<strong>E-mail<\/strong>: jardimalecrimrecife@gmail.com<br \/>\n<strong>Fone<\/strong>: (81) 3071.4247<br \/>\n<strong>Site<\/strong>:\u00a0<a href=\"http:\/\/www.jardimalecrim.com\/\" target=\"_blank\">www.jardimalecrim.com<\/a><br \/>\n<strong>FanPage<\/strong>:<a href=\"https:\/\/www.facebook.com\/Jardim-Alecrim-Recife-272245776182376\/?fref=ts\" target=\"_blank\">\u00a0https:\/\/www.facebook.com\/Jardim-Alecrim-Recife-272245776182376\/?fref=ts<\/a><\/p>\n","protected":false},"excerpt":{"rendered":"<p>O Jardim Alecrim Recife est\u00e1 com matr\u00edculas abertas para crian\u00e7as a partir de 9 meses a 6 anos em turmas pela manh\u00e3 e \u00e0 tarde. Inspirado na Pedagogia Waldorf, o espa\u00e7o, localizado em Casa Forte, proporciona \u00e0 crian\u00e7a pequena uma rotina saud\u00e1vel, assemelhando-se ao ambiente de um lar repleto de calor e seguran\u00e7a. Para 2017, [&hellip;]<\/p>\n","protected":false},"author":1,"featured_media":23205,"comment_status":"open","ping_status":"open","sticky":false,"template":"","format":"standard","meta":{"om_disable_all_campaigns":false,"_monsterinsights_skip_tracking":false,"_monsterinsights_sitenote_active":false,"_monsterinsights_sitenote_note":"","_monsterinsights_sitenote_category":0,"footnotes":""},"categories":[8,214],"tags":[223,83,115],"acf":[],"publishpress_future_action":{"enabled":false,"date":"1969-12-31 21:00:00","action":"","terms":[],"taxonomy":"","browser_timezone_offset":0},"_links":{"self":[{"href":"https:\/\/portalfloresnoar.com\/floresnoar\/wp-json\/wp\/v2\/posts\/26903"}],"collection":[{"href":"https:\/\/portalfloresnoar.com\/floresnoar\/wp-json\/wp\/v2\/posts"}],"about":[{"href":"https:\/\/portalfloresnoar.com\/floresnoar\/wp-json\/wp\/v2\/types\/post"}],"author":[{"embeddable":true,"href":"https:\/\/portalfloresnoar.com\/floresnoar\/wp-json\/wp\/v2\/users\/1"}],"replies":[{"embeddable":true,"href":"https:\/\/portalfloresnoar.com\/floresnoar\/wp-json\/wp\/v2\/comments?post=26903"}],"version-history":[{"count":0,"href":"https:\/\/portalfloresnoar.com\/floresnoar\/wp-json\/wp\/v2\/posts\/26903\/revisions"}],"wp:featuredmedia":[{"embeddable":true,"href":"https:\/\/portalfloresnoar.com\/floresnoar\/wp-json\/wp\/v2\/media\/23205"}],"wp:attachment":[{"href":"https:\/\/portalfloresnoar.com\/floresnoar\/wp-json\/wp\/v2\/media?parent=26903"}],"wp:term":[{"taxonomy":"category","embeddable":true,"href":"https:\/\/portalfloresnoar.com\/floresnoar\/wp-json\/wp\/v2\/categories?post=26903"},{"taxonomy":"post_tag","embeddable":true,"href":"https:\/\/portalfloresnoar.com\/floresnoar\/wp-json\/wp\/v2\/tags?post=26903"}],"curies":[{"name":"wp","href":"https:\/\/api.w.org\/{rel}","templated":true}]}}