

{"id":269,"date":"2012-01-22T19:52:00","date_gmt":"2012-01-22T22:52:00","guid":{"rendered":"http:\/\/portalfloresnoar.hospedagemdesites.ws\/floresnoar\/?p=269"},"modified":"2012-06-24T11:28:06","modified_gmt":"2012-06-24T14:28:06","slug":"reflexoes-quanticas-para-2012","status":"publish","type":"post","link":"https:\/\/portalfloresnoar.com\/floresnoar\/reflexoes-quanticas-para-2012\/","title":{"rendered":"Reflex\u00f5es Qu\u00e2nticas para 2012"},"content":{"rendered":"<div style=\"color: #cc0000;\"><span style=\"font-size: small;\"><em>Por Wallace Liimaa\u00a0<\/em><\/span><\/div>\n<p><span style=\"font-size: x-small;\">wallacepan@gmail.com<\/span><\/p>\n<p>Retornando de viagem e nos reconectando ao mundo virtual, eis que j\u00e1 nos encontramos em pleno 2012, o ano que em fun\u00e7\u00e3o das Profecias Maia e de outros povos, muito se espera em termos de acontecimentos fant\u00e1sticos e at\u00e9 mesmo catastr\u00f3ficos.<\/p>\n<p>Astronomicamente falando, o que sabemos \u00e9 que o nosso planeta vem recebendo luz de alta freq\u00fc\u00eancia na cor azul, j\u00e1 h\u00e1 alguns anos, proveniente da estrela Alcione que faz parte da Constela\u00e7\u00e3o das Pl\u00eaiades, e que atingir\u00e1 o seu \u00e1pice no final de dezembro de 2012.<!--more--><\/p>\n<p>Particularmente, n\u00e3o acreditamos que o mundo ir\u00e1 acabar, pois muito ainda temos que aprender por aqui. No entanto, j\u00e1 h\u00e1 algum tempo que testemunhamos os efeitos das mudan\u00e7as clim\u00e1ticas e muitas situa\u00e7\u00f5es catastr\u00f3ficas que n\u00e3o eram comuns no nosso planeta at\u00e9 pouco tempo atr\u00e1s.<\/p>\n<p>Por outro lado, enxergamos o \u00e1pice de uma crise planet\u00e1ria multidimensional. O nosso planeta, com grande parte das suas terras dilapidadas, mal cuidadas e muitas vezes envenenadas, j\u00e1 respira com dificuldade. O ser humano civilizado, respons\u00e1vel pela l\u00f3gica da tecnologia e da ci\u00eancia predominante nos \u00faltimos 400 anos, apesar das grandes realiza\u00e7\u00f5es e descobertas, est\u00e1 cada dia mais doente e dependente de drogas qu\u00edmicas que o distanciam ainda mais de um verdadeiro estado de sa\u00fade e bem estar.<\/p>\n<p>Confiamos que esse mundo interior em desarmonia, respons\u00e1vel pelo mundo exterior em desarmonia, est\u00e1 tendo uma grande oportunidade de reconcilia\u00e7\u00e3o. O fim do mundo que alguns acreditam que ser\u00e1 em 2012, estaria ent\u00e3o associado ao fim de um ciclo, de uma forma de ver o mundo que oportunizou a crise gigantesca pela qual passa a humanidade.<\/p>\n<p>Fomos educados de modo a cuidarmos mal da terra e a maltratarmos o nosso corpo. Ignoramos o poder dos nossos pensamentos, n\u00e3o sabemos lidar com as nossas emo\u00e7\u00f5es e agimos, muitas vezes, a ignorar as leis invis\u00edveis que regem o mundo espiritual. Desse modo, ciclicamente seguimos passando pelos mesmos problemas e desafios.<\/p>\n<p>J\u00e1 h\u00e1 algum tempo defendemos que o Paradigma Qu\u00e2ntico \u2013 Relativ\u00edstico &#8211; Hologr\u00e1fico, oferece uma base cient\u00edfica s\u00f3lida capaz de contemplar o hemisf\u00e9rio esquerdo cerebral (racional, objetivo e anal\u00edtico), bem como do hemisf\u00e9rio direito (hol\u00edstico, intuitivo e sint\u00e9tico).<\/p>\n<p>Temos um conhecimento capaz de integrar a ci\u00eancia com uma espiritualidade genu\u00edna. Tal conhecimento nos permite acessar a sofisticada tecnologia do ser interior, capaz de proporcionar o t\u00e3o esperado salto qu\u00e2ntico de transforma\u00e7\u00e3o que nos conduza a ser mais felizes e mais saud\u00e1veis, em todas as dimens\u00f5es: f\u00edsica, mental, emocional e espiritual.<\/p>\n<p>Quando falamos em Sa\u00fade Qu\u00e2ntica, estamos nos referindo a essa sa\u00fade multidimensional, na qual TUDO \u00c9 ALIMENTO. O que muda \u00e9 apenas a freq\u00fc\u00eancia desse aspecto vibracional da exist\u00eancia, como nos ensina a Teoria Qu\u00e2ntica.<\/p>\n<p>Atentos a essa dimens\u00e3o energ\u00e9tica e informacional (vibracional) da exist\u00eancia, estaremos prontos para o anunciado fim do mundo que acontecer\u00e1 no decorrer desse ano de 2012.<\/p>\n<p>Come\u00e7aremos, assim, pelo cuidado com o nosso planeta, a nossa M\u00e3e Terra. Buscando nos alimentar de produtos agroecol\u00f3gicos e reduzindo o consumo de industrializados, estaremos valorizando aqueles que lidam com a terra com o devido respeito, sem envenen\u00e1-la e respeitando as suas leis pr\u00f3prias.<\/p>\n<p>A seguir, vem o cuidado com o nosso templo, o qual \u00e9 o nosso corpo, que os hindus chamam de corpo de alimento, POIS O QUE COMEMOS SE TRANSFORMA EM NOSSO CORPO.<\/p>\n<p>Bilh\u00f5es de anos foram necess\u00e1rios para desenvolver essa rara tecnologia e cuja melodia \u00fanica precisa estar em harmonia com os sons genu\u00ednos da natureza.<\/p>\n<p>Por isso, a aten\u00e7\u00e3o na qualidade do que comemos e bebemos \u00e9 fundamental para o corpo expressar a sua m\u00fasica interior de sa\u00fade e bem estar.<\/p>\n<p>Infelizmente, grande parte da humanidade se rendeu aos v\u00edcios alimentares que fazem com que adoe\u00e7amos em r\u00edtmo acelerado.<\/p>\n<p>Outro alimento fundamental para a sa\u00fade do nosso corpo \u00e9 a qualidade do que pensamos e do que sentimos.<\/p>\n<p>As recentes descobertas da<br \/>\nPsiconeuroimunologia nos avisa que n\u00e3o h\u00e1 como pensar e sentir sem afetar o corpo.<\/p>\n<p>Por isso, de agora em diante dev\u00edamos nos referir ao corpo-mente, quando falamos do nosso corpo.<\/p>\n<p>Da\u00ed \u00e9 que os velhos programas, os velhos softwares, capazes de nos colocar para baixo e de negar o nosso poder pessoal, precisam ser substitu\u00eddos.<\/p>\n<p>O mundo exterior n\u00e3o vai ficar uma maravilha de uma hora para a outra sem que acessemos novos programas, estimulando, assim, novas redes neuronais capazes de afetar positivamente as nossas cren\u00e7as limitantes.<\/p>\n<p>O fim do mundo estar\u00e1 bem pr\u00f3ximo quando soubermos utilizar o imenso manancial do nosso corpo-mente e resgatar conscientemente o papel de criadores do nosso pr\u00f3prio mundo.<\/p>\n<p>Desse modo, abrimos caminho para dimens\u00e3o espiritual, que nada mais \u00e9 do que compreender que leis invis\u00edveis, regidas por uma \u00e9tica c\u00f3smica fazem parte da constru\u00e7\u00e3o da nossa realidade a cada instante.<\/p>\n<p>Todos os nossos pensamentos, sentimentos e emo\u00e7\u00f5es s\u00e3o a mat\u00e9ria prima para a constru\u00e7\u00e3o dessa realidade.<\/p>\n<p>AS NOSSAS A\u00c7\u00d5ES SEMPRE VOLTAM PARA N\u00d3S MESMOS.<\/p>\n<p>Fazemos parte da melodia que estamos compondo e n\u00e3o h\u00e1 como fechar os ouvidos e deix\u00e1-la de ouvir tamb\u00e9m. Na verdade, compomos a m\u00fasica da exist\u00eancia, sobretudo para n\u00f3s mesmos. Da\u00ed que a imensid\u00e3o de acordes que se tornar\u00e3o em novas e harm\u00f4nicas melodias s\u00e3o as possibilidades que temos de afinar o nosso instrumento interior cada vez melhor para nos inserir na grande sinfonia c\u00f3smica do Universo, mais felizes e mais saud\u00e1veis.<\/p>\n<p>Sendo assim, devemos estar atentos aos inimigos externos que desejarem sabotar e desvalorizar a nossa cria\u00e7\u00e3o, mas sobretudo devemos estar atentos aos inimigos internos, as nossas cren\u00e7as limitantes, que constru\u00edram a maioria dos nossos obst\u00e1culos. Estes s\u00e3o implac\u00e1veis e n\u00e3o h\u00e1 nem como se distanciar deles, pois nos acompanham 24 horas por dia at\u00e9 quando estamos dormindo. Um dos nossos maiores inimigos \u00e9 o julgamento, pois quando julgamos constru\u00edmos um obst\u00e1culo futuro para n\u00f3s mesmos.<\/p>\n<p>O exerc\u00edcio do perd\u00e3o, da gratid\u00e3o e, sobretudo, do amor \u00e9 o nosso maior aliado para a alquimia da transforma\u00e7\u00e3o do nosso mundo interior.<\/p>\n<p>Que 2012 seja o ano em que todos n\u00f3s ousemos acessar os melhores acordes para cantar a can\u00e7\u00e3o de um novo mundo, resultado da nossa mais nova cria\u00e7\u00e3o.<\/p>\n<p>Um Feliz e Saud\u00e1vel 2012 para todos (as)!!!<\/p>\n<p>Wallace Liimaa<br \/>\n<span style=\"font-size: x-small;\">www.saudequantum.com<\/span><\/p>\n","protected":false},"excerpt":{"rendered":"<p>Por Wallace Liimaa\u00a0 wallacepan@gmail.com Retornando de viagem e nos reconectando ao mundo virtual, eis que j\u00e1 nos encontramos em pleno 2012, o ano que em fun\u00e7\u00e3o das Profecias Maia e de outros povos, muito se espera em termos de acontecimentos fant\u00e1sticos e at\u00e9 mesmo catastr\u00f3ficos. Astronomicamente falando, o que sabemos \u00e9 que o nosso planeta [&hellip;]<\/p>\n","protected":false},"author":1,"featured_media":0,"comment_status":"open","ping_status":"open","sticky":false,"template":"","format":"standard","meta":{"om_disable_all_campaigns":false,"_monsterinsights_skip_tracking":false,"_monsterinsights_sitenote_active":false,"_monsterinsights_sitenote_note":"","_monsterinsights_sitenote_category":0,"footnotes":""},"categories":[10],"tags":[25],"acf":[],"publishpress_future_action":{"enabled":false,"date":"1969-12-31 21:00:00","action":"","terms":[],"taxonomy":"","browser_timezone_offset":0},"_links":{"self":[{"href":"https:\/\/portalfloresnoar.com\/floresnoar\/wp-json\/wp\/v2\/posts\/269"}],"collection":[{"href":"https:\/\/portalfloresnoar.com\/floresnoar\/wp-json\/wp\/v2\/posts"}],"about":[{"href":"https:\/\/portalfloresnoar.com\/floresnoar\/wp-json\/wp\/v2\/types\/post"}],"author":[{"embeddable":true,"href":"https:\/\/portalfloresnoar.com\/floresnoar\/wp-json\/wp\/v2\/users\/1"}],"replies":[{"embeddable":true,"href":"https:\/\/portalfloresnoar.com\/floresnoar\/wp-json\/wp\/v2\/comments?post=269"}],"version-history":[{"count":0,"href":"https:\/\/portalfloresnoar.com\/floresnoar\/wp-json\/wp\/v2\/posts\/269\/revisions"}],"wp:attachment":[{"href":"https:\/\/portalfloresnoar.com\/floresnoar\/wp-json\/wp\/v2\/media?parent=269"}],"wp:term":[{"taxonomy":"category","embeddable":true,"href":"https:\/\/portalfloresnoar.com\/floresnoar\/wp-json\/wp\/v2\/categories?post=269"},{"taxonomy":"post_tag","embeddable":true,"href":"https:\/\/portalfloresnoar.com\/floresnoar\/wp-json\/wp\/v2\/tags?post=269"}],"curies":[{"name":"wp","href":"https:\/\/api.w.org\/{rel}","templated":true}]}}