

{"id":26759,"date":"2016-08-25T11:00:21","date_gmt":"2016-08-25T14:00:21","guid":{"rendered":"http:\/\/portalfloresnoar.com\/floresnoar\/?p=26759"},"modified":"2016-11-08T14:25:50","modified_gmt":"2016-11-08T17:25:50","slug":"agenda-pe-oficina-a-crianca-e-o-adolescente-na-familia-dia-311-no-horizonte-desenvolvimento-humano","status":"publish","type":"post","link":"https:\/\/portalfloresnoar.com\/floresnoar\/agenda-pe-oficina-a-crianca-e-o-adolescente-na-familia-dia-311-no-horizonte-desenvolvimento-humano\/","title":{"rendered":"[AGENDA PE] Oficina \u2018A Crian\u00e7a e o Adolescente na Fam\u00edlia&#8217; dia 3\/11 no Horizonte Desenvolvimento Humano"},"content":{"rendered":"<p><img decoding=\"async\" loading=\"lazy\" class=\"aligncenter size-full wp-image-26760\" alt=\"oficina-a-crianca-e-o-adolescente-na-familia\" src=\"http:\/\/portalfloresnoar.com\/floresnoar\/wp-content\/uploads\/2016\/10\/Oficina-A-Crian\u00e7a-e-o-Adolescente-na-Fam\u00edlia.jpg\" width=\"714\" height=\"621\" srcset=\"https:\/\/portalfloresnoar.com\/floresnoar\/wp-content\/uploads\/2016\/10\/Oficina-A-Crian\u00e7a-e-o-Adolescente-na-Fam\u00edlia.jpg 714w, https:\/\/portalfloresnoar.com\/floresnoar\/wp-content\/uploads\/2016\/10\/Oficina-A-Crian\u00e7a-e-o-Adolescente-na-Fam\u00edlia-300x260.jpg 300w\" sizes=\"(max-width: 714px) 100vw, 714px\" \/><\/p>\n<p>O Horizonte Desenvolvimento Humano realiza no dia 3 de novembro, \u00e0s 19h, a oficina te\u00f3rico-vivencial \u2018A Crian\u00e7a e o Adolescente na Fam\u00edlia&#8217;. O encontro ser\u00e1 facilitado pelas psic\u00f3logas Corporal, de Fam\u00edlia e arteterapeutas Ana Sacerdote, Edna Lopes, Fernanda Andrade Lima, Jane Cavalcanti e Reveca Bouqvar.<\/p>\n<p>\u201cA proposta desta din\u00e2mica \u00e9 oferecer aos participantes um di\u00e1logo sobre as crian\u00e7as e os adolescentes na fam\u00edlia contempor\u00e2nea que v\u00eam sofrendo tantas mudan\u00e7as nos \u00faltimos 50 anos, bem como, vivenciar pr\u00e1ticas l\u00fadicas e expressivas que possibilitam o uso de novas ferramentas para desenvolvimento e de solu\u00e7\u00e3o dos conflitos dos sistemas familiares, especialmente nas quest\u00f5es que interferem nas crian\u00e7as e adolescentes&#8221;, declaram as facilitadoras.<\/p>\n<p><strong>Data:<\/strong> 3 de novembro de 2016<br \/>\n<strong>Hora:<\/strong> 19h<br \/>\n<strong>Local:<\/strong> Horizonte \u2013 Desenvolvimento Humano. Rua Joaquim Xavier de Andrade, 117, Po\u00e7o da Panela- Recife \/PE<br \/>\n<strong>Fones:<\/strong> (81) 3268.6588\/ 99504.2219 (WhatsApp)<br \/>\n<strong>Inscri\u00e7\u00f5es:<\/strong> R$ 50,00 (vagas limitadas)<\/p>\n","protected":false},"excerpt":{"rendered":"<p>O Horizonte Desenvolvimento Humano realiza no dia 3 de novembro, \u00e0s 19h, a oficina te\u00f3rico-vivencial \u2018A Crian\u00e7a e o Adolescente na Fam\u00edlia&#8217;. O encontro ser\u00e1 facilitado pelas psic\u00f3logas Corporal, de Fam\u00edlia e arteterapeutas Ana Sacerdote, Edna Lopes, Fernanda Andrade Lima, Jane Cavalcanti e Reveca Bouqvar. \u201cA proposta desta din\u00e2mica \u00e9 oferecer aos participantes um di\u00e1logo [&hellip;]<\/p>\n","protected":false},"author":1,"featured_media":26760,"comment_status":"open","ping_status":"open","sticky":false,"template":"","format":"standard","meta":{"om_disable_all_campaigns":false,"_monsterinsights_skip_tracking":false,"_monsterinsights_sitenote_active":false,"_monsterinsights_sitenote_note":"","_monsterinsights_sitenote_category":0,"footnotes":""},"categories":[8,214],"tags":[369,223,328],"acf":[],"publishpress_future_action":{"enabled":false,"date":"1969-12-31 21:00:00","action":"","terms":[],"taxonomy":"","browser_timezone_offset":0},"_links":{"self":[{"href":"https:\/\/portalfloresnoar.com\/floresnoar\/wp-json\/wp\/v2\/posts\/26759"}],"collection":[{"href":"https:\/\/portalfloresnoar.com\/floresnoar\/wp-json\/wp\/v2\/posts"}],"about":[{"href":"https:\/\/portalfloresnoar.com\/floresnoar\/wp-json\/wp\/v2\/types\/post"}],"author":[{"embeddable":true,"href":"https:\/\/portalfloresnoar.com\/floresnoar\/wp-json\/wp\/v2\/users\/1"}],"replies":[{"embeddable":true,"href":"https:\/\/portalfloresnoar.com\/floresnoar\/wp-json\/wp\/v2\/comments?post=26759"}],"version-history":[{"count":0,"href":"https:\/\/portalfloresnoar.com\/floresnoar\/wp-json\/wp\/v2\/posts\/26759\/revisions"}],"wp:featuredmedia":[{"embeddable":true,"href":"https:\/\/portalfloresnoar.com\/floresnoar\/wp-json\/wp\/v2\/media\/26760"}],"wp:attachment":[{"href":"https:\/\/portalfloresnoar.com\/floresnoar\/wp-json\/wp\/v2\/media?parent=26759"}],"wp:term":[{"taxonomy":"category","embeddable":true,"href":"https:\/\/portalfloresnoar.com\/floresnoar\/wp-json\/wp\/v2\/categories?post=26759"},{"taxonomy":"post_tag","embeddable":true,"href":"https:\/\/portalfloresnoar.com\/floresnoar\/wp-json\/wp\/v2\/tags?post=26759"}],"curies":[{"name":"wp","href":"https:\/\/api.w.org\/{rel}","templated":true}]}}