

{"id":26739,"date":"2016-08-24T20:57:30","date_gmt":"2016-08-24T23:57:30","guid":{"rendered":"http:\/\/portalfloresnoar.com\/floresnoar\/?p=26739"},"modified":"2016-10-31T14:22:08","modified_gmt":"2016-10-31T17:22:08","slug":"agenda-pe-46o-cultura-veg-ativismo-interseccional-com-sandra-guimaraes-nesta-quinta-na-livraria-cultura","status":"publish","type":"post","link":"https:\/\/portalfloresnoar.com\/floresnoar\/agenda-pe-46o-cultura-veg-ativismo-interseccional-com-sandra-guimaraes-nesta-quinta-na-livraria-cultura\/","title":{"rendered":"[AGENDA PE] 46\u00ba Cultura Veg: Ativismo interseccional, com Sandra Guimar\u00e3es dia 27\/10\/16"},"content":{"rendered":"<figure id=\"attachment_26740\" aria-describedby=\"caption-attachment-26740\" style=\"width: 396px\" class=\"wp-caption alignleft\"><img decoding=\"async\" loading=\"lazy\" class=\"wp-image-26740 \" alt=\"sandra-guimaraes\" src=\"http:\/\/portalfloresnoar.com\/floresnoar\/wp-content\/uploads\/2016\/10\/sandra-guimaraes.jpg\" width=\"396\" height=\"229\" srcset=\"https:\/\/portalfloresnoar.com\/floresnoar\/wp-content\/uploads\/2016\/10\/sandra-guimaraes.jpg 660w, https:\/\/portalfloresnoar.com\/floresnoar\/wp-content\/uploads\/2016\/10\/sandra-guimaraes-300x173.jpg 300w\" sizes=\"(max-width: 396px) 100vw, 396px\" \/><figcaption id=\"caption-attachment-26740\" class=\"wp-caption-text\">Sandra Guimar\u00e3es publica suas receitas e descobertas no blog Papa Capim Veg<\/figcaption><\/figure>\n<p style=\"text-align: left;\">O 46\u00ba Cultura Veg acontece no dia 27 de outubro, \u00e0s 19h, na Livraria Cultura (Pa\u00e7o Alf\u00e2ndega) e abordar\u00e1 o tema &#8216;Ativismo interseccional: quando os direitos animais encontram os direitos humanos&#8217;, com Sandra Guimar\u00e3es.<\/p>\n<p>Sandra Guimar\u00e3es \u00e9 \u201clinguista de forma\u00e7\u00e3o, cozinheira por voca\u00e7\u00e3o e ativista de cora\u00e7\u00e3o\u201d. Blogueira, publica suas receitas e descobertas no Papa Capim Veg (<a href=\"http:\/\/www.papacapim.org\" target=\"_blank\">http:\/\/www.papacapim.org<\/a>), site de ativismo gastron\u00f4mico e divulga\u00e7\u00e3o do seu trabalho com a culin\u00e1ria vegetal.<\/p>\n<p>Formou-se em 2007, em Paris, com especializa\u00e7\u00e3o em psicolingu\u00edstica e aquisi\u00e7\u00e3o da linguagem. Apesar de adorar o estudo, \u201cqueria fazer algo com um significado maior, altru\u00edsta, humanit\u00e1rio: queria transformar o mundo em um lugar melhor.\u201d Ao se tornar vegana, Sandra escreveu o artigo \u201cA import\u00e2ncia de ser vegetariano\u201d para alertar amigos e parentes \u201csobre a incr\u00edvel descoberta que tinha feito\u201d. Com uma ou outra exce\u00e7\u00e3o, a turma n\u00e3o deu a m\u00ednima. Mas enquanto pesquisava e escrevia, ela se encontrou. Parou o mestrado, optou por ser autodidata e aos poucos come\u00e7ou a trabalhar com culin\u00e1ria. \u201cO ativismo entrou na minha vida um pouco depois e realizei o sonho de trabalhar fazendo o bem\u201d. Sandra investe sua energia em prol de dois regimes: o da paz entre os homens e o vegetarianismo.<\/p>\n<p>Neste m\u00eas n\u00e3o ser\u00e1 necess\u00e1ria pr\u00e9-inscri\u00e7\u00e3o, \u00e9 s\u00f3 chegar!<\/p>\n<p>Lanche vegano gr\u00e1tis, por\u00a0<a href=\"https:\/\/www.facebook.com\/danysantosculinarista\/\">Dany Santos Cozinha Natural<\/a>!<\/p>\n<p>Evento no Facebook:\u00a0<a href=\"https:\/\/www.facebook.com\/events\/1205461436142020\/\" target=\"_blank\">https:\/\/www.facebook.com\/events\/1205461436142020\/<\/a><\/p>\n","protected":false},"excerpt":{"rendered":"<p>O 46\u00ba Cultura Veg acontece no dia 27 de outubro, \u00e0s 19h, na Livraria Cultura (Pa\u00e7o Alf\u00e2ndega) e abordar\u00e1 o tema &#8216;Ativismo interseccional: quando os direitos animais encontram os direitos humanos&#8217;, com Sandra Guimar\u00e3es. Sandra Guimar\u00e3es \u00e9 \u201clinguista de forma\u00e7\u00e3o, cozinheira por voca\u00e7\u00e3o e ativista de cora\u00e7\u00e3o\u201d. Blogueira, publica suas receitas e descobertas no Papa [&hellip;]<\/p>\n","protected":false},"author":1,"featured_media":26740,"comment_status":"open","ping_status":"open","sticky":false,"template":"","format":"standard","meta":{"om_disable_all_campaigns":false,"_monsterinsights_skip_tracking":false,"_monsterinsights_sitenote_active":false,"_monsterinsights_sitenote_note":"","_monsterinsights_sitenote_category":0,"footnotes":""},"categories":[8,214],"tags":[305,162],"acf":[],"publishpress_future_action":{"enabled":false,"date":"1969-12-31 21:00:00","action":"","terms":[],"taxonomy":"","browser_timezone_offset":0},"_links":{"self":[{"href":"https:\/\/portalfloresnoar.com\/floresnoar\/wp-json\/wp\/v2\/posts\/26739"}],"collection":[{"href":"https:\/\/portalfloresnoar.com\/floresnoar\/wp-json\/wp\/v2\/posts"}],"about":[{"href":"https:\/\/portalfloresnoar.com\/floresnoar\/wp-json\/wp\/v2\/types\/post"}],"author":[{"embeddable":true,"href":"https:\/\/portalfloresnoar.com\/floresnoar\/wp-json\/wp\/v2\/users\/1"}],"replies":[{"embeddable":true,"href":"https:\/\/portalfloresnoar.com\/floresnoar\/wp-json\/wp\/v2\/comments?post=26739"}],"version-history":[{"count":0,"href":"https:\/\/portalfloresnoar.com\/floresnoar\/wp-json\/wp\/v2\/posts\/26739\/revisions"}],"wp:featuredmedia":[{"embeddable":true,"href":"https:\/\/portalfloresnoar.com\/floresnoar\/wp-json\/wp\/v2\/media\/26740"}],"wp:attachment":[{"href":"https:\/\/portalfloresnoar.com\/floresnoar\/wp-json\/wp\/v2\/media?parent=26739"}],"wp:term":[{"taxonomy":"category","embeddable":true,"href":"https:\/\/portalfloresnoar.com\/floresnoar\/wp-json\/wp\/v2\/categories?post=26739"},{"taxonomy":"post_tag","embeddable":true,"href":"https:\/\/portalfloresnoar.com\/floresnoar\/wp-json\/wp\/v2\/tags?post=26739"}],"curies":[{"name":"wp","href":"https:\/\/api.w.org\/{rel}","templated":true}]}}