

{"id":26730,"date":"2016-09-04T12:07:48","date_gmt":"2016-09-04T15:07:48","guid":{"rendered":"http:\/\/portalfloresnoar.com\/floresnoar\/?p=26730"},"modified":"2016-10-31T14:22:58","modified_gmt":"2016-10-31T17:22:58","slug":"agenda-pe-festival-as-bruxas-de-santo-antao-acontece-neste-sabado","status":"publish","type":"post","link":"https:\/\/portalfloresnoar.com\/floresnoar\/agenda-pe-festival-as-bruxas-de-santo-antao-acontece-neste-sabado\/","title":{"rendered":"[AGENDA PE] Festival As Bruxas de Santo Ant\u00e3o dia 29\/10\/16"},"content":{"rendered":"<p><img decoding=\"async\" loading=\"lazy\" class=\"aligncenter size-full wp-image-26736\" alt=\"festival-as-bruxas-de-santo-antao\" src=\"http:\/\/portalfloresnoar.com\/floresnoar\/wp-content\/uploads\/2016\/10\/festival-as-bruxas-de-santo-ant\u00e3o.jpg\" width=\"478\" height=\"600\" srcset=\"https:\/\/portalfloresnoar.com\/floresnoar\/wp-content\/uploads\/2016\/10\/festival-as-bruxas-de-santo-ant\u00e3o.jpg 478w, https:\/\/portalfloresnoar.com\/floresnoar\/wp-content\/uploads\/2016\/10\/festival-as-bruxas-de-santo-ant\u00e3o-239x300.jpg 239w\" sizes=\"(max-width: 478px) 100vw, 478px\" \/><\/p>\n<p>As Bruxas de Santo Ant\u00e3o \u00e9 um festival-manifesto de m\u00fasica e poesia que acontece em Santo Ant\u00e3o da Mata durante a alta primavera, quando a Natureza se espalha em gorjeio de fadas, elfos, centauros e borboletas, no desabrochar da fauna e flora, se alinhando com a Terra acobertada pelo manto da lua-nova.<\/p>\n<p>Este ano o festival acontece no dia 29 de outubro, \u00e0s 19h, no Sipa\u00fabar, o p\u00e1tio mais f\u00e9rtil da poesia e m\u00fasica alternativa em Santo Ant\u00e3o da Mata, onde diversos festivais Rock\u2018n Roll aconteceram.<\/p>\n<p><strong>PROGRAMA\u00c7\u00c3O\u00a0<\/strong><br \/>\nAdega Vazia<br \/>\nPoesia de Improviso<br \/>\nC\u00e9lio Lima<br \/>\nGermano Rabelo<br \/>\nKleber Oliveira<br \/>\nLuann Ribeiro<br \/>\nJonatas Onofre<br \/>\nAnt\u00f4nio de Hollanda<br \/>\nLu Rabelo<br \/>\nAna\u00edra Mahin<br \/>\nRildo de Deus<\/p>\n<p>Nessa edi\u00e7\u00e3o do festival tamb\u00e9m acontecer\u00e1 o lan\u00e7amento do livreto, &#8216;O poeta e o tarot&#8217;, de autoria de Rildo de Deus. S\u00e3o poemas inspirados nos arcanos maiores do baralho, trazendo o lirismo simb\u00f3lico de cada carta.<\/p>\n<p><strong>Festival As Bruxas de Santo Ant\u00e3o<\/strong><br \/>\n<strong>Dia:<\/strong> 29\/10\/2016<br \/>\n<strong>Hora:<\/strong> 19h<br \/>\n<strong>Local:<\/strong> Sipa\u00fabar (fica na primeira \u00e0 esquerda subindo pela rua Melo Ver\u00e7osa em sua \u00fanica viela, perto da Del\u00edcia do Trigo)<\/p>\n<p><strong>Evento no Facebook:\u00a0<\/strong><a href=\"https:\/\/www.facebook.com\/events\/1114889561881536\/permalink\/1130560586981100\/\" target=\"_blank\">https:\/\/www.facebook.com\/events\/1114889561881536\/permalink\/1130560586981100\/<\/a><\/p>\n","protected":false},"excerpt":{"rendered":"<p>As Bruxas de Santo Ant\u00e3o \u00e9 um festival-manifesto de m\u00fasica e poesia que acontece em Santo Ant\u00e3o da Mata durante a alta primavera, quando a Natureza se espalha em gorjeio de fadas, elfos, centauros e borboletas, no desabrochar da fauna e flora, se alinhando com a Terra acobertada pelo manto da lua-nova. Este ano o [&hellip;]<\/p>\n","protected":false},"author":1,"featured_media":26733,"comment_status":"open","ping_status":"open","sticky":false,"template":"","format":"standard","meta":{"om_disable_all_campaigns":false,"_monsterinsights_skip_tracking":false,"_monsterinsights_sitenote_active":false,"_monsterinsights_sitenote_note":"","_monsterinsights_sitenote_category":0,"footnotes":""},"categories":[8,214],"tags":[336,31,51],"acf":[],"publishpress_future_action":{"enabled":false,"date":"1969-12-31 21:00:00","action":"","terms":[],"taxonomy":"","browser_timezone_offset":0},"_links":{"self":[{"href":"https:\/\/portalfloresnoar.com\/floresnoar\/wp-json\/wp\/v2\/posts\/26730"}],"collection":[{"href":"https:\/\/portalfloresnoar.com\/floresnoar\/wp-json\/wp\/v2\/posts"}],"about":[{"href":"https:\/\/portalfloresnoar.com\/floresnoar\/wp-json\/wp\/v2\/types\/post"}],"author":[{"embeddable":true,"href":"https:\/\/portalfloresnoar.com\/floresnoar\/wp-json\/wp\/v2\/users\/1"}],"replies":[{"embeddable":true,"href":"https:\/\/portalfloresnoar.com\/floresnoar\/wp-json\/wp\/v2\/comments?post=26730"}],"version-history":[{"count":0,"href":"https:\/\/portalfloresnoar.com\/floresnoar\/wp-json\/wp\/v2\/posts\/26730\/revisions"}],"wp:featuredmedia":[{"embeddable":true,"href":"https:\/\/portalfloresnoar.com\/floresnoar\/wp-json\/wp\/v2\/media\/26733"}],"wp:attachment":[{"href":"https:\/\/portalfloresnoar.com\/floresnoar\/wp-json\/wp\/v2\/media?parent=26730"}],"wp:term":[{"taxonomy":"category","embeddable":true,"href":"https:\/\/portalfloresnoar.com\/floresnoar\/wp-json\/wp\/v2\/categories?post=26730"},{"taxonomy":"post_tag","embeddable":true,"href":"https:\/\/portalfloresnoar.com\/floresnoar\/wp-json\/wp\/v2\/tags?post=26730"}],"curies":[{"name":"wp","href":"https:\/\/api.w.org\/{rel}","templated":true}]}}