

{"id":26688,"date":"2016-09-18T15:23:01","date_gmt":"2016-09-18T18:23:01","guid":{"rendered":"http:\/\/portalfloresnoar.com\/floresnoar\/?p=26688"},"modified":"2016-10-27T10:58:26","modified_gmt":"2016-10-27T13:58:26","slug":"agenda-pe-terapia-consciencial-e-cromoterapia-clinica-com-a-terapeuta-cecilia-padilha","status":"publish","type":"post","link":"https:\/\/portalfloresnoar.com\/floresnoar\/agenda-pe-terapia-consciencial-e-cromoterapia-clinica-com-a-terapeuta-cecilia-padilha\/","title":{"rendered":"[AGENDA PE] Terapia Consciencial e Cromoterapia Cl\u00ednica com a terapeuta Cec\u00edlia Padilha"},"content":{"rendered":"<p><img decoding=\"async\" loading=\"lazy\" class=\"aligncenter size-full wp-image-26690\" alt=\"terapia-consciencial\" src=\"http:\/\/portalfloresnoar.com\/floresnoar\/wp-content\/uploads\/2016\/10\/terapia-consciencial.jpg\" width=\"700\" height=\"1147\" srcset=\"https:\/\/portalfloresnoar.com\/floresnoar\/wp-content\/uploads\/2016\/10\/terapia-consciencial.jpg 700w, https:\/\/portalfloresnoar.com\/floresnoar\/wp-content\/uploads\/2016\/10\/terapia-consciencial-183x300.jpg 183w\" sizes=\"(max-width: 700px) 100vw, 700px\" \/><\/p>\n<p>A Terapeuta Cec\u00edlia Padilha oferece atendimentos em Terapia Consciencial \u2013 no formato de processo terap\u00eautico (de 04 a 12 sess\u00f5es) ou de atendimento \u00fanico (01 sess\u00e3o). Cec\u00edlia tamb\u00e9m faz aplica\u00e7\u00f5es em Cromoterapia Cl\u00ednica para disfun\u00e7\u00f5es f\u00edsicas ou emocionais.<\/p>\n<p>Terapia Consciencial no atendimento \u00fanico &#8211; Esse atendimento \u00e9 realizado em uma \u00fanica sess\u00e3o, com a finalidade de impulsionar a pessoa a AMPLIAR a percep\u00e7\u00e3o sobre si mesma, e sobre uma determinada situa\u00e7\u00e3o espec\u00edfica \u2013 conflitante &#8211; que ela esteja vivenciando nesse momento. \u00c9 o despertar, um novo olhar para esta quest\u00e3o que a incomoda e aflige, e passa a compreend\u00ea-la em uma nova vis\u00e3o, para ent\u00e3o, solucion\u00e1-la. Clique <span style=\"text-decoration: underline;\"><a href=\"http:\/\/www.ceciliapadilha.com.br\/Terapia-Consciencial-atendimento-unico\" target=\"_blank\">aqui <\/a><\/span>para conhecer.<\/p>\n<p>\u201cMuitas pessoas t\u00eam me procurado para tratar de v\u00e1rios assuntos que est\u00e3o sendo recorrentes em alguns sentimentos, questionamentos e impasses, como por exemplo: uns percebem-se deslocados ou perdidos, com um sentimento de vazio; outros n\u00e3o identificam quando chegou o fim de uma fase, seja no relacionamento ou no campo profissional, e qual o novo caminho a seguir; muitos v\u00eam tendo sentimentos de ansiedades, medos, estresses, com tend\u00eancias a adiar decis\u00f5es; outros, sentem certos desconfortos com as mudan\u00e7as que podem estar acontecendo na vida,\u201d comenta a terapeuta.<\/p>\n<p>Como tudo isso \u00e9 resultado das muitas transforma\u00e7\u00f5es que estamos passando nos variados aspectos da vida, ent\u00e3o \u00e9 nessa linha que atua a Terapia Consciencial no processo terap\u00eautico, onde se tem um maior apoio e orienta\u00e7\u00e3o espec\u00edfica para essas situa\u00e7\u00f5es. As pessoas se sentem mais acolhidas e compreendidas nas suas inquieta\u00e7\u00f5es. S\u00e3o sempre muitas perguntas para encontrar as respostas, explica a terapeuta. Clique <span style=\"text-decoration: underline;\"><a href=\"http:\/\/www.ceciliapadilha.com.br\/Terapia-Consciencial\" target=\"_blank\">aqui<\/a><\/span> para saber mais sobre a Terapia Consciencial.<\/p>\n<p>Cromoterapia Cl\u00ednica &#8211; \u00c9 um atendimento terap\u00eautico onde s\u00e3o realizadas aplica\u00e7\u00f5es de frequ\u00eancias, por meio das vibra\u00e7\u00f5es das cores, atrav\u00e9s do Bast\u00e3o Crom\u00e1tico, com Cristal Voguel 12 linhas \u2013 instrumento de cromoterapia que ajuda alterando a oscila\u00e7\u00e3o energ\u00e9tica defeituosa e dar ao \u00f3rg\u00e3o o estado de normalidade. As propriedades terap\u00eauticas de cada cor proporcionam a regenera\u00e7\u00e3o celular, fortalece o sistema imunol\u00f3gico, atua na preven\u00e7\u00e3o e cura de DOEN\u00c7AS F\u00cdSICAS E EMOCIONAIS . O emprego da frequ\u00eancia adequada, \u00e9 realizada atrav\u00e9s do aparelho de cromoterapia. S\u00e3o realizadas as aplica\u00e7\u00f5es, fazendo o uso das cores e procedimentos espec\u00edficos para o tratamento de cada disfun\u00e7\u00e3o. Segundo a Medicina Psicossom\u00e1tica, grande parte das doen\u00e7as t\u00eam origem na mente (pensamentos) e nas emo\u00e7\u00f5es. Clique <span style=\"text-decoration: underline;\"><a href=\"http:\/\/www.ceciliapadilha.com.br\/Cromoterapia\" target=\"_blank\">aqui<\/a> <\/span>para saber mais.<\/p>\n<p>Cec\u00edlia Padilha \u00e9 terapeuta consciencial, mentora e cromoterapeuta. Trabalha na linha Hol\u00edstica e Consciencial, tendo como eixo norteador, facilitar para o cliente, o processo de autoconhecimento, de auto-harmonia e de auto-cura. Nessa linha, atua h\u00e1 mais de 6 anos com atendimentos em consult\u00f3rio e online. Durante esse per\u00edodo, desenvolveu m\u00e9todos personalizados nessas \u00e1reas.<\/p>\n<p>Para conhecer mais sobre Cec\u00edlia Padilha e o trabalho que ela desenvolve, acesse o site <a href=\"http:\/\/www.ceciliapadilha.com.br\" target=\"_blank\">www.ceciliapadilha.com.br<\/a><\/p>\n<p>MAIS INFORMA\u00c7\u00d5ES<br \/>\n<strong>Fones:<\/strong>\u00a0(81) 9247 \u2013 9031 ( Whatsapp) \/ 9 85287544<br \/>\n<strong>E-mail:\u00a0<\/strong>cecilia.padilha.terapeuta@gmail.com<br \/>\n<strong>Facebook:\u00a0<\/strong><a href=\"https:\/\/www.facebook.com\/ceciliapadilha.com.br\" target=\"_blank\">https:\/\/www.facebook.com\/ceciliapadilha.com.br<\/a><br \/>\n<strong>Instagram\u00a0:\u00a0<\/strong><a href=\"https:\/\/www.instagram.com\/escolhas_conscientes\/\" target=\"_blank\">https:\/\/www.instagram.com\/escolhas_conscientes\/<\/a><\/p>\n","protected":false},"excerpt":{"rendered":"<p>A Terapeuta Cec\u00edlia Padilha oferece atendimentos em Terapia Consciencial \u2013 no formato de processo terap\u00eautico (de 04 a 12 sess\u00f5es) ou de atendimento \u00fanico (01 sess\u00e3o). Cec\u00edlia tamb\u00e9m faz aplica\u00e7\u00f5es em Cromoterapia Cl\u00ednica para disfun\u00e7\u00f5es f\u00edsicas ou emocionais. Terapia Consciencial no atendimento \u00fanico &#8211; Esse atendimento \u00e9 realizado em uma \u00fanica sess\u00e3o, com a finalidade [&hellip;]<\/p>\n","protected":false},"author":1,"featured_media":26689,"comment_status":"open","ping_status":"open","sticky":false,"template":"","format":"standard","meta":{"om_disable_all_campaigns":false,"_monsterinsights_skip_tracking":false,"_monsterinsights_sitenote_active":false,"_monsterinsights_sitenote_note":"","_monsterinsights_sitenote_category":0,"footnotes":""},"categories":[8,214],"tags":[135,356,127],"acf":[],"publishpress_future_action":{"enabled":false,"date":"1969-12-31 21:00:00","action":"","terms":[],"taxonomy":"","browser_timezone_offset":0},"_links":{"self":[{"href":"https:\/\/portalfloresnoar.com\/floresnoar\/wp-json\/wp\/v2\/posts\/26688"}],"collection":[{"href":"https:\/\/portalfloresnoar.com\/floresnoar\/wp-json\/wp\/v2\/posts"}],"about":[{"href":"https:\/\/portalfloresnoar.com\/floresnoar\/wp-json\/wp\/v2\/types\/post"}],"author":[{"embeddable":true,"href":"https:\/\/portalfloresnoar.com\/floresnoar\/wp-json\/wp\/v2\/users\/1"}],"replies":[{"embeddable":true,"href":"https:\/\/portalfloresnoar.com\/floresnoar\/wp-json\/wp\/v2\/comments?post=26688"}],"version-history":[{"count":0,"href":"https:\/\/portalfloresnoar.com\/floresnoar\/wp-json\/wp\/v2\/posts\/26688\/revisions"}],"wp:featuredmedia":[{"embeddable":true,"href":"https:\/\/portalfloresnoar.com\/floresnoar\/wp-json\/wp\/v2\/media\/26689"}],"wp:attachment":[{"href":"https:\/\/portalfloresnoar.com\/floresnoar\/wp-json\/wp\/v2\/media?parent=26688"}],"wp:term":[{"taxonomy":"category","embeddable":true,"href":"https:\/\/portalfloresnoar.com\/floresnoar\/wp-json\/wp\/v2\/categories?post=26688"},{"taxonomy":"post_tag","embeddable":true,"href":"https:\/\/portalfloresnoar.com\/floresnoar\/wp-json\/wp\/v2\/tags?post=26688"}],"curies":[{"name":"wp","href":"https:\/\/api.w.org\/{rel}","templated":true}]}}