

{"id":26659,"date":"2016-09-01T11:03:13","date_gmt":"2016-09-01T14:03:13","guid":{"rendered":"http:\/\/portalfloresnoar.com\/floresnoar\/?p=26659"},"modified":"2016-10-17T19:39:30","modified_gmt":"2016-10-17T22:39:30","slug":"agenda-ba-lu-rabelo-faz-show-autoral-neste-domingo-na-casa-antuak-em-salvador","status":"publish","type":"post","link":"https:\/\/portalfloresnoar.com\/floresnoar\/agenda-ba-lu-rabelo-faz-show-autoral-neste-domingo-na-casa-antuak-em-salvador\/","title":{"rendered":"[AGENDA BA] Lu Rabelo faz show autoral neste domingo na Casa Antuak, em Salvador"},"content":{"rendered":"<p><img decoding=\"async\" loading=\"lazy\" src=\"http:\/\/portalfloresnoar.com\/floresnoar\/wp-content\/uploads\/2016\/10\/lu-rabelo-e-antonio-de-hollanda.jpg\" alt=\"lu-rabelo-e-antonio-de-hollanda\" width=\"720\" height=\"405\" class=\"aligncenter size-full wp-image-26660\" srcset=\"https:\/\/portalfloresnoar.com\/floresnoar\/wp-content\/uploads\/2016\/10\/lu-rabelo-e-antonio-de-hollanda.jpg 720w, https:\/\/portalfloresnoar.com\/floresnoar\/wp-content\/uploads\/2016\/10\/lu-rabelo-e-antonio-de-hollanda-300x168.jpg 300w\" sizes=\"(max-width: 720px) 100vw, 720px\" \/><\/p>\n<p>A cantadeira candanga, radicalizada no Recife, Lu Rabelo, apresenta seu show po\u00e9tico-musical autoral no pr\u00f3ximo domingo (16\/10), \u00e0s 20h, na Casa Antuak, localizada no centro de salvador (bairro Dois de Julho). Lu estar\u00e1 acompanhada do violonista Ant\u00f4nio de Hollanda e o show contar\u00e1 ainda com as participa\u00e7\u00f5es do poeta e m\u00fasico Maviael Melo e do poeta Ivan Maia. Ap\u00f3s a apresenta\u00e7\u00e3o, o convite \u00e9 pra uma Jam Session com os artistas e p\u00fablico presentes. <\/p>\n<p>Lu Rabelo \u00e9 cantora, compositora e poeta. Atualmente est\u00e1 circulando com o trabalho autoral Cantadeira, composto de ritmos variados, incluindo blues, reggaes, xotes, coco, maracatu, ijex\u00e1\u2026 <\/p>\n<p>Guiadas pela intui\u00e7\u00e3o, emo\u00e7\u00e3o, espontaneidade e experimentalismo, as poesias e can\u00e7\u00f5es de Lu Rabelo t\u00eam como motes a Natureza, as Paix\u00f5es, a Poesia, o Tempo, o Ser&#8230; \u201cEscrever, compor, declamar, cantar me tornam inteira e nua. Acesso minha alma e expresso minha ess\u00eancia. Este \u00e9 o meu caminho de cura!\u201d, declara a cantadeira.<\/p>\n<p>A raiz pajeuzeira (a m\u00e3e \u00e9 de S\u00e3o Jos\u00e9 do Egito e o pai de Tupanaci, vilarejo de Mirandiba, ambos munic\u00edpios \u00e0 beira do rio Paje\u00fa, no Sert\u00e3o pernambucano), com forte pegada da Poesia Popular, \u00e9 evidente na obra da artista, que nasceu em Bras\u00edlia em 1973 e, entre idas e vindas, mora h\u00e1 mais de 30 anos no Recife.<\/p>\n<p>Dia: 16.10.2016<br \/>\nHora: 20h<br \/>\nLocal: Casa Antuak &#8211; Rua Democrata, n\u00ba 21, bairro Dois de Julho, Salvador\/BA<br \/>\nIngresso: Colabora\u00e7\u00e3o consciente! <\/p>\n<p>\u2665<\/p>\n","protected":false},"excerpt":{"rendered":"<p>A cantadeira candanga, radicalizada no Recife, Lu Rabelo, apresenta seu show po\u00e9tico-musical autoral no pr\u00f3ximo domingo (16\/10), \u00e0s 20h, na Casa Antuak, localizada no centro de salvador (bairro Dois de Julho). Lu estar\u00e1 acompanhada do violonista Ant\u00f4nio de Hollanda e o show contar\u00e1 ainda com as participa\u00e7\u00f5es do poeta e m\u00fasico Maviael Melo e do [&hellip;]<\/p>\n","protected":false},"author":1,"featured_media":26660,"comment_status":"open","ping_status":"open","sticky":false,"template":"","format":"standard","meta":{"om_disable_all_campaigns":false,"_monsterinsights_skip_tracking":false,"_monsterinsights_sitenote_active":false,"_monsterinsights_sitenote_note":"","_monsterinsights_sitenote_category":0,"footnotes":""},"categories":[8,217],"tags":[125],"acf":[],"publishpress_future_action":{"enabled":false,"date":"1969-12-31 21:00:00","action":"","terms":[],"taxonomy":"","browser_timezone_offset":0},"_links":{"self":[{"href":"https:\/\/portalfloresnoar.com\/floresnoar\/wp-json\/wp\/v2\/posts\/26659"}],"collection":[{"href":"https:\/\/portalfloresnoar.com\/floresnoar\/wp-json\/wp\/v2\/posts"}],"about":[{"href":"https:\/\/portalfloresnoar.com\/floresnoar\/wp-json\/wp\/v2\/types\/post"}],"author":[{"embeddable":true,"href":"https:\/\/portalfloresnoar.com\/floresnoar\/wp-json\/wp\/v2\/users\/1"}],"replies":[{"embeddable":true,"href":"https:\/\/portalfloresnoar.com\/floresnoar\/wp-json\/wp\/v2\/comments?post=26659"}],"version-history":[{"count":0,"href":"https:\/\/portalfloresnoar.com\/floresnoar\/wp-json\/wp\/v2\/posts\/26659\/revisions"}],"wp:featuredmedia":[{"embeddable":true,"href":"https:\/\/portalfloresnoar.com\/floresnoar\/wp-json\/wp\/v2\/media\/26660"}],"wp:attachment":[{"href":"https:\/\/portalfloresnoar.com\/floresnoar\/wp-json\/wp\/v2\/media?parent=26659"}],"wp:term":[{"taxonomy":"category","embeddable":true,"href":"https:\/\/portalfloresnoar.com\/floresnoar\/wp-json\/wp\/v2\/categories?post=26659"},{"taxonomy":"post_tag","embeddable":true,"href":"https:\/\/portalfloresnoar.com\/floresnoar\/wp-json\/wp\/v2\/tags?post=26659"}],"curies":[{"name":"wp","href":"https:\/\/api.w.org\/{rel}","templated":true}]}}