

{"id":26646,"date":"2016-09-02T09:53:25","date_gmt":"2016-09-02T12:53:25","guid":{"rendered":"http:\/\/portalfloresnoar.com\/floresnoar\/?p=26646"},"modified":"2016-10-26T10:19:22","modified_gmt":"2016-10-26T13:19:22","slug":"agenda-pe-encontro-de-religioes-de-24-a-28-de-outubro-no-recife","status":"publish","type":"post","link":"https:\/\/portalfloresnoar.com\/floresnoar\/agenda-pe-encontro-de-religioes-de-24-a-28-de-outubro-no-recife\/","title":{"rendered":"[AGENDA PE] Encontro de Religi\u00f5es de 24 a 28 de outubro no Recife"},"content":{"rendered":"<p><img decoding=\"async\" loading=\"lazy\" class=\"aligncenter size-full wp-image-26647\" alt=\"encontro-de-religioes\" src=\"http:\/\/portalfloresnoar.com\/floresnoar\/wp-content\/uploads\/2016\/10\/encontro-de-religi\u00f5es.jpg\" width=\"678\" height=\"960\" srcset=\"https:\/\/portalfloresnoar.com\/floresnoar\/wp-content\/uploads\/2016\/10\/encontro-de-religi\u00f5es.jpg 678w, https:\/\/portalfloresnoar.com\/floresnoar\/wp-content\/uploads\/2016\/10\/encontro-de-religi\u00f5es-211x300.jpg 211w\" sizes=\"(max-width: 678px) 100vw, 678px\" \/><\/p>\n<p>O Centro Cultural Georges Stobbaerts (CCGS) &#8211; Dojo Recife realizar\u00e1 o Encontro de Religi\u00f5es, pela primeira vez no seu recinto. Durante a semana de 24 a 28 de outubro, sempre \u00e0s 19h30, haver\u00e1 palestras sobre as principais tradi\u00e7\u00f5es espirituais, abordando o conte\u00fado, ritos e a riqueza de cada uma delas.<\/p>\n<p>PROGRAMA\u00c7\u00c3O<\/p>\n<p>24\/10 &#8211; SUFISMO , com o Prof. Dr. Murilo Alves (Universidade Federal de Alagoas)<\/p>\n<p>25\/10 &#8211; CANDOMBL\u00c9 -Babalorix\u00e1 Manoel Papai (S\u00edtio do Pai Ad\u00e3o)<\/p>\n<p>26\/10 &#8211; BUDISMO &#8211;\u00a0Dr. Giliate Coelho (Centro Zen do Recife)<\/p>\n<p>27\/10 &#8211; JUDA\u00cdSMO &#8211;\u00a0Prof. Dr. Caesar Sobreira (Universidade Federal Rural de Pernambuco),\u00a0Mashiguiah S\u00edlvio Kaufmann (S\u00e3o Paulo)<\/p>\n<p>28\/10 &#8211; CRISTIANISMO &#8211;\u00a0Prof. Dr. Artur Peregrino (Universidade Cat\u00f3lica de Pernambuco)<\/p>\n<p><em>Obs: No dia 28 haver\u00e1 tamb\u00e9m apresenta\u00e7\u00e3o do grupo de TenChi Tessen do CCGS<\/em><\/p>\n<p><strong>Local:<\/strong>\u00a0Centro Cultural Georges Stobbaerts \u2013 Dojo Recife &#8211; \u00a0Rua Padre Anchieta, 571, Torre, Recife<\/p>\n<p>MAIS INFORMA\u00c7\u00d5ES<br \/>\n<strong>Fones:<\/strong>\u00a0(81) 99961-0315 \/ 3076-3936<br \/>\n<strong>Facebook Encontro de Religi\u00f5es:<\/strong>\u00a0<a href=\"https:\/\/www.facebook.com\/Encontro-de-Religi\u00f5es-1122755521144234\" target=\"_blank\">https:\/\/www.facebook.com\/Encontro-de-Religi\u00f5es-1122755521144234<\/a><br \/>\n<strong>Facebook\u00a0Centro Cultural Georges Stobbaerts:\u00a0<\/strong><a href=\"https:\/\/www.facebook.com\/DojoRecife\/\" target=\"_blank\">https:\/\/www.facebook.com\/DojoRecife\/<\/a><\/p>\n<p><em>Confira abaixo mais informa\u00e7\u00f5es sobre os palestrantes!<\/em><\/p>\n<p><img decoding=\"async\" loading=\"lazy\" class=\"aligncenter size-full wp-image-26649\" alt=\"palestrantes-1\" src=\"http:\/\/portalfloresnoar.com\/floresnoar\/wp-content\/uploads\/2016\/10\/palestrantes-1.jpg\" width=\"301\" height=\"649\" srcset=\"https:\/\/portalfloresnoar.com\/floresnoar\/wp-content\/uploads\/2016\/10\/palestrantes-1.jpg 301w, https:\/\/portalfloresnoar.com\/floresnoar\/wp-content\/uploads\/2016\/10\/palestrantes-1-139x300.jpg 139w\" sizes=\"(max-width: 301px) 100vw, 301px\" \/> <img decoding=\"async\" loading=\"lazy\" class=\"aligncenter size-full wp-image-26650\" alt=\"palestrantes-2\" src=\"http:\/\/portalfloresnoar.com\/floresnoar\/wp-content\/uploads\/2016\/10\/palestrantes-2.jpg\" width=\"303\" height=\"651\" srcset=\"https:\/\/portalfloresnoar.com\/floresnoar\/wp-content\/uploads\/2016\/10\/palestrantes-2.jpg 303w, https:\/\/portalfloresnoar.com\/floresnoar\/wp-content\/uploads\/2016\/10\/palestrantes-2-139x300.jpg 139w\" sizes=\"(max-width: 303px) 100vw, 303px\" \/> <img decoding=\"async\" loading=\"lazy\" class=\"aligncenter size-full wp-image-26651\" alt=\"palestrantes-encontro-religioes\" src=\"http:\/\/portalfloresnoar.com\/floresnoar\/wp-content\/uploads\/2016\/10\/palestrantes-encontro-religi\u00f5es.jpg\" width=\"306\" height=\"646\" srcset=\"https:\/\/portalfloresnoar.com\/floresnoar\/wp-content\/uploads\/2016\/10\/palestrantes-encontro-religi\u00f5es.jpg 306w, https:\/\/portalfloresnoar.com\/floresnoar\/wp-content\/uploads\/2016\/10\/palestrantes-encontro-religi\u00f5es-142x300.jpg 142w\" sizes=\"(max-width: 306px) 100vw, 306px\" \/><\/p>\n<p><img decoding=\"async\" loading=\"lazy\" class=\"size-full wp-image-26652 alignnone\" alt=\"ccgs\" src=\"http:\/\/portalfloresnoar.com\/floresnoar\/wp-content\/uploads\/2016\/10\/ccgs.jpg\" width=\"255\" height=\"87\" \/><\/p>\n","protected":false},"excerpt":{"rendered":"<p>O Centro Cultural Georges Stobbaerts (CCGS) &#8211; Dojo Recife realizar\u00e1 o Encontro de Religi\u00f5es, pela primeira vez no seu recinto. Durante a semana de 24 a 28 de outubro, sempre \u00e0s 19h30, haver\u00e1 palestras sobre as principais tradi\u00e7\u00f5es espirituais, abordando o conte\u00fado, ritos e a riqueza de cada uma delas. PROGRAMA\u00c7\u00c3O 24\/10 &#8211; SUFISMO , [&hellip;]<\/p>\n","protected":false},"author":1,"featured_media":26648,"comment_status":"open","ping_status":"open","sticky":false,"template":"","format":"standard","meta":{"om_disable_all_campaigns":false,"_monsterinsights_skip_tracking":false,"_monsterinsights_sitenote_active":false,"_monsterinsights_sitenote_note":"","_monsterinsights_sitenote_category":0,"footnotes":""},"categories":[8,214],"tags":[33,295,371,173],"acf":[],"publishpress_future_action":{"enabled":false,"date":"1969-12-31 21:00:00","action":"","terms":[],"taxonomy":"","browser_timezone_offset":0},"_links":{"self":[{"href":"https:\/\/portalfloresnoar.com\/floresnoar\/wp-json\/wp\/v2\/posts\/26646"}],"collection":[{"href":"https:\/\/portalfloresnoar.com\/floresnoar\/wp-json\/wp\/v2\/posts"}],"about":[{"href":"https:\/\/portalfloresnoar.com\/floresnoar\/wp-json\/wp\/v2\/types\/post"}],"author":[{"embeddable":true,"href":"https:\/\/portalfloresnoar.com\/floresnoar\/wp-json\/wp\/v2\/users\/1"}],"replies":[{"embeddable":true,"href":"https:\/\/portalfloresnoar.com\/floresnoar\/wp-json\/wp\/v2\/comments?post=26646"}],"version-history":[{"count":0,"href":"https:\/\/portalfloresnoar.com\/floresnoar\/wp-json\/wp\/v2\/posts\/26646\/revisions"}],"wp:featuredmedia":[{"embeddable":true,"href":"https:\/\/portalfloresnoar.com\/floresnoar\/wp-json\/wp\/v2\/media\/26648"}],"wp:attachment":[{"href":"https:\/\/portalfloresnoar.com\/floresnoar\/wp-json\/wp\/v2\/media?parent=26646"}],"wp:term":[{"taxonomy":"category","embeddable":true,"href":"https:\/\/portalfloresnoar.com\/floresnoar\/wp-json\/wp\/v2\/categories?post=26646"},{"taxonomy":"post_tag","embeddable":true,"href":"https:\/\/portalfloresnoar.com\/floresnoar\/wp-json\/wp\/v2\/tags?post=26646"}],"curies":[{"name":"wp","href":"https:\/\/api.w.org\/{rel}","templated":true}]}}