

{"id":26626,"date":"2016-09-01T11:10:09","date_gmt":"2016-09-01T14:10:09","guid":{"rendered":"http:\/\/portalfloresnoar.com\/floresnoar\/?p=26626"},"modified":"2016-10-19T12:34:02","modified_gmt":"2016-10-19T15:34:02","slug":"2o-congresso-online-de-doencas-cronicas-e-curas-naturais-de-10-a-15-de-outubro-inscricoes-gratuitas","status":"publish","type":"post","link":"https:\/\/portalfloresnoar.com\/floresnoar\/2o-congresso-online-de-doencas-cronicas-e-curas-naturais-de-10-a-15-de-outubro-inscricoes-gratuitas\/","title":{"rendered":"2\u00ba Congresso Online de Doen\u00e7as Cr\u00f4nicas e Curas Naturais, de 10 a 15 de outubro. Inscri\u00e7\u00f5es gratuitas!"},"content":{"rendered":"<p style=\"text-align: center;\"><a href=\"https:\/\/go.hotmart.com\/P4904461I?ap=9d09\"><img decoding=\"async\" loading=\"lazy\" class=\"aligncenter size-full wp-image-26627\" alt=\"congresso-de-doenc%cc%a7as-cro%cc%82nicas-wallace\" src=\"http:\/\/portalfloresnoar.com\/floresnoar\/wp-content\/uploads\/2016\/10\/Congresso-de-Doenc\u0327as-Cro\u0302nicas-Wallace.png\" width=\"727\" height=\"400\" srcset=\"https:\/\/portalfloresnoar.com\/floresnoar\/wp-content\/uploads\/2016\/10\/Congresso-de-Doenc\u0327as-Cro\u0302nicas-Wallace.png 727w, https:\/\/portalfloresnoar.com\/floresnoar\/wp-content\/uploads\/2016\/10\/Congresso-de-Doenc\u0327as-Cro\u0302nicas-Wallace-300x165.png 300w\" sizes=\"(max-width: 727px) 100vw, 727px\" \/><\/a><\/p>\n<p>Acontece de 10 a 15 de outubro de 2016 o <span style=\"text-decoration: underline;\"><strong><a href=\"https:\/\/go.hotmart.com\/P4904461I?ap=9d09\" target=\"_blank\">2\u00ba Congresso Online de Doen\u00e7as Cr\u00f4nicas e Curas Naturais<\/a><\/strong><\/span>, o maior evento online do Brasil sobre o tema, que j\u00e1 ajudou mais de 30 mil pessoas em 51 pa\u00edses a superar e prevenir as doen\u00e7as cr\u00f4nicas, que matam 80% dos brasileiros. O congresso \u00e9 organizado pelo professor Wallace Liimaa e conta com palestrantes como Lama padma Samten, Dr Celerino Carrconde e Dr. Lair Ribeiro, entre v\u00e1rios oiutros profissionais refer\u00eancia em Sa\u00fade Integral.<\/p>\n<p>Durante o encontro online, mais de 20 especialistas em Sa\u00fade Integral (m\u00e9dicos, terapeutas e pesquisadores) revelam suas t\u00e9cnicas 100% Naturais e cientificamente comprovadas (testadas e aprovadas) com resultados expressivos de cura, preven\u00e7\u00e3o e supera\u00e7\u00e3o de doen\u00e7as.<\/p>\n<p>Durante o Congresso as palestras ser\u00e3o transmitidas gratuitamente. A cada dia ser\u00e3o liberadas 4 delas para serem acessadas entre 9h e 22h. Aten\u00e7\u00e3o: as palestras ficar\u00e3o dispon\u00edveis somente naquele dia (das 9h \u00e0s 22h).<\/p>\n<p>Quem quiser ter acesso \u00e0s palestras a qualquer hora, pode adquirir o Acesso Premium que d\u00e1 acesso online \u00e0s 24 entrevistas do Congresso + Certificado de Participa\u00e7\u00e3o de 60h + \u00c1udios das Palestras em MP3 para baixar e ouvir onde quiser + S\u00e9rie de V\u00eddeos que o Prof. Wallace liberou na semana passada + Webin\u00e1rios + 16 B\u00f4nus Extras Exclusivos por pelo menos 3 anos.<\/p>\n<p><em>Para adquirir o acesso premium, clique <span style=\"text-decoration: underline;\"><strong><a href=\"https:\/\/go.hotmart.com\/P4904461I\" target=\"_blank\">AQUI<\/a><\/strong><\/span>!<\/em><\/p>\n<p>&#8220;\u00c9 como ter uma consulta com os 24 dos maiores especialistas em Sa\u00fade Integral do Pa\u00eds (alguns deles cobram mais de R$ 1 mil por consulta) sem precisar sair de casa, sem passar meses em filas de espera e sem investir dezenas de milhares de reais em viagens e consultas com cada um deles&#8221;, explica Wallace Liimaa.<\/p>\n<p>Wallace Liimaa \u00e9 professor e pesquisador da Sa\u00fade Qu\u00e2ntica e Desenvolvimento Pessoal e principal divulgador desse paradigma no Brasil. Organizador do Simp\u00f3sio Internacional de Sa\u00fade Qu\u00e2ntica e Qualidade de Vida, o maior evento do mundo sobre o tema, que j\u00e1 atendeu a mais de 30 mil pessoas em suas 4 edi\u00e7\u00f5es. Laureado com a Noetic Medal for Consciousness and Brain Research, do Instituto de Estudos No\u00e9ticos Avan\u00e7ados da Calif\u00f3rnia\/2009 e com o pr\u00eamio Kokhmah\u00e1 &#8211; Sabedoria, no 7\u00ba Encontro Estadual de Terapeutas e Profissionais Hol\u00edsticos\/2012. \u00c9 criador do M\u00e9todo Salto Qu\u00e2ntico na Mente, que nos \u00faltimos dois anos j\u00e1 ajudou mais de 1.300 pessoas a transformarem suas vidas e criarem uma realidade livre do sofrimento das doen\u00e7as e da tortura das emo\u00e7\u00f5es negativas.<\/p>\n<p>PALESTRANTES<\/p>\n<p><strong>Dr. Lair Ribeiro<\/strong><br \/>\nDiabesidade: Como Prevenir e Superar esse Mal<\/p>\n<p><strong>Dra. Tatiana Gebrael<\/strong><br \/>\nComo Melhorar a vis\u00e3o Sem \u00f3culos ou Cirurgias de forma Simples e Natural<\/p>\n<p><strong>Andr\u00e9 Lima<\/strong><br \/>\nDesintoxicar para Restaurar a Sa\u00fade Plena<\/p>\n<p><strong>Ger\u00f4nimo Theml<\/strong><br \/>\nO Poder da Clareza na Sa\u00fade e Mudan\u00e7a de Comportamentos<\/p>\n<p><strong>Lama Padma Samten<\/strong><br \/>\nPontos de Muta\u00e7\u00e3o na Sa\u00fade: o Olhar Integral para o Ser<\/p>\n<p><strong>Luana Ferreira<\/strong><br \/>\nComo usar os alimentos para elevar a sua energia<\/p>\n<p><strong>Bruno Gimenes<\/strong><br \/>\nA Energia das Plantas na Cura e Preven\u00e7\u00e3o de Doen\u00e7as<\/p>\n<p><strong>Dr. Eduardo Magalh\u00e3es (Dr. Sa\u00fade)<\/strong><br \/>\nA Fome Oculta: voc\u00ea pode estar Subnutrido sem saber!<\/p>\n<p><strong>Dr. Leonardo de Paiva<\/strong><br \/>\nComo Reprogramar e Ressignificar Traumas e Fobias<\/p>\n<p><strong>Dr. Djalma Marques<\/strong><br \/>\nO Poder dos Probi\u00f3ticos na Cura e Preven\u00e7\u00e3o de Doen\u00e7as<\/p>\n<p><strong>Dr. \u00cdcaro Alves Alc\u00e2ntara<\/strong><br \/>\nAs Bases para Ter, Recuperar, Manter e Otimizar Sa\u00fade<\/p>\n<p><strong>Helba Otoni Credidio<\/strong><br \/>\nBiomagnetismo\/Bioenerg\u00e9tica: O Poder de Cura dos \u00cdm\u00e3s<\/p>\n<p><strong>Dra. Ros\u00e2ngela Arnt<\/strong><br \/>\nUma Abordagem Qu\u00e2ntica para as Doen\u00e7as Degenerativas<\/p>\n<p><strong>Haroldo de Barros<\/strong><br \/>\nAstrologia &amp; Sa\u00fade: O C\u00e9u como Caminho da Cura<\/p>\n<p><strong>Fl\u00e1vio Duarte<\/strong><br \/>\nAgroecologia e Alimento: Prevenir \u00e9 o melhor rem\u00e9dio!<\/p>\n<p><strong>Elias Pereira<\/strong><br \/>\nA Cura do C\u00e2ncer Atrav\u00e9s da Alimenta\u00e7\u00e3o Viva<\/p>\n<p><strong>Dr. Juarez Furtado<\/strong><br \/>\nOs Segredos Essenciais da Cura Escondidos na Natureza Humana<\/p>\n<p><strong>Mestre Iapuran Guida<\/strong><br \/>\nAs causas Energ\u00e9ticas por tr\u00e1s das Doen\u00e7as<\/p>\n<p><strong>Dr. Celerino Carriconde<\/strong><br \/>\nComo Criar sua Farm\u00e1cia Viva atrav\u00e9s da Alimenta\u00e7\u00e3o<\/p>\n<p><strong>Verra Bassoi &amp; Andrea Cussiol<\/strong><br \/>\nCure sua Vida com as Constela\u00e7\u00f5es Familiares<\/p>\n<p><strong>Dra. F\u00e1tima Fonseca<\/strong><br \/>\nConsci\u00eancia vital para Sa\u00fade do Corpo e da Pele<\/p>\n<p><strong>Dr. J\u00falio Lins<\/strong><br \/>\nMedita\u00e7\u00e3o como tratamento da depress\u00e3o cr\u00f4nica<\/p>\n<p><strong>Dr. Marco Marcondes<\/strong><br \/>\nEntenda a Cultura da Doen\u00e7a (e Como Evit\u00e1-la)<\/p>\n<p><strong>Irm\u00e3 Ver\u00f4nica<\/strong><br \/>\nArgiloterapia como Ferramenta de Cura e Preven\u00e7\u00e3o de Doen\u00e7as<\/p>\n<h4>Inscri\u00e7\u00f5es gratuitas para\u00a02\u00ba Congresso Online de Doen\u00e7as Cr\u00f4nicas e Curas Naturais <span style=\"text-decoration: underline; color: #ff0000;\"><a href=\"https:\/\/go.hotmart.com\/P4904461I?ap=9d09\" target=\"_blank\"><span style=\"color: #ff0000; text-decoration: underline;\">AQUI<\/span><\/a>!<\/span><\/h4>\n<h4>Adquira o acesso premium e tenha acesso a todas as palestras na hora que quiser, al\u00e9m de diversos b\u00f4nus,\u00a0<span style=\"text-decoration: underline; color: #ff0000;\"><a href=\"http:\/\/inscricao.congressodoencascronicas.com.br\/premium?ref=P4904461I\" target=\"_blank\"><span style=\"color: #ff0000; text-decoration: underline;\">AQUI<\/span><\/a>!<\/span><\/h4>\n<p>&nbsp;<\/p>\n","protected":false},"excerpt":{"rendered":"<p>Acontece de 10 a 15 de outubro de 2016 o 2\u00ba Congresso Online de Doen\u00e7as Cr\u00f4nicas e Curas Naturais, o maior evento online do Brasil sobre o tema, que j\u00e1 ajudou mais de 30 mil pessoas em 51 pa\u00edses a superar e prevenir as doen\u00e7as cr\u00f4nicas, que matam 80% dos brasileiros. O congresso \u00e9 organizado [&hellip;]<\/p>\n","protected":false},"author":1,"featured_media":26627,"comment_status":"open","ping_status":"open","sticky":false,"template":"","format":"standard","meta":{"om_disable_all_campaigns":false,"_monsterinsights_skip_tracking":false,"_monsterinsights_sitenote_active":false,"_monsterinsights_sitenote_note":"","_monsterinsights_sitenote_category":0,"footnotes":""},"categories":[8,224,214],"tags":[321,295,27,127],"acf":[],"publishpress_future_action":{"enabled":false,"date":"1969-12-31 21:00:00","action":"","terms":[],"taxonomy":"","browser_timezone_offset":0},"_links":{"self":[{"href":"https:\/\/portalfloresnoar.com\/floresnoar\/wp-json\/wp\/v2\/posts\/26626"}],"collection":[{"href":"https:\/\/portalfloresnoar.com\/floresnoar\/wp-json\/wp\/v2\/posts"}],"about":[{"href":"https:\/\/portalfloresnoar.com\/floresnoar\/wp-json\/wp\/v2\/types\/post"}],"author":[{"embeddable":true,"href":"https:\/\/portalfloresnoar.com\/floresnoar\/wp-json\/wp\/v2\/users\/1"}],"replies":[{"embeddable":true,"href":"https:\/\/portalfloresnoar.com\/floresnoar\/wp-json\/wp\/v2\/comments?post=26626"}],"version-history":[{"count":0,"href":"https:\/\/portalfloresnoar.com\/floresnoar\/wp-json\/wp\/v2\/posts\/26626\/revisions"}],"wp:featuredmedia":[{"embeddable":true,"href":"https:\/\/portalfloresnoar.com\/floresnoar\/wp-json\/wp\/v2\/media\/26627"}],"wp:attachment":[{"href":"https:\/\/portalfloresnoar.com\/floresnoar\/wp-json\/wp\/v2\/media?parent=26626"}],"wp:term":[{"taxonomy":"category","embeddable":true,"href":"https:\/\/portalfloresnoar.com\/floresnoar\/wp-json\/wp\/v2\/categories?post=26626"},{"taxonomy":"post_tag","embeddable":true,"href":"https:\/\/portalfloresnoar.com\/floresnoar\/wp-json\/wp\/v2\/tags?post=26626"}],"curies":[{"name":"wp","href":"https:\/\/api.w.org\/{rel}","templated":true}]}}