

{"id":26571,"date":"2016-10-05T15:25:14","date_gmt":"2016-10-05T18:25:14","guid":{"rendered":"http:\/\/portalfloresnoar.com\/floresnoar\/?p=26571"},"modified":"2016-10-09T16:31:40","modified_gmt":"2016-10-09T19:31:40","slug":"agenda-pe-cursos-de-florais-com-a-terapeuta-rosangela-vecchi-bittar","status":"publish","type":"post","link":"https:\/\/portalfloresnoar.com\/floresnoar\/agenda-pe-cursos-de-florais-com-a-terapeuta-rosangela-vecchi-bittar\/","title":{"rendered":"[AGENDA PE] Cursos de Florais e de Aromatareapia com Rosangela Vecchi Bittar"},"content":{"rendered":"<p><img decoding=\"async\" loading=\"lazy\" class=\"size-full wp-image-23443 alignleft\" alt=\"florais-saint-germain-recife\" src=\"http:\/\/portalfloresnoar.com\/floresnoar\/wp-content\/uploads\/2016\/01\/florais-saint-germain-recife.jpg\" width=\"194\" height=\"259\" \/>A professora Rosangela Vecchi Bittar realiza at\u00e9 o final do ano, no Recife, diversos cursos de Terapia Floral, al\u00e9m de Aromaterapia. Rosangela \u00e9 especialista em Terapia Floral pela UFPE, professora autorizada do Sistema floral de Saint Germain desde 2012, pesquisadora, escritora com cinco livros publicados, Mestre em reiki, Boletrofrafia, Aromaterapeuta.<\/p>\n<p>CONFIRA A AGENDA DE CURSOS:<\/p>\n<p><strong style=\"letter-spacing: 0em;\">Dia 15 e 16\/10<\/strong><span style=\"letter-spacing: 0em;\"> &#8211;<\/span><strong style=\"letter-spacing: 0em;\"> Os Florais de Saint Germain <\/strong><span style=\"letter-spacing: 0em;\">&#8211;\u00a0 tratando a ansiedade, depress\u00e3o, estresse, limpeza e prote\u00e7\u00e3o espiritual. (m\u00f3dulo III da forma\u00e7\u00e3o)<\/span><\/p>\n<p><strong>Dia 22 e 23.10<\/strong> &#8211; <strong>Curso Uso dos Florais de Saint Germain na Oncologia<\/strong> (quimioterapia, radioterapia, cuidados paliativos etc.)<\/p>\n<p><strong>Dia 05 e 06\/11<\/strong>\u00a0&#8211; <strong>Workshop Uso dos Florais na Fibromialgia: o cora\u00e7\u00e3o sente o corpo padece!<\/strong><\/p>\n<p><strong>Dia 12 e 13\/11<\/strong> &#8211; <strong>Curso B\u00e1sico do Sistema Floral de Bach<\/strong> &#8211; as ess\u00eancias florais do sistema, o emergencial, casos e manipula\u00e7\u00e3o.<\/p>\n<p><strong>Dia 19 e 20\/11 &#8211; Curso o Sistema Floral de Saint Germain no estresse, na depress\u00e3o ins\u00f4nia e dor<\/strong>\u00a0(m\u00f3dulo IV da forma\u00e7\u00e3o no Sistema Floral de Saint Germain)<\/p>\n<p><strong>Dia 25.11<\/strong> &#8211; <strong>Workshop &#8211; Uso das Ess\u00eancias Florais no Parkinson<\/strong> (hor\u00e1rio de 14 \u00e0s 18 h)<\/p>\n<p><strong>Dia 09\/12 &#8211; Os \u00f3leos essenciais para prote\u00e7\u00e3o e limpeza no final do ano<\/strong><\/p>\n<p><strong>Dia 10 e 11\/12<\/strong> &#8211; <strong>Curso o Sistema Floral de Saint Germain para Mem\u00f3ria, Problemas psiqui\u00e1tricos, Atendimento a crian\u00e7as &#8211;\u00a0<\/strong>d\u00favidas sobre manipula\u00e7\u00e3o e prescri\u00e7\u00e3o, anamnese. (m\u00f3dulo V da forma\u00e7\u00e3o no Sistema Floral de Saint Germain)<\/p>\n<p><strong>Inscri\u00e7\u00f5es e informa\u00e7\u00f5es adicionais:<\/strong><br \/>\nrosangelaflorais@gmail.com<br \/>\nterapiafloralqualdidadedevida@gmail.com<br \/>\n(81) 98843-0584 Oi<\/p>\n<p><strong>Site:<\/strong> <a href=\"http:\/\/pensandonatural.com.br\/\" target=\"_blank\">www.pensandonatural.com.br<\/a> \u00a0(atrav\u00e9s do site o pagamento pode ser realizado com cart\u00e3o via pagseguro)<br \/>\n<strong>Blog:\u00a0<\/strong><a href=\"http:\/\/terapiafloralqualidadedevida.blogspot.com.br\/\" target=\"_blank\">terapiafloralqualidadedevida.blogspot.com.br<\/a><\/p>\n","protected":false},"excerpt":{"rendered":"<p>A professora Rosangela Vecchi Bittar realiza at\u00e9 o final do ano, no Recife, diversos cursos de Terapia Floral, al\u00e9m de Aromaterapia. Rosangela \u00e9 especialista em Terapia Floral pela UFPE, professora autorizada do Sistema floral de Saint Germain desde 2012, pesquisadora, escritora com cinco livros publicados, Mestre em reiki, Boletrofrafia, Aromaterapeuta. CONFIRA A AGENDA DE CURSOS: [&hellip;]<\/p>\n","protected":false},"author":1,"featured_media":21157,"comment_status":"open","ping_status":"open","sticky":false,"template":"","format":"standard","meta":{"om_disable_all_campaigns":false,"_monsterinsights_skip_tracking":false,"_monsterinsights_sitenote_active":false,"_monsterinsights_sitenote_note":"","_monsterinsights_sitenote_category":0,"footnotes":""},"categories":[8,224,214],"tags":[73,167,70],"acf":[],"publishpress_future_action":{"enabled":false,"date":"1969-12-31 21:00:00","action":"","terms":[],"taxonomy":"","browser_timezone_offset":0},"_links":{"self":[{"href":"https:\/\/portalfloresnoar.com\/floresnoar\/wp-json\/wp\/v2\/posts\/26571"}],"collection":[{"href":"https:\/\/portalfloresnoar.com\/floresnoar\/wp-json\/wp\/v2\/posts"}],"about":[{"href":"https:\/\/portalfloresnoar.com\/floresnoar\/wp-json\/wp\/v2\/types\/post"}],"author":[{"embeddable":true,"href":"https:\/\/portalfloresnoar.com\/floresnoar\/wp-json\/wp\/v2\/users\/1"}],"replies":[{"embeddable":true,"href":"https:\/\/portalfloresnoar.com\/floresnoar\/wp-json\/wp\/v2\/comments?post=26571"}],"version-history":[{"count":0,"href":"https:\/\/portalfloresnoar.com\/floresnoar\/wp-json\/wp\/v2\/posts\/26571\/revisions"}],"wp:featuredmedia":[{"embeddable":true,"href":"https:\/\/portalfloresnoar.com\/floresnoar\/wp-json\/wp\/v2\/media\/21157"}],"wp:attachment":[{"href":"https:\/\/portalfloresnoar.com\/floresnoar\/wp-json\/wp\/v2\/media?parent=26571"}],"wp:term":[{"taxonomy":"category","embeddable":true,"href":"https:\/\/portalfloresnoar.com\/floresnoar\/wp-json\/wp\/v2\/categories?post=26571"},{"taxonomy":"post_tag","embeddable":true,"href":"https:\/\/portalfloresnoar.com\/floresnoar\/wp-json\/wp\/v2\/tags?post=26571"}],"curies":[{"name":"wp","href":"https:\/\/api.w.org\/{rel}","templated":true}]}}