

{"id":26524,"date":"2016-09-19T16:01:54","date_gmt":"2016-09-19T19:01:54","guid":{"rendered":"http:\/\/portalfloresnoar.com\/floresnoar\/?p=26524"},"modified":"2016-11-09T19:50:05","modified_gmt":"2016-11-09T22:50:05","slug":"agenda-pe-oberom-compartilha-ensinamentos-sobre-yoga-dia-911-no-recife","status":"publish","type":"post","link":"https:\/\/portalfloresnoar.com\/floresnoar\/agenda-pe-oberom-compartilha-ensinamentos-sobre-yoga-dia-911-no-recife\/","title":{"rendered":"[AGENDA PE] Oberom compartilha ensinamentos sobre Yoga dia 9\/11 no Recife"},"content":{"rendered":"<p><img decoding=\"async\" loading=\"lazy\" class=\"aligncenter size-full wp-image-26624\" alt=\"oberom-recife\" src=\"http:\/\/portalfloresnoar.com\/floresnoar\/wp-content\/uploads\/2016\/10\/oberom-recife.jpg\" width=\"630\" height=\"927\" srcset=\"https:\/\/portalfloresnoar.com\/floresnoar\/wp-content\/uploads\/2016\/10\/oberom-recife.jpg 630w, https:\/\/portalfloresnoar.com\/floresnoar\/wp-content\/uploads\/2016\/10\/oberom-recife-203x300.jpg 203w\" sizes=\"(max-width: 630px) 100vw, 630px\" \/><\/p>\n<p>Faz exatamente um ano que o jovem yogue Oberom provocou o p\u00fablico recifense com o lan\u00e7amento do seu mais recente livro &#8216;Vegan Yoga&#8217; num sal\u00e3o do Minist\u00e9rio P\u00fablico completamente lotado. Chegado recentemente do exterior, Oberom far\u00e1 uma turn\u00ea pelo nordeste passando pelas cidades de Macei\u00f3, Recife, Caruaru, Jo\u00e3o Pessoa e Fortaleza. Em parceria com o Espa\u00e7o Rosa dos Ventos e Unipaz Recife, Oberom volta ao Recife no dia 09 de novembro para nos presentear com os seus preciosos ensinamentos, \u00e0s 19h, no sal\u00e3o da Unipaz.<\/p>\n<p><img decoding=\"async\" loading=\"lazy\" class=\"alignleft\" alt=\"oberom-1\" src=\"http:\/\/portalfloresnoar.com\/floresnoar\/wp-content\/uploads\/2016\/10\/oberom-1.jpg\" width=\"265\" height=\"186\" \/>P\u00f3s-graduado em nutri\u00e7\u00e3o humana e sa\u00fade, especializado em Yoga pelo Instituto Lonavia &#8211; \u00cdndia, escritor e facilitador do processo de 21 dias &#8211; MG, Oberom percorre o mundo realizando workshops, retiros e palestras, sempre comprometido com uma cultura de paz. Quem j\u00e1 teve a oportunidade de conhec\u00ea-lo, sente uma emana\u00e7\u00e3o amorosa vinda de suas palavras. Essas tornam-se vivas e coerentes diante do posicionamento e \u00e9tica que adotou em sua vida, tornando tudo que nos fala um b\u00e1lsamo suave de amor que \u00e9 a verdade que ele semeia.<\/p>\n<p>Os ensinamentos no Recife ser\u00e3o sobre &#8216;Yoga e seus n\u00edveis de vibra\u00e7\u00e3o&#8217; &#8211; uma reflex\u00e3o sobre a import\u00e2ncia de assumirmos a nossa responsabilidade de seres interferentes na realidade planet\u00e1ria. As inscri\u00e7\u00f5es ser\u00e3o feitas antecipadamente a partir de outubro e as vagas ser\u00e3o limitadas.<\/p>\n<p><em>* Os livros de Oberom estar\u00e3o \u00e0 venda no dia do evento!<\/em><\/p>\n<p><strong>Dia:<\/strong> 09\/11\/2016<br \/>\n<strong>Hor\u00e1rio:<\/strong> 19h<br \/>\n<strong>Local:<\/strong> Unipaz Recife &#8211; Rua Dr. En\u00e9as de Lucena, 244 &#8211; Encruzilhada, Recife &#8211; PE<br \/>\n<strong>Contribui\u00e7\u00e3o:<\/strong> A partir de R$ 30<\/p>\n<p><strong>Inscri\u00e7\u00f5es pelo fone:<\/strong> (81) 3037-2594.<\/p>\n<p><strong>Realiza\u00e7\u00e3o:<\/strong> Espa\u00e7o Rosa dos Ventos<br \/>\n<strong>Apoio:<\/strong> Unipaz Recife<\/p>\n<p>&nbsp;<\/p>\n","protected":false},"excerpt":{"rendered":"<p>Faz exatamente um ano que o jovem yogue Oberom provocou o p\u00fablico recifense com o lan\u00e7amento do seu mais recente livro &#8216;Vegan Yoga&#8217; num sal\u00e3o do Minist\u00e9rio P\u00fablico completamente lotado. Chegado recentemente do exterior, Oberom far\u00e1 uma turn\u00ea pelo nordeste passando pelas cidades de Macei\u00f3, Recife, Caruaru, Jo\u00e3o Pessoa e Fortaleza. Em parceria com o [&hellip;]<\/p>\n","protected":false},"author":1,"featured_media":26527,"comment_status":"open","ping_status":"open","sticky":false,"template":"","format":"standard","meta":{"om_disable_all_campaigns":false,"_monsterinsights_skip_tracking":false,"_monsterinsights_sitenote_active":false,"_monsterinsights_sitenote_note":"","_monsterinsights_sitenote_category":0,"footnotes":""},"categories":[8,214],"tags":[305,21],"acf":[],"publishpress_future_action":{"enabled":false,"date":"1969-12-31 21:00:00","action":"","terms":[],"taxonomy":"","browser_timezone_offset":0},"_links":{"self":[{"href":"https:\/\/portalfloresnoar.com\/floresnoar\/wp-json\/wp\/v2\/posts\/26524"}],"collection":[{"href":"https:\/\/portalfloresnoar.com\/floresnoar\/wp-json\/wp\/v2\/posts"}],"about":[{"href":"https:\/\/portalfloresnoar.com\/floresnoar\/wp-json\/wp\/v2\/types\/post"}],"author":[{"embeddable":true,"href":"https:\/\/portalfloresnoar.com\/floresnoar\/wp-json\/wp\/v2\/users\/1"}],"replies":[{"embeddable":true,"href":"https:\/\/portalfloresnoar.com\/floresnoar\/wp-json\/wp\/v2\/comments?post=26524"}],"version-history":[{"count":0,"href":"https:\/\/portalfloresnoar.com\/floresnoar\/wp-json\/wp\/v2\/posts\/26524\/revisions"}],"wp:featuredmedia":[{"embeddable":true,"href":"https:\/\/portalfloresnoar.com\/floresnoar\/wp-json\/wp\/v2\/media\/26527"}],"wp:attachment":[{"href":"https:\/\/portalfloresnoar.com\/floresnoar\/wp-json\/wp\/v2\/media?parent=26524"}],"wp:term":[{"taxonomy":"category","embeddable":true,"href":"https:\/\/portalfloresnoar.com\/floresnoar\/wp-json\/wp\/v2\/categories?post=26524"},{"taxonomy":"post_tag","embeddable":true,"href":"https:\/\/portalfloresnoar.com\/floresnoar\/wp-json\/wp\/v2\/tags?post=26524"}],"curies":[{"name":"wp","href":"https:\/\/api.w.org\/{rel}","templated":true}]}}