

{"id":26455,"date":"2016-08-02T20:20:20","date_gmt":"2016-08-02T23:20:20","guid":{"rendered":"http:\/\/portalfloresnoar.com\/floresnoar\/?p=26455"},"modified":"2016-10-11T14:15:06","modified_gmt":"2016-10-11T17:15:06","slug":"agenda-pe-oficina-arteterapia-e-o-ludico-no-trabalho-corporal-com-adolescentes-dia-610-no-horizonte","status":"publish","type":"post","link":"https:\/\/portalfloresnoar.com\/floresnoar\/agenda-pe-oficina-arteterapia-e-o-ludico-no-trabalho-corporal-com-adolescentes-dia-610-no-horizonte\/","title":{"rendered":"[AGENDA PE] Oficina &#8216;Arteterapia e o L\u00fadico no Trabalho Corporal com Adolescentes, dia 6\/10, no Horizonte"},"content":{"rendered":"<p><img decoding=\"async\" loading=\"lazy\" class=\"aligncenter size-full wp-image-26457\" alt=\"arteterapia-no-recife\" src=\"http:\/\/portalfloresnoar.com\/floresnoar\/wp-content\/uploads\/2016\/09\/arteterapia-no-recife.jpg\" width=\"592\" height=\"469\" srcset=\"https:\/\/portalfloresnoar.com\/floresnoar\/wp-content\/uploads\/2016\/09\/arteterapia-no-recife.jpg 592w, https:\/\/portalfloresnoar.com\/floresnoar\/wp-content\/uploads\/2016\/09\/arteterapia-no-recife-300x237.jpg 300w\" sizes=\"(max-width: 592px) 100vw, 592px\" \/><br \/>\nO Horizonte Desenvolvimento Humano realiza no dia 6 de outubro, \u00e0s 19h, a oficina &#8216;Arteterapia e o L\u00fadico no Trabalho Corporal com Adolescentes&#8217;. O encontro ser\u00e1 facilitado psic\u00f3logas Corporal, de Fam\u00edlia e arteterapeutas\u00a0Fernanda Andrade Lima e Jane Cavalcanti.<\/p>\n<p>&#8220;A\u00a0proposta visa demonstrar de que forma a Psicologia Corporal utiliza a Linguagem L\u00fadica (brinquedos e brincadeiras) e a Arteterapia a linguagem expressiva no desenvolvimento da crian\u00e7a e do adolescente no Setting Terap\u00eautico&#8221;, explicam as terapeutas. A oficina \u00e9 voltada para profissionais que trabalham ou desejam trabalhar com adolescentes.<\/p>\n<p><strong>Local:<\/strong> Horizonte \u2013 Desenvolvimento Humano. Rua Joaquim Xavier de Andrade, 117, Po\u00e7o da Panela- Recife \/PE<br \/>\n<strong>Fones:<\/strong>\u00a0(81) 3268.6588\/ 99504.2219 (WhatsApp)<br \/>\n<strong>Inscri\u00e7\u00f5es:<\/strong> \u00a0R$ 50,00 (vagas limitadas)<\/p>\n","protected":false},"excerpt":{"rendered":"<p>O Horizonte Desenvolvimento Humano realiza no dia 6 de outubro, \u00e0s 19h, a oficina &#8216;Arteterapia e o L\u00fadico no Trabalho Corporal com Adolescentes&#8217;. O encontro ser\u00e1 facilitado psic\u00f3logas Corporal, de Fam\u00edlia e arteterapeutas\u00a0Fernanda Andrade Lima e Jane Cavalcanti. &#8220;A\u00a0proposta visa demonstrar de que forma a Psicologia Corporal utiliza a Linguagem L\u00fadica (brinquedos e brincadeiras) e [&hellip;]<\/p>\n","protected":false},"author":1,"featured_media":26456,"comment_status":"open","ping_status":"open","sticky":false,"template":"","format":"standard","meta":{"om_disable_all_campaigns":false,"_monsterinsights_skip_tracking":false,"_monsterinsights_sitenote_active":false,"_monsterinsights_sitenote_note":"","_monsterinsights_sitenote_category":0,"footnotes":""},"categories":[8,214],"tags":[369,34,244],"acf":[],"publishpress_future_action":{"enabled":false,"date":"1969-12-31 21:00:00","action":"","terms":[],"taxonomy":"","browser_timezone_offset":0},"_links":{"self":[{"href":"https:\/\/portalfloresnoar.com\/floresnoar\/wp-json\/wp\/v2\/posts\/26455"}],"collection":[{"href":"https:\/\/portalfloresnoar.com\/floresnoar\/wp-json\/wp\/v2\/posts"}],"about":[{"href":"https:\/\/portalfloresnoar.com\/floresnoar\/wp-json\/wp\/v2\/types\/post"}],"author":[{"embeddable":true,"href":"https:\/\/portalfloresnoar.com\/floresnoar\/wp-json\/wp\/v2\/users\/1"}],"replies":[{"embeddable":true,"href":"https:\/\/portalfloresnoar.com\/floresnoar\/wp-json\/wp\/v2\/comments?post=26455"}],"version-history":[{"count":0,"href":"https:\/\/portalfloresnoar.com\/floresnoar\/wp-json\/wp\/v2\/posts\/26455\/revisions"}],"wp:featuredmedia":[{"embeddable":true,"href":"https:\/\/portalfloresnoar.com\/floresnoar\/wp-json\/wp\/v2\/media\/26456"}],"wp:attachment":[{"href":"https:\/\/portalfloresnoar.com\/floresnoar\/wp-json\/wp\/v2\/media?parent=26455"}],"wp:term":[{"taxonomy":"category","embeddable":true,"href":"https:\/\/portalfloresnoar.com\/floresnoar\/wp-json\/wp\/v2\/categories?post=26455"},{"taxonomy":"post_tag","embeddable":true,"href":"https:\/\/portalfloresnoar.com\/floresnoar\/wp-json\/wp\/v2\/tags?post=26455"}],"curies":[{"name":"wp","href":"https:\/\/api.w.org\/{rel}","templated":true}]}}