

{"id":26451,"date":"2016-07-25T20:02:12","date_gmt":"2016-07-25T23:02:12","guid":{"rendered":"http:\/\/portalfloresnoar.com\/floresnoar\/?p=26451"},"modified":"2016-10-03T10:44:34","modified_gmt":"2016-10-03T13:44:34","slug":"agenda-pe-5o-ocupecineolinda-nesta-sexta","status":"publish","type":"post","link":"https:\/\/portalfloresnoar.com\/floresnoar\/agenda-pe-5o-ocupecineolinda-nesta-sexta\/","title":{"rendered":"[AGENDA PE] 5\u00ba #OcupeCineOlinda dia 30\/9"},"content":{"rendered":"<p><img decoding=\"async\" loading=\"lazy\" class=\"aligncenter size-full wp-image-26453\" alt=\"ocupe-cine-olinda-2\" src=\"http:\/\/portalfloresnoar.com\/floresnoar\/wp-content\/uploads\/2016\/09\/ocupe-cine-olinda-21.jpg\" width=\"720\" height=\"412\" srcset=\"https:\/\/portalfloresnoar.com\/floresnoar\/wp-content\/uploads\/2016\/09\/ocupe-cine-olinda-21.jpg 720w, https:\/\/portalfloresnoar.com\/floresnoar\/wp-content\/uploads\/2016\/09\/ocupe-cine-olinda-21-300x171.jpg 300w\" sizes=\"(max-width: 720px) 100vw, 720px\" \/><\/p>\n<p>Nesta sexta-feira (30\/9) acontece o 5\u00ba #OcupeCineOlinda nesta sexta, a partir das 18h, na Pra\u00e7a do Carmo. O Cine Olinda encontra-se fechado desde 1965.<\/p>\n<p><img decoding=\"async\" loading=\"lazy\" class=\"aligncenter\" alt=\"cine-olinda\" src=\"http:\/\/portalfloresnoar.com\/floresnoar\/wp-content\/uploads\/2016\/09\/cine-olinda.jpg\" width=\"595\" height=\"842\" \/><\/p>\n<p>MANIFESTO PELA REABERTURA IMEDIATA DO CINE OLINDA<br \/>\nO Cine Olinda \u00e9 patrim\u00f4nio hist\u00f3rico, cultural e afetivo, exemplar remanescente da arquitetura de cinemas de rua que existiram por boa parte do s\u00e9culo 20 e 21 em diversos pa\u00edses. Em muitas cidades alguns foram preservados, se mantendo em atividade ininterrupta ou reativados, como parte de um movimento mundial de retomada dos cinemas de rua.<\/p>\n<p>Na Fran\u00e7a s\u00e3o chamados de cin\u00e9ma du quartier (cinemas de bairro). L\u00e1, alguns bairros ainda possuem seus cinemas. No Brasil muitos cinemas de rua foram extintos, demolidos ou reutilizados com usos que descaracterizaram totalmente ou quase toda a arquitetura do cinema. A cultura da demoli\u00e7\u00e3o, que vem de tempos remotos, ainda predomina. A Regi\u00e3o Metropolitana do Recife j\u00e1 perdeu in\u00fameros sobrados, igrejas, arcos, casas e edif\u00edcios modernistas e quase uma centena de cinemas de rua.<\/p>\n<p>Localizado na entrada da cidade, no bairro do Carmo, o edif\u00edcio do Cine Olinda \u00e9 um exemplar da arquitetura Art D\u00e9co, t\u00edpica da fase pr\u00e9-modernista das d\u00e9cadas de 20 a 40 do s\u00e9culo passado. Apresenta planta retangular, sim\u00e9trica, sala da plat\u00e9ia com tela e palco ao fundo, moldura para a tela com reentr\u00e2ncias, estruturas da coberta em ferro, hall de entrada e bilheterias, marquises na fachada frontal, prolongando-se pelas laterais, cabine no pavimento superior, em destaque na fachada e janelas altas, podendo funcionar sem ar condicionado por estar localizado \u00e0 beira-mar. Estas mesmas caracter\u00edsticas foram encontradas em outros cinemas de rua do Recife e Olinda, o que aumenta a import\u00e2ncia de se preservar esta sala.<\/p>\n<p>Acreditamos em cinemas de rua como espa\u00e7os de cidadania. Eles s\u00e3o modos de pensar e vivenciar as cidades; garantem vida aos centros e bairros; contribuem com a requalifica\u00e7\u00e3o de espa\u00e7os urbanos; valorizam a rua, os espa\u00e7os p\u00fablicos e de uso p\u00fablico; s\u00e3o pontos de encontro e sociabilidade; oferecem acesso \u00e0 educa\u00e7\u00e3o e cultura. Sem eles, uma cidade perde refer\u00eancias e o car\u00e1ter simb\u00f3lico no meio urbano. S\u00e3o edif\u00edcios que apresentam valores hist\u00f3ricos, arquitet\u00f4nicos, art\u00edsticos, contribuem com a preserva\u00e7\u00e3o da mem\u00f3ria urbana e deveriam estar na rota tur\u00edstica das cidades.<\/p>\n<p>Pernambuco se tornou um dos principais polos de produ\u00e7\u00e3o cinematogr\u00e1fica do Brasil, sobretudo em se falando de filmes que partem do respeito \u00e0 nossa intelig\u00eancia para construir narrativas cr\u00edticas sobre o mundo em que vivemos. Estes filmes dificilmente ser\u00e3o vistos em cinemas comerciais, pois salas localizadas em shoppings s\u00e3o unicamente interessadas no lucro f\u00e1cil e se deixam levar pelo \u201ctsunami\u201d de filmes americanos, um ma\u00e7ante e violento bombardeio cultural. Neste sentido, reivindicamos o Cine Olinda como mais do que uma op\u00e7\u00e3o de exibi\u00e7\u00e3o de filmes num s\u00edtio hist\u00f3rico e sim como um cinema p\u00fablico, com o dever de dar espa\u00e7o a produ\u00e7\u00f5es independentes do Brasil e do mundo, al\u00e9m de abrigar atividades de forma\u00e7\u00e3o e aglutina\u00e7\u00e3o da produ\u00e7\u00e3o criativa.<\/p>\n<p>Ap\u00f3s 51 anos de seu fechamento, 37 anos de sua desapropria\u00e7\u00e3o, durante a gest\u00e3o do prefeito Germano Coelho, e 35 anos de reformas malsucedidas, nos sentimos no dever de cobrar esclarecimentos e um maior compromisso dos gestores p\u00fablicos respons\u00e1veis pela condu\u00e7\u00e3o das obras e pelo equipamento em si. Tendo isso em vista, solicitamos ao Instituto do Patrim\u00f4nio Hist\u00f3rico e Art\u00edstico Nacional \u2013 Iphan e \u00e0 Prefeitura Municipal de Olinda um esclarecimento p\u00fablico sobre a gest\u00e3o do equipamento, prestando satisfa\u00e7\u00e3o sobre a atual situa\u00e7\u00e3o e que se coloque em discuss\u00e3o estrat\u00e9gias e solu\u00e7\u00f5es para que ele seja entregue \u00e0 popula\u00e7\u00e3o. Solicitamos que esta audi\u00eancia seja feita nas depend\u00eancias do Cine Olinda, seguida de delibera\u00e7\u00f5es sobre formas de ocupa\u00e7\u00e3o e um plano de rein\u00edcio das obras. Solicitamos tamb\u00e9m a cria\u00e7\u00e3o de um comit\u00ea de fiscaliza\u00e7\u00e3o civil para acompanhamento tanto da obra quanto dos tr\u00e2mites burocr\u00e1ticos para a viabiliza\u00e7\u00e3o da mesma.<\/p>\n<p>Assinam<br \/>\nMovimento #CineRuaPE<br \/>\n#OcupeCineOlinda<br \/>\nPonto de Cultura Cinema de Anima\u00e7\u00e3o<br \/>\nAssocia\u00e7\u00e3o Brasileira de Documentaristas \u2013 ABD\/PE<br \/>\nAssocia\u00e7\u00e3o Pernambucana de Cineastas &#8211; Apeci<br \/>\nAssocia\u00e7\u00e3o de Produtores de Cinema do Norte\/Nordeste<br \/>\nFedera\u00e7\u00e3o Pernambucana de Cineclubes \u2013 Fepec<br \/>\nSociedade Olindense de Defesa da Cidade Alta &#8211; Sodeca<\/p>\n<p>Hist\u00f3rico &#8211; O Cine Olinda foi inaugurado em 1911, como CineTheatro de Variedades. Nos anos 1920, sob administra\u00e7\u00e3o do Coronel Victor Jos\u00e9 Fernandes, ganhou nome atual. O artista pl\u00e1stico Bajado foi contratado em 1932, inicialmente pintando cartazes at\u00e9 ser promovido a gerente, onde permaneceu at\u00e9 1950, quando abriu seu pr\u00f3prio cinema em Itapissuma. Bajado voltou para o Cine Olinda em 1953 e ali ficou at\u00e9 o cinema fechar, em 1965.<\/p>\n<p>Dali em diante o Cine Olinda serviu de dep\u00f3sito de a\u00e7\u00facar, boliche e alojamento para desabrigados, at\u00e9 ser desapropriado em 1979 por Germano Coelho, prefeito de Olinda. Os primeiros recursos para recupera\u00e7\u00e3o do espa\u00e7o foram mobilizados em 1981. A restaura\u00e7\u00e3o ocorreu em 2003, durante a gest\u00e3o de Luciana Santos, que entregou a parte estrutural em 2004.<\/p>\n<p>Em 2006, R$ 1,2 milh\u00f5es foram captados do BNDES atrav\u00e9s da Lei Rouanet pelo Ipad &#8211; Instituto de Planejamento e Apoio ao Desenvolvimento Tecnol\u00f3gico e Cient\u00edfico. Desse montante foram gastos cerca de R$ 80 mil, sendo o restante bloqueado pelo BNDES, alegando irregularidade na presta\u00e7\u00e3o de contas referente a esse recurso inicial.<\/p>\n<p>Em 2008 iniciou-se a elabora\u00e7\u00e3o do atual projeto de reforma do Cine Olinda, estando apto a captar recursos pelo Minist\u00e9rio da Cultura (IPHAN) em 2010. No final de 2011 este projeto recebe recurso atrav\u00e9s de emendas parlamentares, dos ent\u00e3o deputados Luciana Santos (R$ 1,5 milh\u00e3o) e Jo\u00e3o Paulo (R$ 500 mil).<\/p>\n<p>Em 2012 os recursos chegaram para o IPHAN que por sua vez exigiu da Prefeitura Municipal de Olinda um documento legal que comprovasse ser ela a propriet\u00e1ria do im\u00f3vel. A prefeitura descobre que este documento se perdeu anos atr\u00e1s em uma enchente causada pela chuva.<\/p>\n<p>Para resolver, precisaria conseguir um documento de emitido pelo ent\u00e3o dono do im\u00f3vel, o Grupo Bompre\u00e7o. Ap\u00f3s obter o documento com o Conselho Empresarial do Walmart nos Estados Unidos, a prefeitura recebe a informa\u00e7\u00e3o de que o prazo de execu\u00e7\u00e3o do plano de trabalho venceu, estando assim legalmente impedida de realizar a reforma.<\/p>\n<p>Um novo projeto foi elaborado e come\u00e7ou a ser executado em 2014 pelo IPHAN, que em maio de 2015 informou ter cerca de 50% dos servi\u00e7os estabelecidos na planilha da obra conclu\u00eddos. No entanto, suspendeu no \u00faltimo m\u00eas de mar\u00e7o o contrato de R$ 1,257 milh\u00e3o com a empresa DSH, respons\u00e1vel pelas obras de finaliza\u00e7\u00e3o. Cerca de R$ 593 mil, segundo o Iphan, foram pagos \u00e0 empresa antes da suspens\u00e3o do contrato.<\/p>\n<p>&nbsp;<\/p>\n","protected":false},"excerpt":{"rendered":"<p>Nesta sexta-feira (30\/9) acontece o 5\u00ba #OcupeCineOlinda nesta sexta, a partir das 18h, na Pra\u00e7a do Carmo. O Cine Olinda encontra-se fechado desde 1965. MANIFESTO PELA REABERTURA IMEDIATA DO CINE OLINDA O Cine Olinda \u00e9 patrim\u00f4nio hist\u00f3rico, cultural e afetivo, exemplar remanescente da arquitetura de cinemas de rua que existiram por boa parte do s\u00e9culo [&hellip;]<\/p>\n","protected":false},"author":1,"featured_media":26452,"comment_status":"open","ping_status":"open","sticky":false,"template":"","format":"standard","meta":{"om_disable_all_campaigns":false,"_monsterinsights_skip_tracking":false,"_monsterinsights_sitenote_active":false,"_monsterinsights_sitenote_note":"","_monsterinsights_sitenote_category":0,"footnotes":""},"categories":[8,214],"tags":[63,295],"acf":[],"publishpress_future_action":{"enabled":false,"date":"1969-12-31 21:00:00","action":"","terms":[],"taxonomy":"","browser_timezone_offset":0},"_links":{"self":[{"href":"https:\/\/portalfloresnoar.com\/floresnoar\/wp-json\/wp\/v2\/posts\/26451"}],"collection":[{"href":"https:\/\/portalfloresnoar.com\/floresnoar\/wp-json\/wp\/v2\/posts"}],"about":[{"href":"https:\/\/portalfloresnoar.com\/floresnoar\/wp-json\/wp\/v2\/types\/post"}],"author":[{"embeddable":true,"href":"https:\/\/portalfloresnoar.com\/floresnoar\/wp-json\/wp\/v2\/users\/1"}],"replies":[{"embeddable":true,"href":"https:\/\/portalfloresnoar.com\/floresnoar\/wp-json\/wp\/v2\/comments?post=26451"}],"version-history":[{"count":0,"href":"https:\/\/portalfloresnoar.com\/floresnoar\/wp-json\/wp\/v2\/posts\/26451\/revisions"}],"wp:featuredmedia":[{"embeddable":true,"href":"https:\/\/portalfloresnoar.com\/floresnoar\/wp-json\/wp\/v2\/media\/26452"}],"wp:attachment":[{"href":"https:\/\/portalfloresnoar.com\/floresnoar\/wp-json\/wp\/v2\/media?parent=26451"}],"wp:term":[{"taxonomy":"category","embeddable":true,"href":"https:\/\/portalfloresnoar.com\/floresnoar\/wp-json\/wp\/v2\/categories?post=26451"},{"taxonomy":"post_tag","embeddable":true,"href":"https:\/\/portalfloresnoar.com\/floresnoar\/wp-json\/wp\/v2\/tags?post=26451"}],"curies":[{"name":"wp","href":"https:\/\/api.w.org\/{rel}","templated":true}]}}