

{"id":26347,"date":"2016-08-03T10:59:35","date_gmt":"2016-08-03T13:59:35","guid":{"rendered":"http:\/\/portalfloresnoar.com\/floresnoar\/?p=26347"},"modified":"2016-09-25T16:13:03","modified_gmt":"2016-09-25T19:13:03","slug":"agenda-pe-ocupe-coco-na-maumau-nesta-quinta","status":"publish","type":"post","link":"https:\/\/portalfloresnoar.com\/floresnoar\/agenda-pe-ocupe-coco-na-maumau-nesta-quinta\/","title":{"rendered":"{AGENDA PE] Ocupe Coco na Maumau dia 22\/9"},"content":{"rendered":"<p style=\"text-align: center;\"><img decoding=\"async\" loading=\"lazy\" class=\"aligncenter  wp-image-26348\" alt=\"grupo-casas-populares\" src=\"http:\/\/portalfloresnoar.com\/floresnoar\/wp-content\/uploads\/2016\/09\/grupo-casas-populares.jpg\" width=\"768\" height=\"542\" srcset=\"https:\/\/portalfloresnoar.com\/floresnoar\/wp-content\/uploads\/2016\/09\/grupo-casas-populares.jpg 960w, https:\/\/portalfloresnoar.com\/floresnoar\/wp-content\/uploads\/2016\/09\/grupo-casas-populares-300x211.jpg 300w\" sizes=\"(max-width: 768px) 100vw, 768px\" \/><\/p>\n<p>A Casas Populares da BR 232 e a Maumau convidam a todxs para comemorar o anivers\u00e1rio de 11 anos da banda com o lan\u00e7amento de dois clipes do grupo e, claro, dan\u00e7ar muito coco, forr\u00f3, ciranda, afox\u00e9\u2026 e gritar muito FORA TEMER! &#8220;Vamos fazer uma gira bem bonita e pulsante, e emanar energias pra esse golpista que n\u00e3o nos representa sair do poder&#8221;, convida a banda. Ser\u00e1 no dia 22 de setembro, \u00e0s 20h, na Maumau.\u00a0O evento \u00e9 aberto ao p\u00fablico, mas aceita colabora\u00e7\u00f5es!<\/p>\n<p>Na ocasi\u00e3o ser\u00e3o lan\u00e7ados os clipes, dirigidos e montados por Nat\u00e1lia Lopes, das m\u00fasicas Quero Nadar, Rodopia e Jamba Cacumbi. Quero Nadar, de autoria de Carol Lopes, \u00e9 uma m\u00fasica com levada latina que questiona o status quo capitalista e branco. O segundo clipe engloba as m\u00fasicas Rodopia, afox\u00e9 de Nat\u00e1lia Lopes e o vissungo Jamba Cacumbi, de dom\u00ednio p\u00fablico.<\/p>\n<p>Para quem ainda n\u00e3o conhece, Casas Populares da BR 232 \u00e9 uma banda feminista, constitu\u00edda por artistas com viv\u00eancia em brinquedos e ritmos populares de Pernambuco. Seus participantes tamb\u00e9m se aventuram por outras linguagens art\u00edsticas, como audiovisual, artes pl\u00e1sticas, dan\u00e7a e teatro. O som trafega pelo Sert\u00e3o, Agreste, Zona da Mata e Litoral do estado, brincando com cocos, forr\u00f3s p\u00e9-de-serra, afox\u00e9s, cirandas e sambas de terreiro. Por isso o nome da banda chama-se Casas Populares da BR 232, estrada que \u00e9 a principal via de acesso ao interior de Pernambuco. A musicalidade do grupo tamb\u00e9m reverencia manifesta\u00e7\u00f5es de raiz de outros estados, como Bahia, Maranh\u00e3o e Rio de Janeiro. Outras refer\u00eancias s\u00e3o o cancioneiro popular e de vanguarda brasileiro, e as sonoridades perif\u00e9ricas internacionais, especialmente africanas e latinas. Do imagin\u00e1rio da comunidade rural \u201csimples\u201d \u00e0 realidade complexa dos centros urbanos, o som da banda \u00e9 m\u00fasica para se sentir no mundo, ou seja, em casa.<\/p>\n<p><strong><img decoding=\"async\" loading=\"lazy\" class=\"size-full wp-image-26357 alignleft\" alt=\"casas-populares-da-br-232\" src=\"http:\/\/portalfloresnoar.com\/floresnoar\/wp-content\/uploads\/2016\/09\/casas-populares-da-br-232.jpg\" width=\"471\" height=\"357\" srcset=\"https:\/\/portalfloresnoar.com\/floresnoar\/wp-content\/uploads\/2016\/09\/casas-populares-da-br-232.jpg 471w, https:\/\/portalfloresnoar.com\/floresnoar\/wp-content\/uploads\/2016\/09\/casas-populares-da-br-232-300x227.jpg 300w, https:\/\/portalfloresnoar.com\/floresnoar\/wp-content\/uploads\/2016\/09\/casas-populares-da-br-232-160x120.jpg 160w\" sizes=\"(max-width: 471px) 100vw, 471px\" \/><\/strong><\/p>\n<p>&nbsp;<\/p>\n<p><strong>Integrantes:<\/strong><br \/>\nCarolina Lopes \u2013 voz, percuss\u00e3o e vocais<br \/>\nEric Caldas \u2013 rabeca, flauta, acordeon, clarinete, sax e vocais<br \/>\nJoaninha Melo \u2013 voz, percuss\u00e3o, cavaquinho e vocais<br \/>\nJosy Caldas \u2013 percuss\u00e3o e vocais Nat\u00e1lia Lopes \u2013 voz , percuss\u00e3o e vocais<br \/>\nRaquel Santana \u2013 voz, percuss\u00e3o e vocais<\/p>\n<p><strong><strong>Local:<\/strong>\u00a0<\/strong>Galeria Maumau \u2013 Rua Nicar\u00e1gua, 173 \u2013 Espinheiro, Recife-PE (<a href=\"http:\/\/www.maumaugaleria.com\/\" target=\"_blank\">http:\/\/www.maumaugaleria.com\/<\/a>)<\/p>\n<p><strong>Evento no facebook:\u00a0<\/strong><a href=\"https:\/\/www.facebook.com\/events\/1749561731960218\/\" target=\"_blank\" data-saferedirecturl=\"https:\/\/www.google.com\/url?hl=pt-BR&amp;q=https:\/\/www.facebook.com\/events\/1749561731960218\/&amp;source=gmail&amp;ust=1474462651558000&amp;usg=AFQjCNHbIHbEjKcNKkwM6T4WxRUMe3_7MA\">https:\/\/www.facebook.com\/<wbr \/>events\/1749561731960218\/<\/a><\/p>\n","protected":false},"excerpt":{"rendered":"<p>A Casas Populares da BR 232 e a Maumau convidam a todxs para comemorar o anivers\u00e1rio de 11 anos da banda com o lan\u00e7amento de dois clipes do grupo e, claro, dan\u00e7ar muito coco, forr\u00f3, ciranda, afox\u00e9\u2026 e gritar muito FORA TEMER! &#8220;Vamos fazer uma gira bem bonita e pulsante, e emanar energias pra esse [&hellip;]<\/p>\n","protected":false},"author":1,"featured_media":26349,"comment_status":"open","ping_status":"open","sticky":false,"template":"","format":"standard","meta":{"om_disable_all_campaigns":false,"_monsterinsights_skip_tracking":false,"_monsterinsights_sitenote_active":false,"_monsterinsights_sitenote_note":"","_monsterinsights_sitenote_category":0,"footnotes":""},"categories":[8,214],"tags":[125],"acf":[],"publishpress_future_action":{"enabled":false,"date":"1969-12-31 21:00:00","action":"","terms":[],"taxonomy":"","browser_timezone_offset":0},"_links":{"self":[{"href":"https:\/\/portalfloresnoar.com\/floresnoar\/wp-json\/wp\/v2\/posts\/26347"}],"collection":[{"href":"https:\/\/portalfloresnoar.com\/floresnoar\/wp-json\/wp\/v2\/posts"}],"about":[{"href":"https:\/\/portalfloresnoar.com\/floresnoar\/wp-json\/wp\/v2\/types\/post"}],"author":[{"embeddable":true,"href":"https:\/\/portalfloresnoar.com\/floresnoar\/wp-json\/wp\/v2\/users\/1"}],"replies":[{"embeddable":true,"href":"https:\/\/portalfloresnoar.com\/floresnoar\/wp-json\/wp\/v2\/comments?post=26347"}],"version-history":[{"count":0,"href":"https:\/\/portalfloresnoar.com\/floresnoar\/wp-json\/wp\/v2\/posts\/26347\/revisions"}],"wp:featuredmedia":[{"embeddable":true,"href":"https:\/\/portalfloresnoar.com\/floresnoar\/wp-json\/wp\/v2\/media\/26349"}],"wp:attachment":[{"href":"https:\/\/portalfloresnoar.com\/floresnoar\/wp-json\/wp\/v2\/media?parent=26347"}],"wp:term":[{"taxonomy":"category","embeddable":true,"href":"https:\/\/portalfloresnoar.com\/floresnoar\/wp-json\/wp\/v2\/categories?post=26347"},{"taxonomy":"post_tag","embeddable":true,"href":"https:\/\/portalfloresnoar.com\/floresnoar\/wp-json\/wp\/v2\/tags?post=26347"}],"curies":[{"name":"wp","href":"https:\/\/api.w.org\/{rel}","templated":true}]}}