

{"id":26340,"date":"2016-08-01T09:23:28","date_gmt":"2016-08-01T12:23:28","guid":{"rendered":"http:\/\/portalfloresnoar.com\/floresnoar\/?p=26340"},"modified":"2016-09-25T15:27:26","modified_gmt":"2016-09-25T18:27:26","slug":"agenda-pe-roda-de-dialogo-sobre-alimentacao-natural-com-adriano-michalovicz-neste-sabado-na-feira-agroecologica-de-setubal","status":"publish","type":"post","link":"https:\/\/portalfloresnoar.com\/floresnoar\/agenda-pe-roda-de-dialogo-sobre-alimentacao-natural-com-adriano-michalovicz-neste-sabado-na-feira-agroecologica-de-setubal\/","title":{"rendered":"[AGENDA PE] Roda de di\u00e1logo sobre Alimenta\u00e7\u00e3o Natural com Adriano Michalovicz dia 24\/9 na Feira Agroecol\u00f3gica de Set\u00fabal"},"content":{"rendered":"<p><img decoding=\"async\" loading=\"lazy\" class=\"aligncenter size-full wp-image-26341\" alt=\"adriano-michalovicz-1\" src=\"http:\/\/portalfloresnoar.com\/floresnoar\/wp-content\/uploads\/2016\/09\/adriano-michalovicz-1.jpg\" width=\"480\" height=\"480\" srcset=\"https:\/\/portalfloresnoar.com\/floresnoar\/wp-content\/uploads\/2016\/09\/adriano-michalovicz-1.jpg 480w, https:\/\/portalfloresnoar.com\/floresnoar\/wp-content\/uploads\/2016\/09\/adriano-michalovicz-1-150x150.jpg 150w, https:\/\/portalfloresnoar.com\/floresnoar\/wp-content\/uploads\/2016\/09\/adriano-michalovicz-1-300x300.jpg 300w, https:\/\/portalfloresnoar.com\/floresnoar\/wp-content\/uploads\/2016\/09\/adriano-michalovicz-1-100x100.jpg 100w\" sizes=\"(max-width: 480px) 100vw, 480px\" \/><\/p>\n<p>A Feira Agroecol\u00f3gica de Set\u00fabal recebe no pr\u00f3ximo s\u00e1bado (24\/9) o musicoterapeuta, naturopata e terapeuta Hol\u00edstico Adriano Michalovicz. A convite do S\u00edtio Sete Estrelas ele ir\u00e1 realizar na feira, \u00e0s 8h30, uma roda de di\u00e1logo sobre Alimenta\u00e7\u00e3o Natural. A participa\u00e7\u00e3o \u00e9 gratuita!<\/p>\n<p><span style=\"letter-spacing: 0em;\">H\u00e1 mais de dez anos Adriano Michalovicz \u00e9 facilitador de palestras e cursos de Alimenta\u00e7\u00e3o Natural. \u00c9 fundador do Espa\u00e7o Prana Artes &amp; Terapias em Curitiba\/PR, que tem como objetivo difundir conhecimentos que proporcionem uma vida mais saud\u00e1vel e harmoniosa para as pessoas, animais e o Planeta.<\/span><\/p>\n<p>A Feira Agroecol\u00f3gica de Set\u00fabal fica localizada no Canal do Rio Jord\u00e3o, atr\u00e1s da Escola Americana do Recife e funciona todo s\u00e1bado das 7h \u00e0s 10h30. \u00c9 realizada pela Associa\u00e7\u00e3o Agroflorestal Terra &amp; Vida, Agroflor, Amarftsa, Mocot\u00f3, Acampamento Chico Mendes e Coletivo Set\u00fabal, e conta com o apoio da Universidade Federal Rural de Pernambuco (UFRPE), Vegaria, Portal Flores no Ar e Garuda Yoga.<\/p>\n<p><em>Confira a localiza\u00e7\u00e3o da Feira Agroecol\u00f3gica de Set\u00fabal:<\/em><\/p>\n<p><img decoding=\"async\" loading=\"lazy\" class=\"aligncenter\" alt=\"mapa feira 2\" src=\"http:\/\/portalfloresnoar.com\/floresnoar\/wp-content\/uploads\/2016\/06\/mapa-feira-2.jpg\" width=\"594\" height=\"464\" \/><\/p>\n","protected":false},"excerpt":{"rendered":"<p>A Feira Agroecol\u00f3gica de Set\u00fabal recebe no pr\u00f3ximo s\u00e1bado (24\/9) o musicoterapeuta, naturopata e terapeuta Hol\u00edstico Adriano Michalovicz. A convite do S\u00edtio Sete Estrelas ele ir\u00e1 realizar na feira, \u00e0s 8h30, uma roda de di\u00e1logo sobre Alimenta\u00e7\u00e3o Natural. A participa\u00e7\u00e3o \u00e9 gratuita! H\u00e1 mais de dez anos Adriano Michalovicz \u00e9 facilitador de palestras e cursos [&hellip;]<\/p>\n","protected":false},"author":1,"featured_media":26342,"comment_status":"open","ping_status":"open","sticky":false,"template":"","format":"standard","meta":{"om_disable_all_campaigns":false,"_monsterinsights_skip_tracking":false,"_monsterinsights_sitenote_active":false,"_monsterinsights_sitenote_note":"","_monsterinsights_sitenote_category":0,"footnotes":""},"categories":[8,224,214],"tags":[272],"acf":[],"publishpress_future_action":{"enabled":false,"date":"1969-12-31 21:00:00","action":"","terms":[],"taxonomy":"","browser_timezone_offset":0},"_links":{"self":[{"href":"https:\/\/portalfloresnoar.com\/floresnoar\/wp-json\/wp\/v2\/posts\/26340"}],"collection":[{"href":"https:\/\/portalfloresnoar.com\/floresnoar\/wp-json\/wp\/v2\/posts"}],"about":[{"href":"https:\/\/portalfloresnoar.com\/floresnoar\/wp-json\/wp\/v2\/types\/post"}],"author":[{"embeddable":true,"href":"https:\/\/portalfloresnoar.com\/floresnoar\/wp-json\/wp\/v2\/users\/1"}],"replies":[{"embeddable":true,"href":"https:\/\/portalfloresnoar.com\/floresnoar\/wp-json\/wp\/v2\/comments?post=26340"}],"version-history":[{"count":0,"href":"https:\/\/portalfloresnoar.com\/floresnoar\/wp-json\/wp\/v2\/posts\/26340\/revisions"}],"wp:featuredmedia":[{"embeddable":true,"href":"https:\/\/portalfloresnoar.com\/floresnoar\/wp-json\/wp\/v2\/media\/26342"}],"wp:attachment":[{"href":"https:\/\/portalfloresnoar.com\/floresnoar\/wp-json\/wp\/v2\/media?parent=26340"}],"wp:term":[{"taxonomy":"category","embeddable":true,"href":"https:\/\/portalfloresnoar.com\/floresnoar\/wp-json\/wp\/v2\/categories?post=26340"},{"taxonomy":"post_tag","embeddable":true,"href":"https:\/\/portalfloresnoar.com\/floresnoar\/wp-json\/wp\/v2\/tags?post=26340"}],"curies":[{"name":"wp","href":"https:\/\/api.w.org\/{rel}","templated":true}]}}