

{"id":26305,"date":"2016-07-16T02:02:34","date_gmt":"2016-07-16T05:02:34","guid":{"rendered":"http:\/\/portalfloresnoar.com\/floresnoar\/?p=26305"},"modified":"2016-09-28T11:48:08","modified_gmt":"2016-09-28T14:48:08","slug":"agenda-pe-oficina-arteterapia-e-o-ludico-no-trabalho-com-criancas-dia-229-no-horizonte","status":"publish","type":"post","link":"https:\/\/portalfloresnoar.com\/floresnoar\/agenda-pe-oficina-arteterapia-e-o-ludico-no-trabalho-com-criancas-dia-229-no-horizonte\/","title":{"rendered":"[AGENDA PE] &#8216;Oficina Arteterapia e o L\u00fadico no Trabalho com Crian\u00e7as&#8217;, dia 22\/9, no Horizonte"},"content":{"rendered":"<p><img decoding=\"async\" loading=\"lazy\" class=\"aligncenter size-full wp-image-26306\" alt=\"arteterapia-crianca\" src=\"http:\/\/portalfloresnoar.com\/floresnoar\/wp-content\/uploads\/2016\/09\/arteterapia-crian\u00e7a.jpg\" width=\"700\" height=\"550\" srcset=\"https:\/\/portalfloresnoar.com\/floresnoar\/wp-content\/uploads\/2016\/09\/arteterapia-crian\u00e7a.jpg 700w, https:\/\/portalfloresnoar.com\/floresnoar\/wp-content\/uploads\/2016\/09\/arteterapia-crian\u00e7a-300x235.jpg 300w\" sizes=\"(max-width: 700px) 100vw, 700px\" \/><\/p>\n<p>O Horizonte \u2013 Desenvolvimento Humano promove no dia 22 de setembro, \u00e0s 19h, a Oficina Te\u00f3rico-vivencial Oficina Arteterapia e o L\u00fadico no Trabalho com Crian\u00e7as. O objetivo \u00e9\u00a0apresentar a profissionais, estudantes e interessados (as) uma metodologia de trabalho com crian\u00e7as onde o corpo, a arte e o l\u00fadico s\u00e3o os instrumentos de intera\u00e7\u00e3o, apropria\u00e7\u00e3o e expans\u00e3o de habilidades cognitivas, motoras, afetivas, relacionais, entre outras nesta fase do desenvolvimento.<\/p>\n<p>O encontro ser\u00e1 coordenado pelas p<span style=\"line-height: 1.71429; letter-spacing: 0em;\">sicoterapeutas em An\u00e1lise Bioenerg\u00e9tica, arteterapeutas e terapeutas de Casal e Fam\u00edlia, E<\/span>dna Ferreira Lopes e\u00a0Reveca Bouqvar.<\/p>\n<p><strong>Oficina Arteterapia e o L\u00fadico no Trabalho com Crian\u00e7as<\/strong><br \/>\n<strong>Data:<\/strong> 22 de setembro de 2016<br \/>\n<strong>Hora:<\/strong> 19h<br \/>\n<strong>Local:<\/strong> Horizonte \u2013 Desenvolvimento Humano &#8211; Rua Joaquim Xavier de Andrade, 117, Po\u00e7o da Panela- Recife \/PE<br \/>\n<strong>Inscri\u00e7\u00f5es:<\/strong> R$ 50,00<\/p>\n<p><strong>Mais informa\u00e7\u00f5es:<\/strong>\u00a0(81) 32686588\/ 995042219 (\u00a0WhatsApp)<\/p>\n","protected":false},"excerpt":{"rendered":"<p>O Horizonte \u2013 Desenvolvimento Humano promove no dia 22 de setembro, \u00e0s 19h, a Oficina Te\u00f3rico-vivencial Oficina Arteterapia e o L\u00fadico no Trabalho com Crian\u00e7as. O objetivo \u00e9\u00a0apresentar a profissionais, estudantes e interessados (as) uma metodologia de trabalho com crian\u00e7as onde o corpo, a arte e o l\u00fadico s\u00e3o os instrumentos de intera\u00e7\u00e3o, apropria\u00e7\u00e3o e [&hellip;]<\/p>\n","protected":false},"author":1,"featured_media":26321,"comment_status":"open","ping_status":"open","sticky":false,"template":"","format":"standard","meta":{"om_disable_all_campaigns":false,"_monsterinsights_skip_tracking":false,"_monsterinsights_sitenote_active":false,"_monsterinsights_sitenote_note":"","_monsterinsights_sitenote_category":0,"footnotes":""},"categories":[8,214],"tags":[34,223,328],"acf":[],"publishpress_future_action":{"enabled":false,"date":"1969-12-31 21:00:00","action":"","terms":[],"taxonomy":"","browser_timezone_offset":0},"_links":{"self":[{"href":"https:\/\/portalfloresnoar.com\/floresnoar\/wp-json\/wp\/v2\/posts\/26305"}],"collection":[{"href":"https:\/\/portalfloresnoar.com\/floresnoar\/wp-json\/wp\/v2\/posts"}],"about":[{"href":"https:\/\/portalfloresnoar.com\/floresnoar\/wp-json\/wp\/v2\/types\/post"}],"author":[{"embeddable":true,"href":"https:\/\/portalfloresnoar.com\/floresnoar\/wp-json\/wp\/v2\/users\/1"}],"replies":[{"embeddable":true,"href":"https:\/\/portalfloresnoar.com\/floresnoar\/wp-json\/wp\/v2\/comments?post=26305"}],"version-history":[{"count":0,"href":"https:\/\/portalfloresnoar.com\/floresnoar\/wp-json\/wp\/v2\/posts\/26305\/revisions"}],"wp:featuredmedia":[{"embeddable":true,"href":"https:\/\/portalfloresnoar.com\/floresnoar\/wp-json\/wp\/v2\/media\/26321"}],"wp:attachment":[{"href":"https:\/\/portalfloresnoar.com\/floresnoar\/wp-json\/wp\/v2\/media?parent=26305"}],"wp:term":[{"taxonomy":"category","embeddable":true,"href":"https:\/\/portalfloresnoar.com\/floresnoar\/wp-json\/wp\/v2\/categories?post=26305"},{"taxonomy":"post_tag","embeddable":true,"href":"https:\/\/portalfloresnoar.com\/floresnoar\/wp-json\/wp\/v2\/tags?post=26305"}],"curies":[{"name":"wp","href":"https:\/\/api.w.org\/{rel}","templated":true}]}}