

{"id":263,"date":"2012-03-17T15:59:00","date_gmt":"2012-03-17T18:59:00","guid":{"rendered":"http:\/\/portalfloresnoar.hospedagemdesites.ws\/floresnoar\/?p=263"},"modified":"2012-06-24T11:16:28","modified_gmt":"2012-06-24T14:16:28","slug":"contra-o-projeto-novo-recife","status":"publish","type":"post","link":"https:\/\/portalfloresnoar.com\/floresnoar\/contra-o-projeto-novo-recife\/","title":{"rendered":"Contra o projeto &#8220;Novo Recife&#8221;"},"content":{"rendered":"<p><em><span style=\"color: red;\">Por Aline Rattacaso<\/span><\/em><br \/>\n(publicado originalmente no facebook, grupo <a href=\"http:\/\/www.facebook.com\/groups\/311111685607561\/\">Contra o projeto Novo Recife<\/a>)<\/p>\n<p>Em um leil\u00e3o de 2008, a Moura Dubeux comprou, por R$ 55,4 milh\u00f5es, a \u00e1rea da antiga Rede Ferrovi\u00e1ria Federal correspondente a 101 mil metros quadrados, com o objetivo de construir um complexo de edif\u00edcios residenciais e empresariais. Para isso, a construtora se uniu com mais outras duas: a Queiroz Galv\u00e3o e a GL. A ideia desse complexo &#8211; ao qual deram o nome de projeto Novo Recife &#8211; \u00e9 a constru\u00e7\u00e3o de 13 torres ao longo do Cais Jos\u00e9 Estelita.<!--more--><\/p>\n<p>\u201cEstamos desenvolvendo o masterplan e costurando o projeto com a Prefeitura do Recife. Vamos colocar um mix de produtos, uma s\u00e9rie de torres, flats, residenciais de tamanhos v\u00e1rios, unidades de 100 metros quadrados a 230 m\u00b2. O diferencial do nosso produto ser\u00e1 a revitaliza\u00e7\u00e3o daquela \u00e1rea\u201d, explica o superintendente de neg\u00f3cios da Queiroz Galv\u00e3o, M\u00facio Souto. [Em 05.11.2009]<\/p>\n<p>J\u00e1 imaginaram os impactos por tr\u00e1s desse discurso de desenvolvimento, revitaliza\u00e7\u00e3o e valoriza\u00e7\u00e3o da \u00e1rea em quest\u00e3o bem como da cidade do Recife? Nunca achei que pr\u00e9dios ultramodernos contribu\u00edssem para a beleza da cidade, principalmente quando ofuscam as constru\u00e7\u00f5es antigas e tradicionais. Al\u00e9m disso, esses arranha-c\u00e9us atrapalham a circula\u00e7\u00e3o do ar e tornam a cidade mais quente, abafada.Uma planta\u00e7\u00e3o de concreto s\u00f3 tende, a meu ver, a piorar a situa\u00e7\u00e3o clim\u00e1tica que j\u00e1 est\u00e1 fadada a ser mais torturante ainda em fun\u00e7\u00e3o do desequil\u00edbrio ambiental estampado na nossa cara todos os dias.<\/p>\n<p>Como se n\u00e3o bastasse, a Prefeitura do Recife, antes de aprovar um projeto como esse, deveria se ater a muitos outros pontos que merecem aten\u00e7\u00e3o primordial: pavimenta\u00e7\u00e3o das ruas, saneamento b\u00e1sico, moradias para a popula\u00e7\u00e3o que (sobre)vive em condi\u00e7\u00f5es extremas, recupera\u00e7\u00e3o de rios e \u00e1reas polu\u00eddas\/desmatadas, enfim, uma s\u00e9rie de negatividades espalhadas por a\u00ed. Por outro lado, isso n\u00e3o quer dizer que n\u00e3o haja cobran\u00e7a para com as construtoras em rela\u00e7\u00e3o aos efeitos da obra:<\/p>\n<p>A Prefeitura do Recife prometeu para a pr\u00f3xima semana listar as contrapartidas sociais para que a Moura Dubeux comece a tirar do papel, finalmente, o projeto de constru\u00e7\u00e3o de edif\u00edcios residenciais, comerciais e espa\u00e7os de lazer no Cais Jos\u00e9 Estelita. H\u00e1 quase dois anos a ideia come\u00e7ou a tomar forma do lado do empreendedor, desde que em outubro de 2008, a construtora arrematou, na \u00e1rea do cais, o terreno de 101 mil metros quadrados da antiga Rede Ferrovi\u00e1ria Federal (Refesa) por um lance de R$ 55,4 milh\u00f5es. O projeto entregue \u00e0 prefeitura ao final daquele ano ainda n\u00e3o foi liberado. Depois dos ajustes feitos na concep\u00e7\u00e3o do desenho, falta ainda o munic\u00edpio definir suas exig\u00eancias compensat\u00f3rias dos impactos previstos ap\u00f3s a constru\u00e7\u00e3o do complexo. As a\u00e7\u00f5es podem ser desde melhoria no sistema vi\u00e1rio at\u00e9 edifica\u00e7\u00e3o de casas populares. [Em 17.09.2010]<\/p>\n<p>Ainda assim, h\u00e1 uma ligeira \u201cimpress\u00e3o\u201d de que o Governo quer passar a batata-quente para as m\u00e3os de terceiros; i. e., ao ser conivente com o projeto, ele institui \u00e0s construtoras a\u00e7\u00f5es (como as que foram citadas anteriormente) que seriam de responsabilidade governamental. Ent\u00e3o, querendo ou n\u00e3o, fica mais f\u00e1cil aprovar um projeto que, para muitos, al\u00e9m de trazer benef\u00edcios \u00e0 cidade, ainda retira certos pesos dos ombros do governo.<\/p>\n<p>Na boa, minha gente, essa ideia \u00e9 p\u00e9ssima. N\u00e3o concordo com ela principalmente pelo exagero no tamanho dessas torres e pelo cen\u00e1rio que a cidade corre o risco de ganhar.<\/p>\n<p>H\u00e1 not\u00edcias por a\u00ed desde quando surgiu a ideia, mas uma, divulgada recentemente, aponta que em 60 dias o projeto Novo Recife ser\u00e1 aprovado e seu respectivo lan\u00e7amento ser\u00e1 no meio deste ano.<\/p>\n<p>Como j\u00e1 deixei claro, sou contra a essas ideias de progresso e desenvolvimento cada vez mais absurdas. Ser\u00e1 que ningu\u00e9m percebe que o mundo \u00e0 nossa volta realmente necessita de reparos e cuidados? Para mim, isso s\u00f3 vem a agravar a situa\u00e7\u00e3o ca\u00f3tica do meio ambiente.<\/p>\n<p>\u00c0 parte isso, n\u00e3o espero que todos tenham a mesma opini\u00e3o que apresento; quero, acima de tudo, divulgar algo que vai interferir crucialmente neste lugar onde vivemos e, de modo mais amplo, no planeta em que estamos inseridos. Sem dramatiza\u00e7\u00f5es. Ainda perguntam: &#8220;mas o que voc\u00ea acha que pode fazer contra isso?&#8221; Minha gente, sei l\u00e1. Eu sozinha n\u00e3o posso fazer nada. Mas diante de uma insatisfa\u00e7\u00e3o geral por parte da popula\u00e7\u00e3o alguma coisa deve ser revista e repensada, mesmo que os planos sejam concretizados. A exemplo, h\u00e1 o Parque Dona Lindu e toda a repercuss\u00e3o sobre o desmatamento da \u00e1rea em que ele foi constru\u00eddo. Pois \u00e9, ele foi constru\u00eddo, mas n\u00e3o sem muitos alaridos populares. Se consegu\u00edssemos ao menos adiar essa aprova\u00e7\u00e3o, prevista para daqui a dois meses, j\u00e1 seria algum tempo a mais sem o Recife-sauna do futuro. Espero que outras ideias surjam e que isso realmente seja levado a s\u00e9rio.A velha mania de achar que nossos esfor\u00e7os sempre ser\u00e3o em v\u00e3o j\u00e1 est\u00e1 obsoleta, pessoal.<\/p>\n<p>Numa sequ\u00eancia do mais recente para o mais antigo, seguem os links de onde foram retirados os trechos acima acerca do Projeto Novo Recife e alguns outros.E n\u00e3o deixem de assistir ao v\u00eddeo para ter no\u00e7\u00e3o do que esse projeto promete. \u00ac\u00ac<\/p>\n<p>http:\/\/jconline.ne10.uol.com.br\/can&#8230;<br \/>\nhttp:\/\/blogdasppps.blogspot.com\/201&#8230;<br \/>\nhttp:\/\/www.agenciasebrae.com.br\/not&#8230;<br \/>\nhttp:\/\/www.skyscrapercity.com\/showt&#8230;<\/p>\n<p>E n\u00e3o sei de quando s\u00e3o esses a\u00ed:<br \/>\nhttp:\/\/www.glempreendimentos.com.br\/&#8230;<br \/>\nhttp:\/\/www.cyberartes.com.br\/artigo&#8230;<\/p>\n<p>O v\u00eddeo de apresenta\u00e7\u00e3o do Projeto:<br \/>\nhttp:\/\/www.youtube.com\/watch?v=j8GU&#8230;<\/p>\n<div style=\"text-align: center;\">O primeiro passo para a conscientiza\u00e7\u00e3o \u00e9 a informa\u00e7\u00e3o!<\/div>\n","protected":false},"excerpt":{"rendered":"<p>Por Aline Rattacaso (publicado originalmente no facebook, grupo Contra o projeto Novo Recife) Em um leil\u00e3o de 2008, a Moura Dubeux comprou, por R$ 55,4 milh\u00f5es, a \u00e1rea da antiga Rede Ferrovi\u00e1ria Federal correspondente a 101 mil metros quadrados, com o objetivo de construir um complexo de edif\u00edcios residenciais e empresariais. Para isso, a construtora [&hellip;]<\/p>\n","protected":false},"author":1,"featured_media":0,"comment_status":"open","ping_status":"open","sticky":false,"template":"","format":"standard","meta":{"om_disable_all_campaigns":false,"_monsterinsights_skip_tracking":false,"_monsterinsights_sitenote_active":false,"_monsterinsights_sitenote_note":"","_monsterinsights_sitenote_category":0,"footnotes":""},"categories":[10],"tags":[40,24],"acf":[],"publishpress_future_action":{"enabled":false,"date":"1969-12-31 21:00:00","action":"","terms":[],"taxonomy":"","browser_timezone_offset":0},"_links":{"self":[{"href":"https:\/\/portalfloresnoar.com\/floresnoar\/wp-json\/wp\/v2\/posts\/263"}],"collection":[{"href":"https:\/\/portalfloresnoar.com\/floresnoar\/wp-json\/wp\/v2\/posts"}],"about":[{"href":"https:\/\/portalfloresnoar.com\/floresnoar\/wp-json\/wp\/v2\/types\/post"}],"author":[{"embeddable":true,"href":"https:\/\/portalfloresnoar.com\/floresnoar\/wp-json\/wp\/v2\/users\/1"}],"replies":[{"embeddable":true,"href":"https:\/\/portalfloresnoar.com\/floresnoar\/wp-json\/wp\/v2\/comments?post=263"}],"version-history":[{"count":0,"href":"https:\/\/portalfloresnoar.com\/floresnoar\/wp-json\/wp\/v2\/posts\/263\/revisions"}],"wp:attachment":[{"href":"https:\/\/portalfloresnoar.com\/floresnoar\/wp-json\/wp\/v2\/media?parent=263"}],"wp:term":[{"taxonomy":"category","embeddable":true,"href":"https:\/\/portalfloresnoar.com\/floresnoar\/wp-json\/wp\/v2\/categories?post=263"},{"taxonomy":"post_tag","embeddable":true,"href":"https:\/\/portalfloresnoar.com\/floresnoar\/wp-json\/wp\/v2\/tags?post=263"}],"curies":[{"name":"wp","href":"https:\/\/api.w.org\/{rel}","templated":true}]}}