

{"id":26289,"date":"2016-07-11T10:09:14","date_gmt":"2016-07-11T13:09:14","guid":{"rendered":"http:\/\/portalfloresnoar.com\/floresnoar\/?p=26289"},"modified":"2016-09-28T11:48:46","modified_gmt":"2016-09-28T14:48:46","slug":"agenda-pe-exposicao-de-guerra-zidanes-em-cartaz-de-169-a-910-no-xinxim-das-artes","status":"publish","type":"post","link":"https:\/\/portalfloresnoar.com\/floresnoar\/agenda-pe-exposicao-de-guerra-zidanes-em-cartaz-de-169-a-910-no-xinxim-das-artes\/","title":{"rendered":"[AGENDA PE] Exposi\u00e7\u00e3o de Guerra Zidanes em cartaz de 16\/9 a 9\/10 no Xinxim das Artes"},"content":{"rendered":"<p style=\"text-align: center;\"><img decoding=\"async\" loading=\"lazy\" class=\"aligncenter  wp-image-26296\" alt=\"expoczemsa\" src=\"http:\/\/portalfloresnoar.com\/floresnoar\/wp-content\/uploads\/2016\/09\/expocZEmsa.jpg\" width=\"700\" height=\"700\" srcset=\"https:\/\/portalfloresnoar.com\/floresnoar\/wp-content\/uploads\/2016\/09\/expocZEmsa.jpg 1000w, https:\/\/portalfloresnoar.com\/floresnoar\/wp-content\/uploads\/2016\/09\/expocZEmsa-150x150.jpg 150w, https:\/\/portalfloresnoar.com\/floresnoar\/wp-content\/uploads\/2016\/09\/expocZEmsa-300x300.jpg 300w, https:\/\/portalfloresnoar.com\/floresnoar\/wp-content\/uploads\/2016\/09\/expocZEmsa-100x100.jpg 100w\" sizes=\"(max-width: 700px) 100vw, 700px\" \/><\/p>\n<p style=\"text-align: left;\">De 16 de setembro a 9 de outubro fica em cartaz no espa\u00e7o Cultural Xinxim das Artes a exposi\u00e7\u00e3o &#8216;O meu berimbau de ouro tem a caba\u00e7a de prata&#8217;, com 20 quadros do artista pl\u00e1stico Guerra Zidanes. A abertura acontece no dia 16\/9, \u00e0s 20h. O Xinxim das Artes fica na rua Prudente de Morais, 444, Carmo, Olinda\/PE.<\/p>\n<p style=\"text-align: left;\"><img decoding=\"async\" loading=\"lazy\" class=\"aligncenter size-full wp-image-26297\" alt=\"guerra-zidanes\" src=\"http:\/\/portalfloresnoar.com\/floresnoar\/wp-content\/uploads\/2016\/09\/guerra-zidanes.jpg\" width=\"567\" height=\"565\" srcset=\"https:\/\/portalfloresnoar.com\/floresnoar\/wp-content\/uploads\/2016\/09\/guerra-zidanes.jpg 567w, https:\/\/portalfloresnoar.com\/floresnoar\/wp-content\/uploads\/2016\/09\/guerra-zidanes-150x150.jpg 150w, https:\/\/portalfloresnoar.com\/floresnoar\/wp-content\/uploads\/2016\/09\/guerra-zidanes-300x298.jpg 300w, https:\/\/portalfloresnoar.com\/floresnoar\/wp-content\/uploads\/2016\/09\/guerra-zidanes-100x100.jpg 100w\" sizes=\"(max-width: 567px) 100vw, 567px\" \/><\/p>\n","protected":false},"excerpt":{"rendered":"<p>De 16 de setembro a 9 de outubro fica em cartaz no espa\u00e7o Cultural Xinxim das Artes a exposi\u00e7\u00e3o &#8216;O meu berimbau de ouro tem a caba\u00e7a de prata&#8217;, com 20 quadros do artista pl\u00e1stico Guerra Zidanes. A abertura acontece no dia 16\/9, \u00e0s 20h. O Xinxim das Artes fica na rua Prudente de Morais, [&hellip;]<\/p>\n","protected":false},"author":1,"featured_media":26299,"comment_status":"open","ping_status":"open","sticky":false,"template":"","format":"standard","meta":{"om_disable_all_campaigns":false,"_monsterinsights_skip_tracking":false,"_monsterinsights_sitenote_active":false,"_monsterinsights_sitenote_note":"","_monsterinsights_sitenote_category":0,"footnotes":""},"categories":[8,214],"tags":[44,364,365],"acf":[],"publishpress_future_action":{"enabled":false,"date":"1969-12-31 21:00:00","action":"","terms":[],"taxonomy":"","browser_timezone_offset":0},"_links":{"self":[{"href":"https:\/\/portalfloresnoar.com\/floresnoar\/wp-json\/wp\/v2\/posts\/26289"}],"collection":[{"href":"https:\/\/portalfloresnoar.com\/floresnoar\/wp-json\/wp\/v2\/posts"}],"about":[{"href":"https:\/\/portalfloresnoar.com\/floresnoar\/wp-json\/wp\/v2\/types\/post"}],"author":[{"embeddable":true,"href":"https:\/\/portalfloresnoar.com\/floresnoar\/wp-json\/wp\/v2\/users\/1"}],"replies":[{"embeddable":true,"href":"https:\/\/portalfloresnoar.com\/floresnoar\/wp-json\/wp\/v2\/comments?post=26289"}],"version-history":[{"count":0,"href":"https:\/\/portalfloresnoar.com\/floresnoar\/wp-json\/wp\/v2\/posts\/26289\/revisions"}],"wp:featuredmedia":[{"embeddable":true,"href":"https:\/\/portalfloresnoar.com\/floresnoar\/wp-json\/wp\/v2\/media\/26299"}],"wp:attachment":[{"href":"https:\/\/portalfloresnoar.com\/floresnoar\/wp-json\/wp\/v2\/media?parent=26289"}],"wp:term":[{"taxonomy":"category","embeddable":true,"href":"https:\/\/portalfloresnoar.com\/floresnoar\/wp-json\/wp\/v2\/categories?post=26289"},{"taxonomy":"post_tag","embeddable":true,"href":"https:\/\/portalfloresnoar.com\/floresnoar\/wp-json\/wp\/v2\/tags?post=26289"}],"curies":[{"name":"wp","href":"https:\/\/api.w.org\/{rel}","templated":true}]}}