

{"id":26244,"date":"2022-03-02T04:53:17","date_gmt":"2022-03-02T07:53:17","guid":{"rendered":"http:\/\/portalfloresnoar.com\/floresnoar\/?p=26244"},"modified":"2022-03-02T13:02:04","modified_gmt":"2022-03-02T16:02:04","slug":"a-bandeira-do-brasil-que-a-gente-quer","status":"publish","type":"post","link":"https:\/\/portalfloresnoar.com\/floresnoar\/a-bandeira-do-brasil-que-a-gente-quer\/","title":{"rendered":"A Bandeira do Brasil que a gente quer!"},"content":{"rendered":"<p>&nbsp;<\/p>\n<figure id=\"attachment_26245\" aria-describedby=\"caption-attachment-26245\" style=\"width: 735px\" class=\"wp-caption aligncenter\"><img decoding=\"async\" loading=\"lazy\" class=\"wp-image-26245\" src=\"http:\/\/portalfloresnoar.com\/floresnoar\/wp-content\/uploads\/2016\/09\/bandeira-do-brasil-1.jpg\" alt=\"bandeira-do-brasil-1\" width=\"735\" height=\"510\" srcset=\"https:\/\/portalfloresnoar.com\/floresnoar\/wp-content\/uploads\/2016\/09\/bandeira-do-brasil-1.jpg 1009w, https:\/\/portalfloresnoar.com\/floresnoar\/wp-content\/uploads\/2016\/09\/bandeira-do-brasil-1-300x208.jpg 300w\" sizes=\"(max-width: 735px) 100vw, 735px\" \/><figcaption id=\"caption-attachment-26245\" class=\"wp-caption-text\">Ilustra\u00e7\u00e3o: Lua (@lunatxica)<\/figcaption><\/figure>\n<p>| Da Reda\u00e7\u00e3o Flores no Ar |<\/p>\n<p>O lema nacional da Rep\u00fablica Federativa do Brasil &#8216;Ordem e Progresso&#8217; \u00e9 inspirado no lema positivista formulado pelo fil\u00f3sofo franc\u00eas Auguste Comte: &#8220;O Amor por princ\u00edpio e a Ordem por base; o Progresso por fim&#8221; (em franc\u00eas L&#8217;amour pour principe et l&#8217;ordre pour base; le progr\u00e8s pour but.).<\/p>\n<p>&#8211; O Amor deve coordenar o princ\u00edpio de todas as a\u00e7\u00f5es individuais e coletivas.<br \/>\n&#8211; A Ordem consiste na conserva\u00e7\u00e3o e manuten\u00e7\u00e3o de tudo o que \u00e9 bom, belo e positivo.<br \/>\n&#8211; O Progresso \u00e9 a consequ\u00eancia do desenvolvimento e aperfei\u00e7oamento da Ordem.<\/p>\n<p>S\u00f3 que retiraram exatamente o mais importante, o Amor.<\/p>\n<p>O Amor precisa ser o verdadeiro lema do nosso Pa\u00eds. S\u00f3 com &#8216;ordem e progresso&#8217; n\u00e3o d\u00e1!<\/p>\n","protected":false},"excerpt":{"rendered":"<p>&nbsp; | Da Reda\u00e7\u00e3o Flores no Ar | O lema nacional da Rep\u00fablica Federativa do Brasil &#8216;Ordem e Progresso&#8217; \u00e9 inspirado no lema positivista formulado pelo fil\u00f3sofo franc\u00eas Auguste Comte: &#8220;O Amor por princ\u00edpio e a Ordem por base; o Progresso por fim&#8221; (em franc\u00eas L&#8217;amour pour principe et l&#8217;ordre pour base; le progr\u00e8s pour [&hellip;]<\/p>\n","protected":false},"author":1,"featured_media":26245,"comment_status":"open","ping_status":"open","sticky":false,"template":"","format":"standard","meta":{"om_disable_all_campaigns":false,"_monsterinsights_skip_tracking":false,"_monsterinsights_sitenote_active":false,"_monsterinsights_sitenote_note":"","_monsterinsights_sitenote_category":0,"footnotes":""},"categories":[12],"tags":[361,24,359],"acf":[],"publishpress_future_action":{"enabled":false,"date":"1969-12-31 21:00:00","action":"","terms":[],"taxonomy":"","browser_timezone_offset":0},"_links":{"self":[{"href":"https:\/\/portalfloresnoar.com\/floresnoar\/wp-json\/wp\/v2\/posts\/26244"}],"collection":[{"href":"https:\/\/portalfloresnoar.com\/floresnoar\/wp-json\/wp\/v2\/posts"}],"about":[{"href":"https:\/\/portalfloresnoar.com\/floresnoar\/wp-json\/wp\/v2\/types\/post"}],"author":[{"embeddable":true,"href":"https:\/\/portalfloresnoar.com\/floresnoar\/wp-json\/wp\/v2\/users\/1"}],"replies":[{"embeddable":true,"href":"https:\/\/portalfloresnoar.com\/floresnoar\/wp-json\/wp\/v2\/comments?post=26244"}],"version-history":[{"count":0,"href":"https:\/\/portalfloresnoar.com\/floresnoar\/wp-json\/wp\/v2\/posts\/26244\/revisions"}],"wp:featuredmedia":[{"embeddable":true,"href":"https:\/\/portalfloresnoar.com\/floresnoar\/wp-json\/wp\/v2\/media\/26245"}],"wp:attachment":[{"href":"https:\/\/portalfloresnoar.com\/floresnoar\/wp-json\/wp\/v2\/media?parent=26244"}],"wp:term":[{"taxonomy":"category","embeddable":true,"href":"https:\/\/portalfloresnoar.com\/floresnoar\/wp-json\/wp\/v2\/categories?post=26244"},{"taxonomy":"post_tag","embeddable":true,"href":"https:\/\/portalfloresnoar.com\/floresnoar\/wp-json\/wp\/v2\/tags?post=26244"}],"curies":[{"name":"wp","href":"https:\/\/api.w.org\/{rel}","templated":true}]}}