

{"id":26212,"date":"2016-07-04T15:19:45","date_gmt":"2016-07-04T18:19:45","guid":{"rendered":"http:\/\/portalfloresnoar.com\/floresnoar\/?p=26212"},"modified":"2016-09-08T09:11:25","modified_gmt":"2016-09-08T12:11:25","slug":"agenda-pe-estreia-do-rock-na-budega-nesta-terca-com-inominaveis-lu-rabelo-e-dj-pos","status":"publish","type":"post","link":"https:\/\/portalfloresnoar.com\/floresnoar\/agenda-pe-estreia-do-rock-na-budega-nesta-terca-com-inominaveis-lu-rabelo-e-dj-pos\/","title":{"rendered":"[AGENDA PE] Estreia do Rock na Budega, dia 6\/9, com Inomin\u00e1veis, Lu Rabelo e DJ P\u00f3s"},"content":{"rendered":"<p style=\"text-align: center;\"><img decoding=\"async\" loading=\"lazy\" class=\"aligncenter  wp-image-26213\" alt=\"flyer rock na budega\" src=\"http:\/\/portalfloresnoar.com\/floresnoar\/wp-content\/uploads\/2016\/09\/flyer-rock-na-budega.jpg\" width=\"691\" height=\"530\" srcset=\"https:\/\/portalfloresnoar.com\/floresnoar\/wp-content\/uploads\/2016\/09\/flyer-rock-na-budega.jpg 960w, https:\/\/portalfloresnoar.com\/floresnoar\/wp-content\/uploads\/2016\/09\/flyer-rock-na-budega-300x230.jpg 300w\" sizes=\"(max-width: 691px) 100vw, 691px\" \/><\/p>\n<p>Nesta ter\u00e7a-feira (6\/9), v\u00e9spera de feriado, \u00e9 a estreia do mais novo projeto da cena underground do <em>rock and roll<\/em> pernambucano, o Rock na Budega, no Recanto da Budega do Eduardo, no Torre\u00e3o.<\/p>\n<p>A festa come\u00e7a \u00e0s 19h, com o DJ P\u00f3s nas pickups, com sua cole\u00e7\u00e3o de LPs de rock nacional e internacional. \u00c0s 21h, se apresenta<a href=\"https:\/\/www.facebook.com\/cantodelu7\" target=\"_blank\"> Lu Rabelo <\/a>e banda (Ant\u00f4nio de Hollanda, Felipe Weinberg e Vitor Andrade), com blues e reggaes autorais, al\u00e9m de uns rock de protesto. Em seguida \u00e9 a vez da banda Inomin\u00e1veis, que apresentar\u00e1 um repert\u00f3rio autoral de rock and roll.<\/p>\n<p>Vai rolar aquela cerva geladinha e comidinhas saborosas para tornar a noite ainda mais instigante. Entrada gr\u00e1tis, mas vai rolar um sorteio colaborativo para ajudar financeiramente na organiza\u00e7\u00e3o do evento.<\/p>\n<figure id=\"attachment_26231\" aria-describedby=\"caption-attachment-26231\" style=\"width: 718px\" class=\"wp-caption aligncenter\"><img decoding=\"async\" loading=\"lazy\" class=\"size-full wp-image-26231\" alt=\"fotos rock na budega\" src=\"http:\/\/portalfloresnoar.com\/floresnoar\/wp-content\/uploads\/2016\/09\/fotos-rock-na-budega.jpg\" width=\"718\" height=\"334\" srcset=\"https:\/\/portalfloresnoar.com\/floresnoar\/wp-content\/uploads\/2016\/09\/fotos-rock-na-budega.jpg 718w, https:\/\/portalfloresnoar.com\/floresnoar\/wp-content\/uploads\/2016\/09\/fotos-rock-na-budega-300x139.jpg 300w\" sizes=\"(max-width: 718px) 100vw, 718px\" \/><figcaption id=\"caption-attachment-26231\" class=\"wp-caption-text\">DJ P\u00f3s, Lu Rabelo e a banda Inomin\u00e1veis ser\u00e3o as atra\u00e7\u00f5es<\/figcaption><\/figure>\n<p><strong>ROCK NA BUDEGA<\/strong><br \/>\n<strong>Dia: <\/strong>6 de setembro de 2016<br \/>\n<strong>Hora:<\/strong> a partir das 19h<br \/>\n<strong>Local:<\/strong> Recanto da Budega do Eduardo &#8211; rua Padre Migueilho, Torre\u00e3o, Recife. Aqui tem o mapa: <a href=\"https:\/\/kekanto.com.br\/como-chegar\/budega-do-eduardo\" target=\"_blank\">https:\/\/kekanto.com.br\/como-chegar\/budega-do-eduardo<\/a><br \/>\n<strong>Atra\u00e7\u00f5es:<\/strong> DJ P\u00f3s | Lu Rabelo | Inomin\u00e1veis<br \/>\n<strong>Ingresso:<\/strong> Gratuito<\/p>\n<p><strong>Evento no Facebook:<\/strong>\u00a0<a href=\"https:\/\/www.facebook.com\/events\/1767679823480424\/\" target=\"_blank\">https:\/\/www.facebook.com\/events\/1767679823480424\/<\/a><\/p>\n","protected":false},"excerpt":{"rendered":"<p>Nesta ter\u00e7a-feira (6\/9), v\u00e9spera de feriado, \u00e9 a estreia do mais novo projeto da cena underground do rock and roll pernambucano, o Rock na Budega, no Recanto da Budega do Eduardo, no Torre\u00e3o. A festa come\u00e7a \u00e0s 19h, com o DJ P\u00f3s nas pickups, com sua cole\u00e7\u00e3o de LPs de rock nacional e internacional. \u00c0s [&hellip;]<\/p>\n","protected":false},"author":1,"featured_media":26214,"comment_status":"open","ping_status":"open","sticky":false,"template":"","format":"standard","meta":{"om_disable_all_campaigns":false,"_monsterinsights_skip_tracking":false,"_monsterinsights_sitenote_active":false,"_monsterinsights_sitenote_note":"","_monsterinsights_sitenote_category":0,"footnotes":""},"categories":[8,214],"tags":[125],"acf":[],"publishpress_future_action":{"enabled":false,"date":"1969-12-31 21:00:00","action":"","terms":[],"taxonomy":"","browser_timezone_offset":0},"_links":{"self":[{"href":"https:\/\/portalfloresnoar.com\/floresnoar\/wp-json\/wp\/v2\/posts\/26212"}],"collection":[{"href":"https:\/\/portalfloresnoar.com\/floresnoar\/wp-json\/wp\/v2\/posts"}],"about":[{"href":"https:\/\/portalfloresnoar.com\/floresnoar\/wp-json\/wp\/v2\/types\/post"}],"author":[{"embeddable":true,"href":"https:\/\/portalfloresnoar.com\/floresnoar\/wp-json\/wp\/v2\/users\/1"}],"replies":[{"embeddable":true,"href":"https:\/\/portalfloresnoar.com\/floresnoar\/wp-json\/wp\/v2\/comments?post=26212"}],"version-history":[{"count":0,"href":"https:\/\/portalfloresnoar.com\/floresnoar\/wp-json\/wp\/v2\/posts\/26212\/revisions"}],"wp:featuredmedia":[{"embeddable":true,"href":"https:\/\/portalfloresnoar.com\/floresnoar\/wp-json\/wp\/v2\/media\/26214"}],"wp:attachment":[{"href":"https:\/\/portalfloresnoar.com\/floresnoar\/wp-json\/wp\/v2\/media?parent=26212"}],"wp:term":[{"taxonomy":"category","embeddable":true,"href":"https:\/\/portalfloresnoar.com\/floresnoar\/wp-json\/wp\/v2\/categories?post=26212"},{"taxonomy":"post_tag","embeddable":true,"href":"https:\/\/portalfloresnoar.com\/floresnoar\/wp-json\/wp\/v2\/tags?post=26212"}],"curies":[{"name":"wp","href":"https:\/\/api.w.org\/{rel}","templated":true}]}}