

{"id":26171,"date":"2016-08-16T11:25:30","date_gmt":"2016-08-16T14:25:30","guid":{"rendered":"http:\/\/portalfloresnoar.com\/floresnoar\/?p=26171"},"modified":"2016-09-28T12:03:30","modified_gmt":"2016-09-28T15:03:30","slug":"agenda-pe-curso-de-florais-da-amazonia-em-outubro-no-recife","status":"publish","type":"post","link":"https:\/\/portalfloresnoar.com\/floresnoar\/agenda-pe-curso-de-florais-da-amazonia-em-outubro-no-recife\/","title":{"rendered":"[AGENDA PE] Curso de Florais da Amaz\u00f4nia em outubro no Recife"},"content":{"rendered":"<p><img decoding=\"async\" loading=\"lazy\" class=\"aligncenter size-full wp-image-26176\" alt=\"florais da amazonia recife\" src=\"http:\/\/portalfloresnoar.com\/floresnoar\/wp-content\/uploads\/2016\/09\/florais-da-amazonia-recife.jpg\" width=\"720\" height=\"540\" srcset=\"https:\/\/portalfloresnoar.com\/floresnoar\/wp-content\/uploads\/2016\/09\/florais-da-amazonia-recife.jpg 720w, https:\/\/portalfloresnoar.com\/floresnoar\/wp-content\/uploads\/2016\/09\/florais-da-amazonia-recife-300x225.jpg 300w, https:\/\/portalfloresnoar.com\/floresnoar\/wp-content\/uploads\/2016\/09\/florais-da-amazonia-recife-160x120.jpg 160w\" sizes=\"(max-width: 720px) 100vw, 720px\" \/><\/p>\n<p>Recife sedia em outubro o Curso B\u00e1sico I e III de Florais da Amaz\u00f4nia. O B\u00e1sico I acontecer\u00e1 nos dias 15 e 16 de outubro e ser\u00e1 facilitado por J\u00falia Freire, filha da Maria Alice, Multiplicadora do Sistema Florais da Amaz\u00f4nia e Sistematizadora dos Florais Iapuna. No final de semana seguinte, dias 22 e 23 de outubro, ser\u00e1 a vez do Curso B\u00e1sico III: Processos Terap\u00eauticos, com a pr\u00f3pria Maria Alice Campos Freire.<\/p>\n<p>&#8220;No seio da mata virgem, na milenar Floresta Amaz\u00f4nica, vigora, pois, um alto n\u00edvel de sa\u00fade e alegria de viver. Esta poderosa entidade sobrevivente da devasta\u00e7\u00e3o do planeta, encerra com certeza os rem\u00e9dios para as doen\u00e7as dos tempos atuais e dos que vir\u00e3o. Seu grande poder espiritual e fecundo aponta para uma perspectiva libertadora.<br \/>\nA mata em flor \u00e9 a express\u00e3o mais representativa desta for\u00e7a de cura, pois as flores representam a ess\u00eancia, o cora\u00e7\u00e3o, a anima da planta. Por tudo isso, venho trazendo esse bom rem\u00e9dio, na esperan\u00e7a de poder apresentar uma ajuda valiosa na supera\u00e7\u00e3o dos desequil\u00edbrios e sofrimentos que povoam as cidades do mundo, um rem\u00e9dio suave e eficaz no processo da cura global da humanidade&#8221;, declara Maria Alice Campos Freire, co-sintonizadora do sistema de Florais da Amaz\u00f4nia, fundadora do Centro Medicina da Floresta e membro do Conselho Internacional das 13 av\u00f3s nativas.<\/p>\n<p><em><strong>Confira abaixo as informa\u00e7\u00f5es detalhadas sobre cada curso!<\/strong><\/em><\/p>\n<h4>CURSO B\u00c1SICO I &#8211;\u00a0A CLASSIFICA\u00c7\u00c3O NA ORDEM DA NATUREZA<\/h4>\n<p><strong>Conte\u00fado Central:<\/strong><br \/>\nApresenta\u00e7\u00e3o do sistema<\/p>\n<p><strong>Conte\u00fado Espec\u00edfico:<\/strong><br \/>\n&#8211; Introdu\u00e7\u00e3o \u00c0 Elementoterapia<br \/>\n&#8211; Linguagem \/Atitude interna<br \/>\n&#8211; A classifica\u00e7\u00e3o \/ As flores na ordem da natureza<br \/>\n&#8211; Processos de cura: N\u00edveis de manifesta\u00e7\u00e3o, Diagn\u00f3stico, Padr\u00e3o negativo<\/p>\n<p><strong>Facilitadora:<\/strong> J\u00falia Freire de Medeiros, Sistematizadora dos Florais Iapuna e Multiplicadora dos Florais da Amaz\u00f4nia.<\/p>\n<p><strong>Datas:<\/strong> 15 e 16 de outubro de 2016 (s\u00e1bado e domingo)<br \/>\n<strong>Hor\u00e1rio:<\/strong> 8h \u00e0s 17h (com uma hora de intervalo para almo\u00e7o)<br \/>\n<strong>Local:<\/strong> Escola de Biodanza Aldeia Viva+, localizada no km 9,5 de Aldeia.<br \/>\n<strong>Carga hor\u00e1ria:<\/strong> 16h (Certificado emitido pelo Centro Medicina da Floresta)<br \/>\n<strong>Investimento:<\/strong> R$ 420*<\/p>\n<h4><strong>CURSO B\u00c1SICO III &#8211; Processos Terap\u00eauticos<\/strong><\/h4>\n<p>No curso Processos Terap\u00eauticos e os Florais da Amaz\u00f4nia &#8211; n\u00edvel B\u00e1sico III, vamos desenvolver o estudo dos n\u00edveis de manifesta\u00e7\u00e3o, diagn\u00f3stico, padr\u00e3o negativo, alicer\u00e7ando o foco da abordagem terap\u00eautica do sistema. At\u00e9 aqui, nosso olhar se debru\u00e7ou sobre as leis da natureza e sua revela\u00e7\u00e3o nos reinos vegetal, e intermedi\u00e1rios, como uma refer\u00eancia de sa\u00fade. Neste ponto nosso foco se direciona inteiramente ao ser humano e o resgate destas leis dentro do seu campo interno.<\/p>\n<p>O curso ser\u00e1 dinamizado por f\u00f3rmulas dos florais criadas para atender situa\u00e7\u00f5es terap\u00eauticas espec\u00edficas. O estudo destas f\u00f3rmulas tamb\u00e9m far\u00e1 parte do programa.<\/p>\n<p><strong>Facilitadora:<\/strong>\u00a0Maria Alice Campos Freire, Sintonizadora do Sistema Florais da Amaz\u00f4nia. Fundadora do Centro Medicina da Floresta. Membro do Conselho Internacional das 13 av\u00f3s nativas.<\/p>\n<p><strong>Datas:<\/strong> 22 e 23 de outubro, s\u00e1bado e domingo.<br \/>\n<strong>Hor\u00e1rio:<\/strong> 8h \u00e0s 17h (com uma hora de intervalo para almo\u00e7o)<br \/>\n<strong>Local:<\/strong> Escola de Biodanza Aldeia Viva+, localizada no km 9,5 de Aldeia.<br \/>\n<strong>Carga hor\u00e1ria:<\/strong> 16h\u00a0(Certificado emitido pelo Centro Medicina da Floresta)<br \/>\n<strong>Investimento:<\/strong> R$ 420*<\/p>\n<p><span style=\"line-height: 1.71429; letter-spacing: 0em;\">* Dispomos de op\u00e7\u00e3o de parcelamento pelo cart\u00e3o de cr\u00e9dito via Pagseguro UOL.<\/span><\/p>\n<p><em>Vagas limitadas!<\/em><\/p>\n<p><strong>Informa\u00e7\u00f5es e inscri\u00e7\u00f5es:<\/strong><br \/>\n7sereias@gmail.com<br \/>\n(81) 997940225 \/ 984572630<\/p>\n","protected":false},"excerpt":{"rendered":"<p>Recife sedia em outubro o Curso B\u00e1sico I e III de Florais da Amaz\u00f4nia. O B\u00e1sico I acontecer\u00e1 nos dias 15 e 16 de outubro e ser\u00e1 facilitado por J\u00falia Freire, filha da Maria Alice, Multiplicadora do Sistema Florais da Amaz\u00f4nia e Sistematizadora dos Florais Iapuna. No final de semana seguinte, dias 22 e 23 [&hellip;]<\/p>\n","protected":false},"author":1,"featured_media":26177,"comment_status":"open","ping_status":"open","sticky":false,"template":"","format":"standard","meta":{"om_disable_all_campaigns":false,"_monsterinsights_skip_tracking":false,"_monsterinsights_sitenote_active":false,"_monsterinsights_sitenote_note":"","_monsterinsights_sitenote_category":0,"footnotes":""},"categories":[8,214],"tags":[167,70],"acf":[],"publishpress_future_action":{"enabled":false,"date":"1969-12-31 21:00:00","action":"","terms":[],"taxonomy":"","browser_timezone_offset":0},"_links":{"self":[{"href":"https:\/\/portalfloresnoar.com\/floresnoar\/wp-json\/wp\/v2\/posts\/26171"}],"collection":[{"href":"https:\/\/portalfloresnoar.com\/floresnoar\/wp-json\/wp\/v2\/posts"}],"about":[{"href":"https:\/\/portalfloresnoar.com\/floresnoar\/wp-json\/wp\/v2\/types\/post"}],"author":[{"embeddable":true,"href":"https:\/\/portalfloresnoar.com\/floresnoar\/wp-json\/wp\/v2\/users\/1"}],"replies":[{"embeddable":true,"href":"https:\/\/portalfloresnoar.com\/floresnoar\/wp-json\/wp\/v2\/comments?post=26171"}],"version-history":[{"count":0,"href":"https:\/\/portalfloresnoar.com\/floresnoar\/wp-json\/wp\/v2\/posts\/26171\/revisions"}],"wp:featuredmedia":[{"embeddable":true,"href":"https:\/\/portalfloresnoar.com\/floresnoar\/wp-json\/wp\/v2\/media\/26177"}],"wp:attachment":[{"href":"https:\/\/portalfloresnoar.com\/floresnoar\/wp-json\/wp\/v2\/media?parent=26171"}],"wp:term":[{"taxonomy":"category","embeddable":true,"href":"https:\/\/portalfloresnoar.com\/floresnoar\/wp-json\/wp\/v2\/categories?post=26171"},{"taxonomy":"post_tag","embeddable":true,"href":"https:\/\/portalfloresnoar.com\/floresnoar\/wp-json\/wp\/v2\/tags?post=26171"}],"curies":[{"name":"wp","href":"https:\/\/api.w.org\/{rel}","templated":true}]}}