

{"id":26166,"date":"2016-08-31T23:02:05","date_gmt":"2016-09-01T02:02:05","guid":{"rendered":"http:\/\/portalfloresnoar.com\/floresnoar\/?p=26166"},"modified":"2022-02-22T13:35:31","modified_gmt":"2022-02-22T16:35:31","slug":"quero-dizer-que-nao-aceito-este-golpe","status":"publish","type":"post","link":"https:\/\/portalfloresnoar.com\/floresnoar\/quero-dizer-que-nao-aceito-este-golpe\/","title":{"rendered":"[CANTO DE LU] Quero dizer que n\u00e3o aceito este golpe!"},"content":{"rendered":"<p>| <em>Por Lu Rabelo*<\/em> |<\/p>\n<p>\u201cE agora?\u201d<br \/>\nFoi a primeira coisa que me passou na mente quando ouvi no r\u00e1dio do carro que Dilma n\u00e3o era mais presidente na tarde de hoje, 31 de agosto de 2016. Parei o carro e fui chorar com o Mar.<\/p>\n<p>Vou aqui evocar agora o nome de Deus e, principalmente, das Deusas para questionar: porque \u00e9 assim? Porque os valores invertidos, a gan\u00e2ncia, o ego\u00edsmo, a insensibilidade, a falsidade, a safadeza, a canalhice contamina ainda tantos?<\/p>\n<p>\u00c9, minha gente, t\u00f4 desiludida. A democracia no nosso Pa\u00eds n\u00e3o t\u00e1 existindo. O voto, que eu pensava que valia tanto, num vale nada.<\/p>\n<p>Volto ao \u201cE agora?\u201d e penso o que fazer!?<\/p>\n<p>Vou procurando respostas na via de sair deste sistema. J\u00e1 deu. Ou melhor, n\u00e3o deu! Tem que ser de outro jeito. Pra viver aqui na Terra tem que ser de outro jeito. Mudan\u00e7a grande!<\/p>\n<p>Como abandonar padr\u00f5es que n\u00e3o nos alimentam verdadeiramente? S\u00e3o muitos passos.<\/p>\n<p>Quero dizer que n\u00e3o aceito este golpe!<\/p>\n<p>E que t\u00f4 disposta a transformar em mim o que precisa ser transformado e atuar com firmeza e consci\u00eancia pra gente viver com mais Amor e Justi\u00e7a.<\/p>\n<p>E que creio em outra Justi\u00e7a, muito al\u00e9m da dos homens.<\/p>\n<p>E que vou cantar cada vez mais!<\/p>\n<p>Dilma, minha digna presidenta, gratid\u00e3o!<\/p>\n<p><em>Recife, Pernambuco, Brasil \u2013 31 de agosto de 2016.<\/em><\/p>\n<p><em>* Lu Rabelo\u00a0\u00e9\u00a0<a href=\"https:\/\/www.facebook.com\/cantadeiralu\" target=\"_blank\" rel=\"noopener\">cantadeira<\/a>,\u00a0<a href=\"https:\/\/www.instagram.com\/jardimarteterapeutico\/\" target=\"_blank\" rel=\"noopener\">arteterapeuta<\/a>, jornalista e editora do\u00a0<a href=\"http:\/\/portalfloresnoar.com\/\" target=\"_blank\" rel=\"noopener\">Portal Flores no Ar.<\/a><\/em><\/p>\n","protected":false},"excerpt":{"rendered":"<p>| Por Lu Rabelo* | \u201cE agora?\u201d Foi a primeira coisa que me passou na mente quando ouvi no r\u00e1dio do carro que Dilma n\u00e3o era mais presidente na tarde de hoje, 31 de agosto de 2016. Parei o carro e fui chorar com o Mar. Vou aqui evocar agora o nome de Deus e, [&hellip;]<\/p>\n","protected":false},"author":1,"featured_media":41073,"comment_status":"open","ping_status":"open","sticky":false,"template":"","format":"standard","meta":{"om_disable_all_campaigns":false,"_monsterinsights_skip_tracking":false,"_monsterinsights_sitenote_active":false,"_monsterinsights_sitenote_note":"","_monsterinsights_sitenote_category":0,"footnotes":""},"categories":[227,220],"tags":[19,359],"acf":[],"publishpress_future_action":{"enabled":false,"date":"1969-12-31 21:00:00","action":"","terms":[],"taxonomy":"","browser_timezone_offset":0},"_links":{"self":[{"href":"https:\/\/portalfloresnoar.com\/floresnoar\/wp-json\/wp\/v2\/posts\/26166"}],"collection":[{"href":"https:\/\/portalfloresnoar.com\/floresnoar\/wp-json\/wp\/v2\/posts"}],"about":[{"href":"https:\/\/portalfloresnoar.com\/floresnoar\/wp-json\/wp\/v2\/types\/post"}],"author":[{"embeddable":true,"href":"https:\/\/portalfloresnoar.com\/floresnoar\/wp-json\/wp\/v2\/users\/1"}],"replies":[{"embeddable":true,"href":"https:\/\/portalfloresnoar.com\/floresnoar\/wp-json\/wp\/v2\/comments?post=26166"}],"version-history":[{"count":0,"href":"https:\/\/portalfloresnoar.com\/floresnoar\/wp-json\/wp\/v2\/posts\/26166\/revisions"}],"wp:featuredmedia":[{"embeddable":true,"href":"https:\/\/portalfloresnoar.com\/floresnoar\/wp-json\/wp\/v2\/media\/41073"}],"wp:attachment":[{"href":"https:\/\/portalfloresnoar.com\/floresnoar\/wp-json\/wp\/v2\/media?parent=26166"}],"wp:term":[{"taxonomy":"category","embeddable":true,"href":"https:\/\/portalfloresnoar.com\/floresnoar\/wp-json\/wp\/v2\/categories?post=26166"},{"taxonomy":"post_tag","embeddable":true,"href":"https:\/\/portalfloresnoar.com\/floresnoar\/wp-json\/wp\/v2\/tags?post=26166"}],"curies":[{"name":"wp","href":"https:\/\/api.w.org\/{rel}","templated":true}]}}