

{"id":26146,"date":"2016-08-03T11:30:42","date_gmt":"2016-08-03T14:30:42","guid":{"rendered":"http:\/\/portalfloresnoar.com\/floresnoar\/?p=26146"},"modified":"2016-09-15T11:35:33","modified_gmt":"2016-09-15T14:35:33","slug":"agenda-pe-abertura-da-exposicao-de-bordados-incomum-dia-69-na-galeria-maumau","status":"publish","type":"post","link":"https:\/\/portalfloresnoar.com\/floresnoar\/agenda-pe-abertura-da-exposicao-de-bordados-incomum-dia-69-na-galeria-maumau\/","title":{"rendered":"[AGENDA PE] Exposi\u00e7\u00e3o de bordados &#8216;Incomum&#8217; est\u00e1 em cartaz na Galeria Maumau at\u00e9 20\/9"},"content":{"rendered":"<p><img decoding=\"async\" loading=\"lazy\" class=\"aligncenter size-full wp-image-26149\" alt=\"exposi\u00e7\u00e3o incomum\" src=\"http:\/\/portalfloresnoar.com\/floresnoar\/wp-content\/uploads\/2016\/08\/exposi\u00e7\u00e3o-incomum.jpg\" width=\"576\" height=\"773\" srcset=\"https:\/\/portalfloresnoar.com\/floresnoar\/wp-content\/uploads\/2016\/08\/exposi\u00e7\u00e3o-incomum.jpg 576w, https:\/\/portalfloresnoar.com\/floresnoar\/wp-content\/uploads\/2016\/08\/exposi\u00e7\u00e3o-incomum-223x300.jpg 223w\" sizes=\"(max-width: 576px) 100vw, 576px\" \/><\/p>\n<p>Est\u00e1 em cartaz na Galeria Maumau, no Recife, at\u00e9 o dia 20 de de setembro, a exposi\u00e7\u00e3o de bordados &#8216;Incomum, das artistas Clara Nogueira e Clarissa Machado.<\/p>\n<p>Tendo a linha como meio para expressar a din\u00e2mica do existir, no que as afetam, Clara e Clarissa nos convidam a coabitar o espa\u00e7o feminino da feitura do bordado, ao \u00edntimo contr\u00e1rio da obedi\u00eancia \u00e0 forma tradicional. Relegados pelos mofados consensos \u00e0s prateleiras da arte menor, a linguagem das linhas nas m\u00e3os de Clara e Clarissa \u00e9 um meio de respirar o poss\u00edvel, de criar situa\u00e7\u00f5es e reflex\u00f5es de amplitudes pessoais e experimenta\u00e7\u00f5es.<\/p>\n<p>Com a frequ\u00eancia criativa determinadas pelas pausas da rotina (costuras da vida), as artistas exibem o resultado de dois anos de trabalho que, em sua diversidade de argumentos (incomum) dividem o (em) comum da linguagem art\u00edsticas escolhidas por elas, as linhas.<\/p>\n<p>Amparadas pelo ordume incomum, as duas linhas tem\u00e1ticas transitam na contiguidade dial\u00f3gica entre o experimento com a produ\u00e7\u00e3o do imagin\u00e1rio subjetivo e a viv\u00eancia do espa\u00e7o afetivo do corpo e da maternidade. Este espa\u00e7o, que agora se abre na permiss\u00e3o das entrelinhas, \u00e9 resultado da necessidade de fazer nascer, de arrancar situa\u00e7\u00f5es ao vazio.<\/p>\n<p>As artistas sempre tiveram em seu universo criativo um enlace com o vi\u00e9s t\u00eaxtil. A amizade e o fasc\u00ednio pelas linhas fizeram-nas parceiras em cursos de costura, de gravura t\u00eaxtil, ministrando oficinas de bordado e agora nesta exposi\u00e7\u00e3o.<\/p>\n<p>Incomum no argumento, comum na linguagem, Clara e Clarissa nos convidam a um passeio v\u00edsceral e extraordin\u00e1rio, onde unem a pot\u00eancia da trama \u00e0 experimentos m\u00faltiplos com a linha e outras t\u00e9cnicas. Um bordado e tecelagem livres, apenas amarrados ali pela vontade de libertar o sentimento interino, transgressor, incomum.<\/p>\n<p><strong>Clara Nogueira<\/strong><br \/>\nArquiteta e Urbanista, m\u00e3e de Jos\u00e9, borda afetos desde a inf\u00e2ncia, costumava fazer pe\u00e7as para presentear seus amigos e amantes. Em 2015 gerou o \u201cLinhas de Fuga\u201d, seu projeto pessoal, plataforma utilizada para divulgar seus trabalhos t\u00eaxteis que divagam entre o real e o imagin\u00e1rio. Pe\u00e7as geradas por seus colapsos internos e revolu\u00e7\u00f5es. Em 2016, participou da Mostra #Delas3 n\u2019A Casa do Cachorro Preto com dois trabalhos :\u201cVias Uterinas\u201d e \u201cPeito Nu\u201d.<\/p>\n<p><strong>Clarissa Machado<\/strong><br \/>\nArtista Pl\u00e1stica formada pela UFPE, e mestranda em Artes Visuais, arte educadora e m\u00e3e de duas meninas. J\u00e1 teve seus trabalhos de v\u00eddeo arte apresentados em Sal\u00f5es Universit\u00e1rios e curta-metragem premiado em festival de cinema. Atualmente desenvolve um trabalho com linhas e tecidos explorando as possibilidades pict\u00f3ricas do bordado. Em 2016, participou da Mostra #Delas3 n\u2019A Casa do Cachorro Preto.<\/p>\n<p><strong>Exposi\u00e7\u00e3o INCOMUM, de Clara Nogueira e Clarissa Machado<\/strong><br \/>\n<strong>Data: <\/strong>de 6 a 20 de setembro de 2016<strong><br \/>\nHor\u00e1rio da visita\u00e7\u00e3o: <\/strong>Ter e qui de 14h \u00e0s 20h\/ S\u00e1bados de 16h \u00e0s 20h<strong><br \/>\n<strong>Local:<\/strong> <\/strong>Galeria Maumau &#8211; Rua Nicar\u00e1gua, 173 \u2013 Espinheiro, Recife-PE (<a href=\"http:\/\/www.maumaugaleria.com\/\" target=\"_blank\">http:\/\/www.maumaugaleria.com\/<\/a>)<\/p>\n<p><em>Entrada gratuita!<\/em><\/p>\n<p><strong>Evento no facebook:<\/strong> <a href=\"https:\/\/www.facebook.com\/events\/637367576438890\/\" target=\"_blank\">https:\/\/www.facebook.com\/events\/637367576438890\/<\/a><\/p>\n","protected":false},"excerpt":{"rendered":"<p>Est\u00e1 em cartaz na Galeria Maumau, no Recife, at\u00e9 o dia 20 de de setembro, a exposi\u00e7\u00e3o de bordados &#8216;Incomum, das artistas Clara Nogueira e Clarissa Machado. Tendo a linha como meio para expressar a din\u00e2mica do existir, no que as afetam, Clara e Clarissa nos convidam a coabitar o espa\u00e7o feminino da feitura do [&hellip;]<\/p>\n","protected":false},"author":1,"featured_media":26147,"comment_status":"open","ping_status":"open","sticky":false,"template":"","format":"standard","meta":{"om_disable_all_campaigns":false,"_monsterinsights_skip_tracking":false,"_monsterinsights_sitenote_active":false,"_monsterinsights_sitenote_note":"","_monsterinsights_sitenote_category":0,"footnotes":""},"categories":[8,214],"tags":[44,301,332],"acf":[],"publishpress_future_action":{"enabled":false,"date":"1969-12-31 21:00:00","action":"","terms":[],"taxonomy":"","browser_timezone_offset":0},"_links":{"self":[{"href":"https:\/\/portalfloresnoar.com\/floresnoar\/wp-json\/wp\/v2\/posts\/26146"}],"collection":[{"href":"https:\/\/portalfloresnoar.com\/floresnoar\/wp-json\/wp\/v2\/posts"}],"about":[{"href":"https:\/\/portalfloresnoar.com\/floresnoar\/wp-json\/wp\/v2\/types\/post"}],"author":[{"embeddable":true,"href":"https:\/\/portalfloresnoar.com\/floresnoar\/wp-json\/wp\/v2\/users\/1"}],"replies":[{"embeddable":true,"href":"https:\/\/portalfloresnoar.com\/floresnoar\/wp-json\/wp\/v2\/comments?post=26146"}],"version-history":[{"count":0,"href":"https:\/\/portalfloresnoar.com\/floresnoar\/wp-json\/wp\/v2\/posts\/26146\/revisions"}],"wp:featuredmedia":[{"embeddable":true,"href":"https:\/\/portalfloresnoar.com\/floresnoar\/wp-json\/wp\/v2\/media\/26147"}],"wp:attachment":[{"href":"https:\/\/portalfloresnoar.com\/floresnoar\/wp-json\/wp\/v2\/media?parent=26146"}],"wp:term":[{"taxonomy":"category","embeddable":true,"href":"https:\/\/portalfloresnoar.com\/floresnoar\/wp-json\/wp\/v2\/categories?post=26146"},{"taxonomy":"post_tag","embeddable":true,"href":"https:\/\/portalfloresnoar.com\/floresnoar\/wp-json\/wp\/v2\/tags?post=26146"}],"curies":[{"name":"wp","href":"https:\/\/api.w.org\/{rel}","templated":true}]}}