

{"id":26098,"date":"2016-07-28T10:46:56","date_gmt":"2016-07-28T13:46:56","guid":{"rendered":"http:\/\/portalfloresnoar.com\/floresnoar\/?p=26098"},"modified":"2016-09-28T12:01:15","modified_gmt":"2016-09-28T15:01:15","slug":"agenda-pe-palestra-gratuita-sobre-alimentacao-vegana-na-infancia-com-ana-ceregatti-dia-229","status":"publish","type":"post","link":"https:\/\/portalfloresnoar.com\/floresnoar\/agenda-pe-palestra-gratuita-sobre-alimentacao-vegana-na-infancia-com-ana-ceregatti-dia-229\/","title":{"rendered":"[AGENDA PE] Palestra gratuita sobre &#8216;Alimenta\u00e7\u00e3o Vegana na Inf\u00e2ncia&#8217; com Ana Ceregatti dia 22\/9"},"content":{"rendered":"<p style=\"text-align: left;\"><img decoding=\"async\" loading=\"lazy\" class=\"wp-image-26099 alignleft\" alt=\"Ana Ceregatti\" src=\"http:\/\/portalfloresnoar.com\/floresnoar\/wp-content\/uploads\/2016\/08\/Ana-Ceregatti.jpg\" width=\"282\" height=\"292\" srcset=\"https:\/\/portalfloresnoar.com\/floresnoar\/wp-content\/uploads\/2016\/08\/Ana-Ceregatti.jpg 588w, https:\/\/portalfloresnoar.com\/floresnoar\/wp-content\/uploads\/2016\/08\/Ana-Ceregatti-290x300.jpg 290w\" sizes=\"(max-width: 282px) 100vw, 282px\" \/>O 45\u00ba Cultura Veg realiza no recife no dia 22 de setembro a palestra &#8216;Alimenta\u00e7\u00e3o vegana na inf\u00e2ncia&#8217;, com a nutricionista <a href=\"www.anaceregatti.com.br\" target=\"_blank\">Ana Ceregatti<\/a>\/SP. O evento acontece \u00e0s 19h na Livraria Cultura do Pa\u00e7o Alf\u00e2ndega, no Recife. Na ocasi\u00e3o ser\u00e1 servido um lanche vegano gr\u00e1tis, preparado pela\u00a0<a href=\"https:\/\/www.facebook.com\/cozinhabeijaflor\/?ref=ts&amp;amp;fref=ts\" target=\"_blank\">Cozinha Beija-Flor<\/a>.\u00a0A entrada \u00e9 gratuita, mas pede-se que se fa\u00e7a a inscri\u00e7\u00e3o <span style=\"text-decoration: underline;\"><a href=\"http:\/\/svbrecife.org\/online\/evento\/45-cultura-veg-tudo-que-voce-gostaria-de-saber-sobre-alimentacao-vegana-na-infancia-e-nao-sabia-a-quem-perguntar-ana-ceregatti-sp\" target=\"_blank\">aqui<\/a><\/span>!<\/p>\n<p>Ana Ceregatti \u00e9 nutricionista especializada em dietas vegetarianas. Atende em consult\u00f3rio e ministra palestras, cursos e workshops na \u00e1rea de Nutri\u00e7\u00e3o e Sa\u00fade para p\u00fablico em geral e profissionais da \u00e1rea. \u00c9 s\u00f3cia-propriet\u00e1ria da Diligens, empresa da \u00e1rea de educa\u00e7\u00e3o e sa\u00fade, que atua em treinamento, produ\u00e7\u00e3o e revis\u00e3o de conte\u00fado t\u00e9cnico\/cient\u00edfico para ind\u00fastria farmac\u00eautica, de alimentos e m\u00eddia, atendendo clientes como Petrobras, SESC, Bayer, MSD e Eurofarma. \u00c9 membro da SVB, com participa\u00e7\u00e3o ativa na campanha Segunda Sem Carne. \u00c9 tamb\u00e9m colunista da Revista dos Vegetarianos.<\/p>\n<p><strong>Evento no facebook:<\/strong>\u00a0<a href=\"https:\/\/www.facebook.com\/events\/1050990468304400\/\" target=\"_blank\">https:\/\/www.facebook.com\/events\/1050990468304400\/<\/a><\/p>\n","protected":false},"excerpt":{"rendered":"<p>O 45\u00ba Cultura Veg realiza no recife no dia 22 de setembro a palestra &#8216;Alimenta\u00e7\u00e3o vegana na inf\u00e2ncia&#8217;, com a nutricionista Ana Ceregatti\/SP. O evento acontece \u00e0s 19h na Livraria Cultura do Pa\u00e7o Alf\u00e2ndega, no Recife. Na ocasi\u00e3o ser\u00e1 servido um lanche vegano gr\u00e1tis, preparado pela\u00a0Cozinha Beija-Flor.\u00a0A entrada \u00e9 gratuita, mas pede-se que se fa\u00e7a [&hellip;]<\/p>\n","protected":false},"author":1,"featured_media":26099,"comment_status":"open","ping_status":"open","sticky":false,"template":"","format":"standard","meta":{"om_disable_all_campaigns":false,"_monsterinsights_skip_tracking":false,"_monsterinsights_sitenote_active":false,"_monsterinsights_sitenote_note":"","_monsterinsights_sitenote_category":0,"footnotes":""},"categories":[8,214],"tags":[305,162],"acf":[],"publishpress_future_action":{"enabled":false,"date":"1969-12-31 21:00:00","action":"","terms":[],"taxonomy":"","browser_timezone_offset":0},"_links":{"self":[{"href":"https:\/\/portalfloresnoar.com\/floresnoar\/wp-json\/wp\/v2\/posts\/26098"}],"collection":[{"href":"https:\/\/portalfloresnoar.com\/floresnoar\/wp-json\/wp\/v2\/posts"}],"about":[{"href":"https:\/\/portalfloresnoar.com\/floresnoar\/wp-json\/wp\/v2\/types\/post"}],"author":[{"embeddable":true,"href":"https:\/\/portalfloresnoar.com\/floresnoar\/wp-json\/wp\/v2\/users\/1"}],"replies":[{"embeddable":true,"href":"https:\/\/portalfloresnoar.com\/floresnoar\/wp-json\/wp\/v2\/comments?post=26098"}],"version-history":[{"count":0,"href":"https:\/\/portalfloresnoar.com\/floresnoar\/wp-json\/wp\/v2\/posts\/26098\/revisions"}],"wp:featuredmedia":[{"embeddable":true,"href":"https:\/\/portalfloresnoar.com\/floresnoar\/wp-json\/wp\/v2\/media\/26099"}],"wp:attachment":[{"href":"https:\/\/portalfloresnoar.com\/floresnoar\/wp-json\/wp\/v2\/media?parent=26098"}],"wp:term":[{"taxonomy":"category","embeddable":true,"href":"https:\/\/portalfloresnoar.com\/floresnoar\/wp-json\/wp\/v2\/categories?post=26098"},{"taxonomy":"post_tag","embeddable":true,"href":"https:\/\/portalfloresnoar.com\/floresnoar\/wp-json\/wp\/v2\/tags?post=26098"}],"curies":[{"name":"wp","href":"https:\/\/api.w.org\/{rel}","templated":true}]}}