

{"id":26084,"date":"2016-06-26T10:32:22","date_gmt":"2016-06-26T13:32:22","guid":{"rendered":"http:\/\/portalfloresnoar.com\/floresnoar\/?p=26084"},"modified":"2016-08-31T11:30:08","modified_gmt":"2016-08-31T14:30:08","slug":"agenda-pe-pedagogo-peter-biekarck-realiza-palestras-sobre-pedagogia-waldorf-criancas-e-natureza-dias-29-e-308","status":"publish","type":"post","link":"https:\/\/portalfloresnoar.com\/floresnoar\/agenda-pe-pedagogo-peter-biekarck-realiza-palestras-sobre-pedagogia-waldorf-criancas-e-natureza-dias-29-e-308\/","title":{"rendered":"[AGENDA PE] Pedagogo Peter Biekarck realiza palestras sobre Pedagogia Waldorf, crian\u00e7as e natureza dias 29 e 30\/8"},"content":{"rendered":"<p>A intera\u00e7\u00e3o entre fam\u00edlia e escola na perspectiva da Pedagogia Waldorf e a import\u00e2ncia da rela\u00e7\u00e3o entre crian\u00e7a e natureza s\u00e3o alguns dos temas abordados nas palestras do pedagogo Peter Biekarck, neste m\u00eas de agosto, no Recife e em Paudalho.<\/p>\n<p><strong>&#8220;A Pedagogia Waldorf e o amor pela crian\u00e7a&#8221;<\/strong><\/p>\n<p><img decoding=\"async\" loading=\"lazy\" class=\"aligncenter size-full wp-image-26080\" alt=\"PalestraPeter_Rosarinho_BAIXA\" src=\"http:\/\/portalfloresnoar.com\/floresnoar\/wp-content\/uploads\/2016\/08\/PalestraPeter_Rosarinho_BAIXA.jpg\" width=\"800\" height=\"565\" srcset=\"https:\/\/portalfloresnoar.com\/floresnoar\/wp-content\/uploads\/2016\/08\/PalestraPeter_Rosarinho_BAIXA.jpg 800w, https:\/\/portalfloresnoar.com\/floresnoar\/wp-content\/uploads\/2016\/08\/PalestraPeter_Rosarinho_BAIXA-300x211.jpg 300w\" sizes=\"(max-width: 800px) 100vw, 800px\" \/><\/p>\n<p>No dia 29\/9 (segunda-feira), \u00e0s 19h, ele falar\u00e1 sobre &#8220;A Pedagogia Waldorf e o amor pela crian\u00e7a&#8221;, no Villaverde Turmalina em Paudalho.<\/p>\n<p>Local: Villaverde Turmalina (BR 408, KM 80, Ch\u00e3 de Capoeira &#8211; Paudalho &#8211; Primeira \u00e0 direita ap\u00f3s a Acerol\u00e2ndia, sentido Recife<\/p>\n<p><strong>\u00a0&#8220;A intera\u00e7\u00e3o entre fam\u00edlia e escola no processo de desenvolvimento do ser humano em devir&#8221;<\/strong><\/p>\n<p><img decoding=\"async\" loading=\"lazy\" alt=\"PalestraPeter_Paudalho_BAIXA\" src=\"http:\/\/portalfloresnoar.com\/floresnoar\/wp-content\/uploads\/2016\/08\/PalestraPeter_Paudalho_BAIXA.jpg\" width=\"900\" height=\"636\" \/><\/p>\n<p>Na ter\u00e7a-feira (30), \u00e0s 19h, o tema ser\u00e1 &#8220;A intera\u00e7\u00e3o entre fam\u00edlia e escola no processo de desenvolvimento do ser humano em devir&#8221;, no n\u00facleo do Rosarinho.<\/p>\n<p><span style=\"line-height: 1.71429; letter-spacing: 0em;\">Local: Escola Waldorf Recife (R. Regueira Costa, 166 &#8211; Rosarinho)<\/span><\/p>\n","protected":false},"excerpt":{"rendered":"<p>A intera\u00e7\u00e3o entre fam\u00edlia e escola na perspectiva da Pedagogia Waldorf e a import\u00e2ncia da rela\u00e7\u00e3o entre crian\u00e7a e natureza s\u00e3o alguns dos temas abordados nas palestras do pedagogo Peter Biekarck, neste m\u00eas de agosto, no Recife e em Paudalho. &#8220;A Pedagogia Waldorf e o amor pela crian\u00e7a&#8221; No dia 29\/9 (segunda-feira), \u00e0s 19h, ele [&hellip;]<\/p>\n","protected":false},"author":1,"featured_media":26081,"comment_status":"open","ping_status":"open","sticky":false,"template":"","format":"standard","meta":{"om_disable_all_campaigns":false,"_monsterinsights_skip_tracking":false,"_monsterinsights_sitenote_active":false,"_monsterinsights_sitenote_note":"","_monsterinsights_sitenote_category":0,"footnotes":""},"categories":[8,214],"tags":[305],"acf":[],"publishpress_future_action":{"enabled":false,"date":"1969-12-31 21:00:00","action":"","terms":[],"taxonomy":"","browser_timezone_offset":0},"_links":{"self":[{"href":"https:\/\/portalfloresnoar.com\/floresnoar\/wp-json\/wp\/v2\/posts\/26084"}],"collection":[{"href":"https:\/\/portalfloresnoar.com\/floresnoar\/wp-json\/wp\/v2\/posts"}],"about":[{"href":"https:\/\/portalfloresnoar.com\/floresnoar\/wp-json\/wp\/v2\/types\/post"}],"author":[{"embeddable":true,"href":"https:\/\/portalfloresnoar.com\/floresnoar\/wp-json\/wp\/v2\/users\/1"}],"replies":[{"embeddable":true,"href":"https:\/\/portalfloresnoar.com\/floresnoar\/wp-json\/wp\/v2\/comments?post=26084"}],"version-history":[{"count":0,"href":"https:\/\/portalfloresnoar.com\/floresnoar\/wp-json\/wp\/v2\/posts\/26084\/revisions"}],"wp:featuredmedia":[{"embeddable":true,"href":"https:\/\/portalfloresnoar.com\/floresnoar\/wp-json\/wp\/v2\/media\/26081"}],"wp:attachment":[{"href":"https:\/\/portalfloresnoar.com\/floresnoar\/wp-json\/wp\/v2\/media?parent=26084"}],"wp:term":[{"taxonomy":"category","embeddable":true,"href":"https:\/\/portalfloresnoar.com\/floresnoar\/wp-json\/wp\/v2\/categories?post=26084"},{"taxonomy":"post_tag","embeddable":true,"href":"https:\/\/portalfloresnoar.com\/floresnoar\/wp-json\/wp\/v2\/tags?post=26084"}],"curies":[{"name":"wp","href":"https:\/\/api.w.org\/{rel}","templated":true}]}}