

{"id":26031,"date":"2016-09-18T09:06:11","date_gmt":"2016-09-18T12:06:11","guid":{"rendered":"http:\/\/portalfloresnoar.com\/floresnoar\/?p=26031"},"modified":"2016-09-18T10:04:04","modified_gmt":"2016-09-18T13:04:04","slug":"agenda-pe-oficina-cronicas-do-seu-cotidiano-desenhadas-com-pastel-seco-carvao-e-giz","status":"publish","type":"post","link":"https:\/\/portalfloresnoar.com\/floresnoar\/agenda-pe-oficina-cronicas-do-seu-cotidiano-desenhadas-com-pastel-seco-carvao-e-giz\/","title":{"rendered":"[AGENDA PE] Oficina &#8216;Cr\u00f4nicas do seu cotidiano, desenhadas com pastel seco, carv\u00e3o e giz&#8217; dia 15\/10"},"content":{"rendered":"<p><img decoding=\"async\" loading=\"lazy\" class=\"aligncenter size-full wp-image-26325\" alt=\"oficina-pastel-seco-carvao-e-giz\" src=\"http:\/\/portalfloresnoar.com\/floresnoar\/wp-content\/uploads\/2016\/07\/oficina-pastel-seco-carvao-e-giz.jpg\" width=\"664\" height=\"960\" srcset=\"https:\/\/portalfloresnoar.com\/floresnoar\/wp-content\/uploads\/2016\/07\/oficina-pastel-seco-carvao-e-giz.jpg 664w, https:\/\/portalfloresnoar.com\/floresnoar\/wp-content\/uploads\/2016\/07\/oficina-pastel-seco-carvao-e-giz-207x300.jpg 207w\" sizes=\"(max-width: 664px) 100vw, 664px\" \/><\/p>\n<p>A artista pl\u00e1stica e arteterapeuta Goretti Varella realiza no dia 15 de outubro no Ateli\u00ea da Luz, no Recife, a oficina de linguagem visual &#8216;Cr\u00f4nicas do seu cotidiano, desenhadas com pastel seco, carv\u00e3o e giz&#8221;.<\/p>\n<p><span style=\"line-height: 1.71429; letter-spacing: 0em;\">&#8220;\u00c9 uma experiencia com a linguagem do desenho, atrav\u00e9s do uso de materiais expressivos como pastel seco, carv\u00e3o e giz. A oficina trar\u00e1 um pouco de hist\u00f3ria da arte na obra e biografia do artista frances Toulouse-Lautrec&#8221;. explica Goretti.<\/span><\/p>\n<p><strong>Local:<\/strong>\u00a0Ateli\u00ea da Luz \u2013 Rua Rio Formoso, 130, Iputinga, Recife (mapa:<a href=\"https:\/\/goo.gl\/maps\/YxRRCHUCqgy\" target=\"_blank\">https:\/\/goo.gl\/maps\/YxRRCHUCqgy<\/a>)<br \/>\n<strong>Dia:<\/strong> 10\/09 (s\u00e1bado)<br \/>\n<strong>Hor\u00e1rio:<\/strong> 09 \u00e0s 12 h<br \/>\n<strong>Investimento (material incluso)\u00a0: <\/strong>R$ 100,00 (at\u00e9 o dia 30\/09)\/ R$ 120,00 (at\u00e9 o dia 10\/10)<br \/>\n<strong>Contato:<\/strong> (81) 9 9619.6372 (Tim\/ WhatsApp)<\/p>\n","protected":false},"excerpt":{"rendered":"<p>A artista pl\u00e1stica e arteterapeuta Goretti Varella realiza no dia 15 de outubro no Ateli\u00ea da Luz, no Recife, a oficina de linguagem visual &#8216;Cr\u00f4nicas do seu cotidiano, desenhadas com pastel seco, carv\u00e3o e giz&#8221;. &#8220;\u00c9 uma experiencia com a linguagem do desenho, atrav\u00e9s do uso de materiais expressivos como pastel seco, carv\u00e3o e giz. [&hellip;]<\/p>\n","protected":false},"author":1,"featured_media":26327,"comment_status":"open","ping_status":"open","sticky":false,"template":"","format":"standard","meta":{"om_disable_all_campaigns":false,"_monsterinsights_skip_tracking":false,"_monsterinsights_sitenote_active":false,"_monsterinsights_sitenote_note":"","_monsterinsights_sitenote_category":0,"footnotes":""},"categories":[8,214],"tags":[350,328],"acf":[],"publishpress_future_action":{"enabled":false,"date":"1969-12-31 21:00:00","action":"","terms":[],"taxonomy":"","browser_timezone_offset":0},"_links":{"self":[{"href":"https:\/\/portalfloresnoar.com\/floresnoar\/wp-json\/wp\/v2\/posts\/26031"}],"collection":[{"href":"https:\/\/portalfloresnoar.com\/floresnoar\/wp-json\/wp\/v2\/posts"}],"about":[{"href":"https:\/\/portalfloresnoar.com\/floresnoar\/wp-json\/wp\/v2\/types\/post"}],"author":[{"embeddable":true,"href":"https:\/\/portalfloresnoar.com\/floresnoar\/wp-json\/wp\/v2\/users\/1"}],"replies":[{"embeddable":true,"href":"https:\/\/portalfloresnoar.com\/floresnoar\/wp-json\/wp\/v2\/comments?post=26031"}],"version-history":[{"count":0,"href":"https:\/\/portalfloresnoar.com\/floresnoar\/wp-json\/wp\/v2\/posts\/26031\/revisions"}],"wp:featuredmedia":[{"embeddable":true,"href":"https:\/\/portalfloresnoar.com\/floresnoar\/wp-json\/wp\/v2\/media\/26327"}],"wp:attachment":[{"href":"https:\/\/portalfloresnoar.com\/floresnoar\/wp-json\/wp\/v2\/media?parent=26031"}],"wp:term":[{"taxonomy":"category","embeddable":true,"href":"https:\/\/portalfloresnoar.com\/floresnoar\/wp-json\/wp\/v2\/categories?post=26031"},{"taxonomy":"post_tag","embeddable":true,"href":"https:\/\/portalfloresnoar.com\/floresnoar\/wp-json\/wp\/v2\/tags?post=26031"}],"curies":[{"name":"wp","href":"https:\/\/api.w.org\/{rel}","templated":true}]}}