

{"id":26024,"date":"2016-08-02T10:38:46","date_gmt":"2016-08-02T13:38:46","guid":{"rendered":"http:\/\/portalfloresnoar.com\/floresnoar\/?p=26024"},"modified":"2016-08-27T17:54:04","modified_gmt":"2016-08-27T20:54:04","slug":"agenda-pe-workshop-de-bordado-roda-de-fiar-neste-sabado-no-recife","status":"publish","type":"post","link":"https:\/\/portalfloresnoar.com\/floresnoar\/agenda-pe-workshop-de-bordado-roda-de-fiar-neste-sabado-no-recife\/","title":{"rendered":"[AGENDA PE] &#8216;Workshop de Bordado Roda de Fiar&#8217; neste s\u00e1bado no Recife"},"content":{"rendered":"<p><img decoding=\"async\" loading=\"lazy\" class=\"aligncenter size-full wp-image-26025\" alt=\"workshop de bordado no recife\" src=\"http:\/\/portalfloresnoar.com\/floresnoar\/wp-content\/uploads\/2016\/08\/workshop-de-bordado-no-recife.jpg\" width=\"618\" height=\"514\" srcset=\"https:\/\/portalfloresnoar.com\/floresnoar\/wp-content\/uploads\/2016\/08\/workshop-de-bordado-no-recife.jpg 618w, https:\/\/portalfloresnoar.com\/floresnoar\/wp-content\/uploads\/2016\/08\/workshop-de-bordado-no-recife-300x249.jpg 300w\" sizes=\"(max-width: 618px) 100vw, 618px\" \/><\/p>\n<p>A artes\u00e3 e arteterapeuta Maria Herminia Martins realiza neste s\u00e1bado (27\/8) o Workshop Roda de Fiar: Bordado a M\u00e3o &#8211; Mem\u00f3ria Bordada. A viv\u00eancia acontece das 9h \u00e0s 17h, no Espa\u00e7o Equilibre.<\/p>\n<p><strong>Data:<\/strong> 27 de agosto de 2016 (s\u00e1bado)<br \/>\n<strong>Hora:<\/strong> 9h \u00e0s 17h<br \/>\n<strong>Local:<\/strong> Espa\u00e7o Equilibre &#8211; Rua Anibal Falcao, 151 Gra\u00e7as, Recife\/PE<br \/>\n<strong>Investimento:<\/strong> 170,00<\/p>\n<p><strong>Evento no facebook:<\/strong> <a href=\"https:\/\/www.facebook.com\/events\/666465930178766\/\" target=\"_blank\">https:\/\/www.facebook.com\/events\/666465930178766\/<\/a><\/p>\n<p><strong>Inscri\u00e7\u00f5es e mais informa\u00e7\u00f5es:<\/strong> (81) 9 9924.0665 (WhatssApp)<\/p>\n","protected":false},"excerpt":{"rendered":"<p>A artes\u00e3 e arteterapeuta Maria Herminia Martins realiza neste s\u00e1bado (27\/8) o Workshop Roda de Fiar: Bordado a M\u00e3o &#8211; Mem\u00f3ria Bordada. A viv\u00eancia acontece das 9h \u00e0s 17h, no Espa\u00e7o Equilibre. Data: 27 de agosto de 2016 (s\u00e1bado) Hora: 9h \u00e0s 17h Local: Espa\u00e7o Equilibre &#8211; Rua Anibal Falcao, 151 Gra\u00e7as, Recife\/PE Investimento: 170,00 [&hellip;]<\/p>\n","protected":false},"author":1,"featured_media":26026,"comment_status":"open","ping_status":"open","sticky":false,"template":"","format":"standard","meta":{"om_disable_all_campaigns":false,"_monsterinsights_skip_tracking":false,"_monsterinsights_sitenote_active":false,"_monsterinsights_sitenote_note":"","_monsterinsights_sitenote_category":0,"footnotes":""},"categories":[8,214],"tags":[45,355,353],"acf":[],"publishpress_future_action":{"enabled":false,"date":"1969-12-31 21:00:00","action":"","terms":[],"taxonomy":"","browser_timezone_offset":0},"_links":{"self":[{"href":"https:\/\/portalfloresnoar.com\/floresnoar\/wp-json\/wp\/v2\/posts\/26024"}],"collection":[{"href":"https:\/\/portalfloresnoar.com\/floresnoar\/wp-json\/wp\/v2\/posts"}],"about":[{"href":"https:\/\/portalfloresnoar.com\/floresnoar\/wp-json\/wp\/v2\/types\/post"}],"author":[{"embeddable":true,"href":"https:\/\/portalfloresnoar.com\/floresnoar\/wp-json\/wp\/v2\/users\/1"}],"replies":[{"embeddable":true,"href":"https:\/\/portalfloresnoar.com\/floresnoar\/wp-json\/wp\/v2\/comments?post=26024"}],"version-history":[{"count":0,"href":"https:\/\/portalfloresnoar.com\/floresnoar\/wp-json\/wp\/v2\/posts\/26024\/revisions"}],"wp:featuredmedia":[{"embeddable":true,"href":"https:\/\/portalfloresnoar.com\/floresnoar\/wp-json\/wp\/v2\/media\/26026"}],"wp:attachment":[{"href":"https:\/\/portalfloresnoar.com\/floresnoar\/wp-json\/wp\/v2\/media?parent=26024"}],"wp:term":[{"taxonomy":"category","embeddable":true,"href":"https:\/\/portalfloresnoar.com\/floresnoar\/wp-json\/wp\/v2\/categories?post=26024"},{"taxonomy":"post_tag","embeddable":true,"href":"https:\/\/portalfloresnoar.com\/floresnoar\/wp-json\/wp\/v2\/tags?post=26024"}],"curies":[{"name":"wp","href":"https:\/\/api.w.org\/{rel}","templated":true}]}}