

{"id":25936,"date":"2023-06-06T06:53:07","date_gmt":"2023-06-06T09:53:07","guid":{"rendered":"http:\/\/portalfloresnoar.com\/floresnoar\/?p=25936"},"modified":"2023-08-18T19:50:34","modified_gmt":"2023-08-18T22:50:34","slug":"dicas-para-reutilizar-potes-e-garrafas-de-vidro","status":"publish","type":"post","link":"https:\/\/portalfloresnoar.com\/floresnoar\/dicas-para-reutilizar-potes-e-garrafas-de-vidro\/","title":{"rendered":"Dicas para reutilizar potes e garrafas de vidro"},"content":{"rendered":"<pre>Por Diana Terra<\/pre>\n<p>J\u00e1 faz alguns anos que n\u00e3o compro copos de vidro aqui pra casa. Isso porque comecei a aproveitar os potes de extrato de tomate que iam se acumulando. Depois comecei tamb\u00e9m a deixar de adquirir <em>tupperware<\/em>, que por serem de pl\u00e1stico n\u00e3o s\u00e3o os melhores locais para armazenar comida. E ando reaproveitando portes e garrafas de vidro para outros fins tamb\u00e9m, como jarros de plantas, potes para cereais, ervas, porta-trecos, \u00a0vasinho para velas, enfim, d\u00e1 pra aproveitar pra muita coisa. Abaixo relaciono algumas imagens e links com ideias bem bacanas!<\/p>\n<p><strong>Pra come\u00e7ar, veja aqui como tirar os r\u00f3tulos e cola dos vidros reutiliz\u00e1veis:<\/strong><br \/>\n&#8211; Misture bicarbonato de s\u00f3dio e \u00f3leo em partes iguais.<br \/>\n&#8211; Aplique a mistura no vidro e deixe por meia hora.<br \/>\n&#8211; Remova esfregando com uma bucha ou pano.<\/p>\n<p><em>Obs:<\/em> uma outra op\u00e7\u00e3o \u00e9 utilizar \u00f3leo essencial de laranja para remover os r\u00f3tulos!<\/p>\n<h4><strong>PINTURA EM VIDRO COM CANETA<\/strong><\/h4>\n<p>Para este tipo de decora\u00e7\u00e3o s\u00e3o utilizadas canetas para vidro, marcadora industrial ou caneta Aquaflip (com acabamento vitral). Podem ser encontradas em lojas de artesanato.<\/p>\n<p style=\"text-align: center;\"><img decoding=\"async\" loading=\"lazy\" class=\"aligncenter size-full wp-image-25939\" src=\"http:\/\/portalfloresnoar.com\/floresnoar\/wp-content\/uploads\/2016\/08\/pintura-vidro-com-canetas.jpg\" alt=\"pintura vidro com canetas\" width=\"622\" height=\"417\" srcset=\"https:\/\/portalfloresnoar.com\/floresnoar\/wp-content\/uploads\/2016\/08\/pintura-vidro-com-canetas.jpg 622w, https:\/\/portalfloresnoar.com\/floresnoar\/wp-content\/uploads\/2016\/08\/pintura-vidro-com-canetas-300x201.jpg 300w\" sizes=\"(max-width: 622px) 100vw, 622px\" \/><br \/>\nFonte: <a href=\"http:\/\/artesanatonarede.com.br\/pintura-em-vidro-com-canetas\/\" target=\"_blank\" rel=\"noopener\">http:\/\/artesanatonarede.com.br\/pintura-em-vidro-com-canetas\/<\/a><\/p>\n<p style=\"text-align: center;\"><a href=\"http:\/\/artesanatonarede.com.br\/pintura-em-vidro-com-canetas\/\" target=\"_blank\" rel=\"noopener\"><img decoding=\"async\" loading=\"lazy\" class=\"aligncenter size-full wp-image-25940\" src=\"http:\/\/portalfloresnoar.com\/floresnoar\/wp-content\/uploads\/2016\/08\/copos_pintados_mao_com_caneta.jpg\" alt=\"copos_pintados_mao_com_caneta\" width=\"350\" height=\"230\" srcset=\"https:\/\/portalfloresnoar.com\/floresnoar\/wp-content\/uploads\/2016\/08\/copos_pintados_mao_com_caneta.jpg 350w, https:\/\/portalfloresnoar.com\/floresnoar\/wp-content\/uploads\/2016\/08\/copos_pintados_mao_com_caneta-300x197.jpg 300w\" sizes=\"(max-width: 350px) 100vw, 350px\" \/><\/a><br \/>\nFonte:\u00a0<a href=\"http:\/\/www.viladoartesao.com.br\/blog\/como-personalizar-copos-de-vidro-dica-de-artesanato\/\" target=\"_blank\" rel=\"noopener\">http:\/\/www.viladoartesao.com.br\/blog\/como-personalizar-copos-de-vidro-dica-de-artesanato\/<\/a><\/p>\n<h4 style=\"text-align: left;\">PORTA LINHA\/ FITA<\/h4>\n<p style=\"text-align: center;\"><img decoding=\"async\" loading=\"lazy\" class=\"aligncenter size-full wp-image-25950\" src=\"http:\/\/portalfloresnoar.com\/floresnoar\/wp-content\/uploads\/2016\/08\/reutilizar-potes-vidro.jpeg\" alt=\"reutilizar potes vidro\" width=\"700\" height=\"467\" srcset=\"https:\/\/portalfloresnoar.com\/floresnoar\/wp-content\/uploads\/2016\/08\/reutilizar-potes-vidro.jpeg 700w, https:\/\/portalfloresnoar.com\/floresnoar\/wp-content\/uploads\/2016\/08\/reutilizar-potes-vidro-300x200.jpeg 300w\" sizes=\"(max-width: 700px) 100vw, 700px\" \/><\/p>\n<p style=\"text-align: center;\">Fonte:\u00a0<a href=\"http:\/\/www.imovelweb.com.br\/noticias\/use-potes-de-vidro-para-decorar\/\" target=\"_blank\" rel=\"noopener\">http:\/\/www.imovelweb.com.br\/noticias\/use-potes-de-vidro-para-decorar\/<\/a><\/p>\n<h4><strong>PINTURA COM TINTA VERNIZ vitral<\/strong><\/h4>\n<p style=\"text-align: center;\"><img decoding=\"async\" loading=\"lazy\" class=\"size-full wp-image-25937 aligncenter\" src=\"http:\/\/portalfloresnoar.com\/floresnoar\/wp-content\/uploads\/2016\/08\/pintar-copos-vidro.jpg\" alt=\"pintar copos vidro\" width=\"300\" height=\"283\" \/><br \/>\nFonte:\u00a0<a href=\"http:\/\/oh-marie.blogspot.com.br\/2009\/04\/ideia-pintar-copos-de-vidro-de-conserva.html\" target=\"_blank\" rel=\"noopener\">http:\/\/oh-marie.blogspot.com.br\/2009\/04\/ideia-pintar-copos-de-vidro-de-conserva.html<\/a><\/p>\n<p style=\"text-align: center;\"><img decoding=\"async\" loading=\"lazy\" class=\"aligncenter size-full wp-image-25948\" src=\"http:\/\/portalfloresnoar.com\/floresnoar\/wp-content\/uploads\/2016\/08\/o-que-fazer-com-os-potinhos-de-vidro1.png\" alt=\"o-que-fazer-com-os-potinhos-de-vidro1\" width=\"783\" height=\"342\" srcset=\"https:\/\/portalfloresnoar.com\/floresnoar\/wp-content\/uploads\/2016\/08\/o-que-fazer-com-os-potinhos-de-vidro1.png 783w, https:\/\/portalfloresnoar.com\/floresnoar\/wp-content\/uploads\/2016\/08\/o-que-fazer-com-os-potinhos-de-vidro1-300x131.png 300w\" sizes=\"(max-width: 783px) 100vw, 783px\" \/><\/p>\n<p style=\"text-align: center;\">Fonte:\u00a0<a href=\"http:\/\/fazermais.info\/o-que-fazer-com-os-potes-de-vidro\/\" target=\"_blank\" rel=\"noopener\">http:\/\/fazermais.info\/o-que-fazer-com-os-potes-de-vidro\/<\/a><\/p>\n<h4><strong>PORTA-RETRATO<\/strong><\/h4>\n<p><img decoding=\"async\" loading=\"lazy\" class=\"aligncenter size-full wp-image-25942\" src=\"http:\/\/portalfloresnoar.com\/floresnoar\/wp-content\/uploads\/2016\/08\/porta-retrato-com-copos-vidro.jpg\" alt=\"porta retrato com copos vidro\" width=\"511\" height=\"642\" srcset=\"https:\/\/portalfloresnoar.com\/floresnoar\/wp-content\/uploads\/2016\/08\/porta-retrato-com-copos-vidro.jpg 511w, https:\/\/portalfloresnoar.com\/floresnoar\/wp-content\/uploads\/2016\/08\/porta-retrato-com-copos-vidro-238x300.jpg 238w\" sizes=\"(max-width: 511px) 100vw, 511px\" \/><\/p>\n<p style=\"text-align: center;\">Fonte:<a href=\" http:\/\/www.amaecoruja.com\/2014\/05\/reutilizando-o-que-fazer-com-postes-vazio\/\" target=\"_blank\" rel=\"noopener\">\u00a0http:\/\/www.amaecoruja.com\/2014\/05\/reutilizando-o-que-fazer-com-postes-vazio\/<\/a><\/p>\n<p style=\"text-align: center;\"><img decoding=\"async\" loading=\"lazy\" class=\"aligncenter wp-image-25944\" style=\"line-height: 1.71429; letter-spacing: 0em;\" src=\"http:\/\/portalfloresnoar.com\/floresnoar\/wp-content\/uploads\/2016\/08\/fotos-em-potes-de-vidro.jpg\" alt=\"fotos em potes de vidro\" width=\"693\" height=\"520\" srcset=\"https:\/\/portalfloresnoar.com\/floresnoar\/wp-content\/uploads\/2016\/08\/fotos-em-potes-de-vidro.jpg 990w, https:\/\/portalfloresnoar.com\/floresnoar\/wp-content\/uploads\/2016\/08\/fotos-em-potes-de-vidro-300x225.jpg 300w, https:\/\/portalfloresnoar.com\/floresnoar\/wp-content\/uploads\/2016\/08\/fotos-em-potes-de-vidro-160x120.jpg 160w\" sizes=\"(max-width: 693px) 100vw, 693px\" \/><\/p>\n<p style=\"text-align: center;\">Fonte:\u00a0<a href=\"http:\/\/ocurioso.biz\/aprenda-como-fazer-lindos-potes-de-vidro\/\" target=\"_blank\" rel=\"noopener\">http:\/\/ocurioso.biz\/aprenda-como-fazer-lindos-potes-de-vidro\/<\/a><\/p>\n<h4 style=\"text-align: left;\">PINTURA DE GARRAFAS DE VIDRO<\/h4>\n<p><img decoding=\"async\" loading=\"lazy\" class=\"aligncenter size-full wp-image-25947\" src=\"http:\/\/portalfloresnoar.com\/floresnoar\/wp-content\/uploads\/2016\/08\/garrafas-de-vidro-recicladas-7.jpg\" alt=\"garrafas-de-vidro-recicladas-7\" width=\"550\" height=\"370\" srcset=\"https:\/\/portalfloresnoar.com\/floresnoar\/wp-content\/uploads\/2016\/08\/garrafas-de-vidro-recicladas-7.jpg 550w, https:\/\/portalfloresnoar.com\/floresnoar\/wp-content\/uploads\/2016\/08\/garrafas-de-vidro-recicladas-7-300x201.jpg 300w\" sizes=\"(max-width: 550px) 100vw, 550px\" \/><\/p>\n<p style=\"text-align: center;\">Fonte:\u00a0<a href=\"http:\/\/www.comofazeremcasa.net\/como-decorar-garrafas-de-vidro-passo-a-passo\/\" target=\"_blank\" rel=\"noopener\">http:\/\/www.comofazeremcasa.net\/como-decorar-garrafas-de-vidro-passo-a-passo\/<\/a><\/p>\n<h4 style=\"text-align: left;\">DECORA\u00c7\u00c3O COM TECIDO<\/h4>\n<p><img decoding=\"async\" loading=\"lazy\" class=\"aligncenter size-full wp-image-25945\" src=\"http:\/\/portalfloresnoar.com\/floresnoar\/wp-content\/uploads\/2016\/08\/como-decorar-potes-de-vidro-com-tecido-7.jpg\" alt=\"como-decorar-potes-de-vidro-com-tecido-7\" width=\"380\" height=\"551\" srcset=\"https:\/\/portalfloresnoar.com\/floresnoar\/wp-content\/uploads\/2016\/08\/como-decorar-potes-de-vidro-com-tecido-7.jpg 380w, https:\/\/portalfloresnoar.com\/floresnoar\/wp-content\/uploads\/2016\/08\/como-decorar-potes-de-vidro-com-tecido-7-206x300.jpg 206w\" sizes=\"(max-width: 380px) 100vw, 380px\" \/><\/p>\n<p style=\"text-align: center;\">Fonte:<a href=\" http:\/\/www.comofazeremcasa.net\/como-decorar-potes-de-vidro-com-tecido-passo-a-passo\/\" target=\"_blank\" rel=\"noopener\">\u00a0http:\/\/www.comofazeremcasa.net\/como-decorar-potes-de-vidro-com-tecido-passo-a-passo\/<\/a><\/p>\n<h4 style=\"text-align: left;\">LUMIN\u00c1RIAS EM GARRAFA<\/h4>\n<p><img decoding=\"async\" loading=\"lazy\" class=\"aligncenter size-full wp-image-25951\" src=\"http:\/\/portalfloresnoar.com\/floresnoar\/wp-content\/uploads\/2016\/08\/luminaria-garrafa.jpg\" alt=\"luminaria garrafa\" width=\"500\" height=\"435\" srcset=\"https:\/\/portalfloresnoar.com\/floresnoar\/wp-content\/uploads\/2016\/08\/luminaria-garrafa.jpg 500w, https:\/\/portalfloresnoar.com\/floresnoar\/wp-content\/uploads\/2016\/08\/luminaria-garrafa-300x261.jpg 300w\" sizes=\"(max-width: 500px) 100vw, 500px\" \/><\/p>\n<p style=\"text-align: center;\">Fonte:\u00a0<a href=\"http:\/\/crescieagora.com.br\/decoracao\/decoracao-potes-e-garrafas-de-vidro\/\" target=\"_blank\" rel=\"noopener\">http:\/\/crescieagora.com.br\/decoracao\/decoracao-potes-e-garrafas-de-vidro\/<\/a><\/p>\n<h4 style=\"text-align: left;\">PINTURA COM TINTA SPRAY PARA VIDRO<\/h4>\n<p><img decoding=\"async\" loading=\"lazy\" class=\"aligncenter size-full wp-image-25946\" src=\"http:\/\/portalfloresnoar.com\/floresnoar\/wp-content\/uploads\/2016\/08\/reciclagem-de-potes-e-garrafas-de-vidro-11.jpg\" alt=\"reciclagem-de-potes-e-garrafas-de-vidro-11\" width=\"570\" height=\"491\" srcset=\"https:\/\/portalfloresnoar.com\/floresnoar\/wp-content\/uploads\/2016\/08\/reciclagem-de-potes-e-garrafas-de-vidro-11.jpg 570w, https:\/\/portalfloresnoar.com\/floresnoar\/wp-content\/uploads\/2016\/08\/reciclagem-de-potes-e-garrafas-de-vidro-11-300x258.jpg 300w\" sizes=\"(max-width: 570px) 100vw, 570px\" \/><\/p>\n<p style=\"text-align: center;\">Fonte:\u00a0<a href=\"http:\/\/www.comofazeremcasa.net\/duas-formas-para-reciclar-garrafas-e-potes-de-vidro-para-fazer-vasinhos-de-flores\/\" target=\"_blank\" rel=\"noopener\">http:\/\/www.comofazeremcasa.net\/duas-formas-para-reciclar-garrafas-e-potes-de-vidro-para-fazer-vasinhos-de-flores\/<\/a><\/p>\n<h4><strong>PINTURA COM ESMALTE<\/strong><\/h4>\n<p style=\"text-align: center;\"><img decoding=\"async\" loading=\"lazy\" class=\"aligncenter size-full wp-image-25938\" src=\"http:\/\/portalfloresnoar.com\/floresnoar\/wp-content\/uploads\/2016\/08\/reaproveitar-copos-vidros.jpg\" alt=\"reaproveitar copos vidros\" width=\"448\" height=\"288\" srcset=\"https:\/\/portalfloresnoar.com\/floresnoar\/wp-content\/uploads\/2016\/08\/reaproveitar-copos-vidros.jpg 448w, https:\/\/portalfloresnoar.com\/floresnoar\/wp-content\/uploads\/2016\/08\/reaproveitar-copos-vidros-300x192.jpg 300w\" sizes=\"(max-width: 448px) 100vw, 448px\" \/>Fonte: <a href=\"http:\/\/artesanatonarede.com.br\/pintura-em-copo-com-esmalte\/\" target=\"_blank\" rel=\"noopener\">http:\/\/artesanatonarede.com.br\/pintura-em-copo-com-esmalte\/<\/a><\/p>\n<p><iframe loading=\"lazy\" src=\"https:\/\/www.youtube.com\/embed\/AcS71IFq_Wc\" width=\"420\" height=\"315\" frameborder=\"0\" allowfullscreen=\"allowfullscreen\"><\/iframe><br \/>\n<script type=\"text\/javascript\">\/\/ <![CDATA[ google_ad_client = \"ca-pub-6774921656048980\"; google_ad_slot = \"2987505043\"; google_ad_width = 468; google_ad_height = 60; \/\/ ]]><\/script><br \/>\n<!-- banner normal --><br \/>\n<script type=\"text\/javascript\" src=\"\/\/pagead2.googlesyndication.com\/pagead\/show_ads.js\">\/\/ <![CDATA[ \/\/ ]]><\/script><\/p>\n","protected":false},"excerpt":{"rendered":"<p>Por Diana Terra J\u00e1 faz alguns anos que n\u00e3o compro copos de vidro aqui pra casa. Isso porque comecei a aproveitar os potes de extrato de tomate que iam se acumulando. Depois comecei tamb\u00e9m a deixar de adquirir tupperware, que por serem de pl\u00e1stico n\u00e3o s\u00e3o os melhores locais para armazenar comida. E ando reaproveitando [&hellip;]<\/p>\n","protected":false},"author":1,"featured_media":25952,"comment_status":"open","ping_status":"open","sticky":false,"template":"","format":"standard","meta":{"om_disable_all_campaigns":false,"_monsterinsights_skip_tracking":false,"_monsterinsights_sitenote_active":false,"_monsterinsights_sitenote_note":"","_monsterinsights_sitenote_category":0,"footnotes":""},"categories":[92],"tags":[45,102,352,293,112],"acf":[],"publishpress_future_action":{"enabled":false,"date":"1969-12-31 21:00:00","action":"","terms":[],"taxonomy":"","browser_timezone_offset":0},"_links":{"self":[{"href":"https:\/\/portalfloresnoar.com\/floresnoar\/wp-json\/wp\/v2\/posts\/25936"}],"collection":[{"href":"https:\/\/portalfloresnoar.com\/floresnoar\/wp-json\/wp\/v2\/posts"}],"about":[{"href":"https:\/\/portalfloresnoar.com\/floresnoar\/wp-json\/wp\/v2\/types\/post"}],"author":[{"embeddable":true,"href":"https:\/\/portalfloresnoar.com\/floresnoar\/wp-json\/wp\/v2\/users\/1"}],"replies":[{"embeddable":true,"href":"https:\/\/portalfloresnoar.com\/floresnoar\/wp-json\/wp\/v2\/comments?post=25936"}],"version-history":[{"count":0,"href":"https:\/\/portalfloresnoar.com\/floresnoar\/wp-json\/wp\/v2\/posts\/25936\/revisions"}],"wp:featuredmedia":[{"embeddable":true,"href":"https:\/\/portalfloresnoar.com\/floresnoar\/wp-json\/wp\/v2\/media\/25952"}],"wp:attachment":[{"href":"https:\/\/portalfloresnoar.com\/floresnoar\/wp-json\/wp\/v2\/media?parent=25936"}],"wp:term":[{"taxonomy":"category","embeddable":true,"href":"https:\/\/portalfloresnoar.com\/floresnoar\/wp-json\/wp\/v2\/categories?post=25936"},{"taxonomy":"post_tag","embeddable":true,"href":"https:\/\/portalfloresnoar.com\/floresnoar\/wp-json\/wp\/v2\/tags?post=25936"}],"curies":[{"name":"wp","href":"https:\/\/api.w.org\/{rel}","templated":true}]}}