

{"id":25918,"date":"2016-07-03T13:15:56","date_gmt":"2016-07-03T16:15:56","guid":{"rendered":"http:\/\/portalfloresnoar.com\/floresnoar\/?p=25918"},"modified":"2016-09-11T20:36:44","modified_gmt":"2016-09-11T23:36:44","slug":"curso-divina-alquimia-na-cozinha-dia-119-no-espaco-circular","status":"publish","type":"post","link":"https:\/\/portalfloresnoar.com\/floresnoar\/curso-divina-alquimia-na-cozinha-dia-119-no-espaco-circular\/","title":{"rendered":"[AGENDA PE] Curso &#8216;Divina Alquimia na Cozinha&#8217; dia 11\/9 no Espa\u00e7o Circular"},"content":{"rendered":"<p><img decoding=\"async\" loading=\"lazy\" class=\"aligncenter size-full wp-image-26194\" alt=\"Divina Alquimia\" src=\"http:\/\/portalfloresnoar.com\/floresnoar\/wp-content\/uploads\/2016\/07\/Divina-Alquimia.jpg\" width=\"700\" height=\"700\" srcset=\"https:\/\/portalfloresnoar.com\/floresnoar\/wp-content\/uploads\/2016\/07\/Divina-Alquimia.jpg 700w, https:\/\/portalfloresnoar.com\/floresnoar\/wp-content\/uploads\/2016\/07\/Divina-Alquimia-150x150.jpg 150w, https:\/\/portalfloresnoar.com\/floresnoar\/wp-content\/uploads\/2016\/07\/Divina-Alquimia-300x300.jpg 300w, https:\/\/portalfloresnoar.com\/floresnoar\/wp-content\/uploads\/2016\/07\/Divina-Alquimia-100x100.jpg 100w\" sizes=\"(max-width: 700px) 100vw, 700px\" \/><\/p>\n<p>O Espa\u00e7o Circular promove no dia 11 de setembro, das 9h \u00e0s 16h, o curso &#8216;Divina Alquimia na Cozinha&#8217;, com Daniela Cunha e Luciana Madruga.<\/p>\n<p>Inspirado em conhecimentos como alquimia, ayurveda, medita\u00e7\u00e3o, pr\u00e1ticas energ\u00e9ticas, c\u00edrculos de saberes e cozinha ancestral, o curso trabalha o ato de cozinhar numa alquimia externa e interna, transformando os alimentos e a si mesma.<\/p>\n<p>\u201cOs participantes aprender\u00e3o a transformar a tarefa cotidiana de cozinhar em momentos de medita\u00e7\u00e3o, intui\u00e7\u00e3o e prazer\u201d, declaram as facilitadoras Daniela Cunha e Luciana Madruga, acrescentando que a ideia \u00e9 proporcionar que a prepara\u00e7\u00e3o das refei\u00e7\u00f5es seja uma pr\u00e1tica meditativa de encontro com o sagrado.<\/p>\n<p>Neste m\u00f3dulo, o tema ser\u00e1: &#8216;Intui\u00e7\u00e3o, criatividade e transforma\u00e7\u00e3o\u2019. &#8220;Ser\u00e1 uma experi\u00eancia para encontrarmos as chaves da transforma\u00e7\u00e3o que levam a uma nova vida, despertando a intui\u00e7\u00e3o para que o caminho pessoal de cada uma possa ser sentido e acessado, levando tudo para esse caldeir\u00e3o criativo que constr\u00f3i essa nova realidade.\u201d<\/p>\n<p>FACILITADORAS<br \/>\n<strong>Daniela Cunha <\/strong>\u2013 fundadora do Espa\u00e7o Circular, criadora do programa VIDA CRIATIVA, turism\u00f3loga, instrutora de Yoga, focalizadora de Dan\u00e7as Circulares e contadora de Hist\u00f3rias.<\/p>\n<p><strong>Luciana Madruga<\/strong> \u2013 arquiteta, terapeuta Natural, facilitadora de Viv\u00eancias do Sagrado Feminino, facilitadora do C\u00edrculo de Estudos Mulheres Medicina, multiplicadora da Ci\u00eancia do In\u00edcio da Vida.<\/p>\n<p><em>Confira alguns v\u00eddeos do Divina Alquimia\u00a0<strong><a href=\" https:\/\/www.youtube.com\/channel\/UCI5b6gkFM80JCAXlpX-qAFg\" target=\"_blank\">aqui<\/a><\/strong>!<\/em><\/p>\n<p>LOCAL<br \/>\n<strong>Espa\u00e7o Circular<\/strong> \u2013 Rua Samuel de Farias, 95 Casa Forte, Recife\/PE<\/p>\n<p>INVESTIMENTO<br \/>\nR$ 180,00<br \/>\n(Inclui almo\u00e7o)<\/p>\n<p>INFORMA\u00c7\u00d5ES\/ INSCRI\u00c7\u00d5ES<br \/>\n(81) 9 9925-1753 Daniela<br \/>\n(81) 9 9968-0030 Luciana<\/p>\n<p><a href=\"http:\/\/bit.ly\/alquimianacozinha\" target=\"_blank\">http:\/\/bit.ly\/alquimianacozinha<\/a><\/p>\n<p>&nbsp;<\/p>\n","protected":false},"excerpt":{"rendered":"<p>O Espa\u00e7o Circular promove no dia 11 de setembro, das 9h \u00e0s 16h, o curso &#8216;Divina Alquimia na Cozinha&#8217;, com Daniela Cunha e Luciana Madruga. Inspirado em conhecimentos como alquimia, ayurveda, medita\u00e7\u00e3o, pr\u00e1ticas energ\u00e9ticas, c\u00edrculos de saberes e cozinha ancestral, o curso trabalha o ato de cozinhar numa alquimia externa e interna, transformando os alimentos [&hellip;]<\/p>\n","protected":false},"author":1,"featured_media":25919,"comment_status":"open","ping_status":"open","sticky":false,"template":"","format":"standard","meta":{"om_disable_all_campaigns":false,"_monsterinsights_skip_tracking":false,"_monsterinsights_sitenote_active":false,"_monsterinsights_sitenote_note":"","_monsterinsights_sitenote_category":0,"footnotes":""},"categories":[8,214],"tags":[50,74,352,167],"acf":[],"publishpress_future_action":{"enabled":false,"date":"1969-12-31 21:00:00","action":"","terms":[],"taxonomy":"","browser_timezone_offset":0},"_links":{"self":[{"href":"https:\/\/portalfloresnoar.com\/floresnoar\/wp-json\/wp\/v2\/posts\/25918"}],"collection":[{"href":"https:\/\/portalfloresnoar.com\/floresnoar\/wp-json\/wp\/v2\/posts"}],"about":[{"href":"https:\/\/portalfloresnoar.com\/floresnoar\/wp-json\/wp\/v2\/types\/post"}],"author":[{"embeddable":true,"href":"https:\/\/portalfloresnoar.com\/floresnoar\/wp-json\/wp\/v2\/users\/1"}],"replies":[{"embeddable":true,"href":"https:\/\/portalfloresnoar.com\/floresnoar\/wp-json\/wp\/v2\/comments?post=25918"}],"version-history":[{"count":0,"href":"https:\/\/portalfloresnoar.com\/floresnoar\/wp-json\/wp\/v2\/posts\/25918\/revisions"}],"wp:featuredmedia":[{"embeddable":true,"href":"https:\/\/portalfloresnoar.com\/floresnoar\/wp-json\/wp\/v2\/media\/25919"}],"wp:attachment":[{"href":"https:\/\/portalfloresnoar.com\/floresnoar\/wp-json\/wp\/v2\/media?parent=25918"}],"wp:term":[{"taxonomy":"category","embeddable":true,"href":"https:\/\/portalfloresnoar.com\/floresnoar\/wp-json\/wp\/v2\/categories?post=25918"},{"taxonomy":"post_tag","embeddable":true,"href":"https:\/\/portalfloresnoar.com\/floresnoar\/wp-json\/wp\/v2\/tags?post=25918"}],"curies":[{"name":"wp","href":"https:\/\/api.w.org\/{rel}","templated":true}]}}