

{"id":25904,"date":"2016-07-07T09:44:10","date_gmt":"2016-07-07T12:44:10","guid":{"rendered":"http:\/\/portalfloresnoar.com\/floresnoar\/?p=25904"},"modified":"2016-08-14T10:01:33","modified_gmt":"2016-08-14T13:01:33","slug":"agenda-pe-x-festival-de-musica-na-escola-acontece-nesta-sexta-no-teatro-guararapes","status":"publish","type":"post","link":"https:\/\/portalfloresnoar.com\/floresnoar\/agenda-pe-x-festival-de-musica-na-escola-acontece-nesta-sexta-no-teatro-guararapes\/","title":{"rendered":"[AGENDA PE] X Festival de M\u00fasica na Escola acontece nesta sexta no Teatro Guararapes"},"content":{"rendered":"<p><img decoding=\"async\" loading=\"lazy\" class=\"aligncenter size-full wp-image-25905\" alt=\"festival musica nas escolas\" src=\"http:\/\/portalfloresnoar.com\/floresnoar\/wp-content\/uploads\/2016\/08\/festival-musica-nas-escolas.jpg\" width=\"697\" height=\"407\" srcset=\"https:\/\/portalfloresnoar.com\/floresnoar\/wp-content\/uploads\/2016\/08\/festival-musica-nas-escolas.jpg 697w, https:\/\/portalfloresnoar.com\/floresnoar\/wp-content\/uploads\/2016\/08\/festival-musica-nas-escolas-300x175.jpg 300w\" sizes=\"(max-width: 697px) 100vw, 697px\" \/><\/p>\n<p>Nesta sexta-feira (12\/8), \u00e0s 9h, o Comit\u00ea de Entidades e Pessoas (COEP) em Rede Nacional de Mobiliza\u00e7\u00e3o Social no Combate \u00e0 Fome e pela Vida realizar\u00e1 o <strong>X Festival de M\u00fasica na Escola<\/strong>, no Teatro Guararapes no Centro de Conven\u00e7\u00f5es de Pernambuco.<\/p>\n<p>Com a mobiliza\u00e7\u00e3o de 2 mil pessoas, entre alunos, professores de escolas p\u00fablicas estaduais e convidados, esta edi\u00e7\u00e3o do festival contar\u00e1 com a apresenta\u00e7\u00e3o de bandas de 23 escolas inscritas de todas as regionais. A mostra competitiva das 23 bandas ser\u00e1 de m\u00fasicas in\u00e9ditas de autoria dos alunos e com letras criadas com base no 8\u00ba Objetivo do Mil\u00eanio \u2013 Todo Mundo Trabalhando pelo Desenvolvimento. O Maestro F\u00e1bio Costa e a Banda Ra\u00edzes Pernambucana estar\u00e1 na dire\u00e7\u00e3o musical dos alunos.<\/p>\n<p>A abertura oficial ser\u00e1 realizada pela Banda Marcial da Escola Rotary \u2013 Alto do Pascoal, do Maestro Ricardo Teodoro, que entoar\u00e1 o Hino Nacional e o Hino de Pernambuco, al\u00e9m de homenagear os estudantes com a can\u00e7\u00e3o Cora\u00e7\u00e3o de Estudante, de Milton Nascimento.<\/p>\n<p>Em seguida, sobe ao palco a cantora <span style=\"text-decoration: underline;\"><a href=\"https:\/\/www.facebook.com\/cantodelu7\" target=\"_blank\">Lu Rabelo<\/a><\/span>, acompanhada dos m\u00fasicos Ant\u00f4nio de Hollanda, Cleto Campos e Rog\u00ea Victor, dando as boas vindas aos estudantes com um pocket show autoral. O encerramento ficar\u00e1 por conta da cantora Cristina Amaral, batizada de &#8216;imperatriz&#8217; do festival.<\/p>\n<p>O corpo de jurados ser\u00e1 composto pelo compositor, arranjador e produtor<span style=\"text-decoration: underline;\"> <a href=\"https:\/\/www.facebook.com\/JULIANOHOLANDA1\" target=\"_blank\">Juliano Holanda<\/a><\/span>, pelo maestro Cl\u00f3vis Barbosa e outros profissionais da \u00e1rea musical. Os tr\u00eas primeiros colocados ser\u00e3o premiados com instrumentos musicais, al\u00e9m de software e curso de m\u00fasica da DACCORD &#8211; Porto Digital Mix.<\/p>\n<p>Um<span style=\"text-decoration: underline;\"> <a href=\"http:\/\/app.vc\/xfestivaldemusica\" target=\"_blank\">aplicativo<\/a><\/span> desenvolvido por alunos da ESCOLA &#8211; ETE Maria Jos\u00e9 Vasconcelos \u2013 Bezerros possibilitar\u00e1 uma vota\u00e7\u00e3o popular por celulares da plateia e do p\u00fablico externo. A Zero Um colocar\u00e1 internet no teatro, possibilitando a transmiss\u00e3o do evento ao vivo, de forma que o p\u00fablico externo e os alunos que n\u00e3o poder\u00e3o estar no evento possam assistir o festival e votar em sua banda preferida, atrav\u00e9s do Site do festival:\u00a0<a href=\"www.festivaldemusicanaescola.com.br \" target=\"_blank\">www.festivaldemusicanaescola.com.br<\/a><\/p>\n<p>Participar\u00e3o do X Festival de M\u00fasica as escolas estaduais do Recife, Olinda, Jaboat\u00e3o, Paulista, Camaragibe, \u00c1gua Fria, Paudalho, Surubim, Bel\u00e9m do S\u00e3o Francisco, Igarassu, S\u00e3o Vicente Ferrer, Feira Nova, Garanhuns e Petrolina.<\/p>\n<p>&#8220;Ser\u00e1 um dia muito rico de acontecimentos e principalmente de experi\u00eancias marcantes nas vidas dos jovens alunos que certamente nunca esquecer\u00e3o esse momento e oportunidade&#8221;, declara Selma Cavalcanti, coordenadora do evento.<\/p>\n<p>O evento \u00e9 resultante do &#8220;Projeto: O COEP e a Escola Caminhando Juntos na Constru\u00e7\u00e3o da Cidadania&#8221;, e \u00e9\u00a0destinado a alunos de escolas p\u00fablicas de todo o estado de Pernambuco.\u00a0Ao longo desses dez anos, o evento tem Oferecido\u00a0oportunidades de descobertas de talentos, al\u00e9m de proporcionar a constru\u00e7\u00e3o de um trabalho de cria\u00e7\u00e3o e arte em equipe.<\/p>\n<p>O COEP Pernambuco atualmente \u00e9 composto pelas seguintes empresas parceiras: EMBRAPA; CAIXA ECON\u00d4MICA FEDERAL; BANCO DO BRASIL; CORREIOS; CHESF; CONAB; SECRETARIA ESTADUAL DE EDUCA\u00c7\u00c3O; SECRETARIA ESTADUAL DE TURISMO, ESPORTES E LAZER; EMPETUR; BANCO DO NORDESTE; CODEVASF; CIEE; ONG. MORADIA CIDADANIA; CABOCLINHOS DE CANIND\u00c9; SERPRO; DATAPREV; FAFIRE; IFPE; SINPAF; SINBANC e SINDPD.<\/p>\n<p><strong>Mais informa\u00e7\u00f5es:\u00a0<\/strong><a href=\"www.festivaldemusicanaescola.com.br \" target=\"_blank\">www.festivaldemusicanaescola.com.br<\/a><\/p>\n","protected":false},"excerpt":{"rendered":"<p>Nesta sexta-feira (12\/8), \u00e0s 9h, o Comit\u00ea de Entidades e Pessoas (COEP) em Rede Nacional de Mobiliza\u00e7\u00e3o Social no Combate \u00e0 Fome e pela Vida realizar\u00e1 o X Festival de M\u00fasica na Escola, no Teatro Guararapes no Centro de Conven\u00e7\u00f5es de Pernambuco. Com a mobiliza\u00e7\u00e3o de 2 mil pessoas, entre alunos, professores de escolas p\u00fablicas [&hellip;]<\/p>\n","protected":false},"author":1,"featured_media":25905,"comment_status":"open","ping_status":"open","sticky":false,"template":"","format":"standard","meta":{"om_disable_all_campaigns":false,"_monsterinsights_skip_tracking":false,"_monsterinsights_sitenote_active":false,"_monsterinsights_sitenote_note":"","_monsterinsights_sitenote_category":0,"footnotes":""},"categories":[8,214],"tags":[31,125],"acf":[],"publishpress_future_action":{"enabled":false,"date":"1969-12-31 21:00:00","action":"","terms":[],"taxonomy":"","browser_timezone_offset":0},"_links":{"self":[{"href":"https:\/\/portalfloresnoar.com\/floresnoar\/wp-json\/wp\/v2\/posts\/25904"}],"collection":[{"href":"https:\/\/portalfloresnoar.com\/floresnoar\/wp-json\/wp\/v2\/posts"}],"about":[{"href":"https:\/\/portalfloresnoar.com\/floresnoar\/wp-json\/wp\/v2\/types\/post"}],"author":[{"embeddable":true,"href":"https:\/\/portalfloresnoar.com\/floresnoar\/wp-json\/wp\/v2\/users\/1"}],"replies":[{"embeddable":true,"href":"https:\/\/portalfloresnoar.com\/floresnoar\/wp-json\/wp\/v2\/comments?post=25904"}],"version-history":[{"count":0,"href":"https:\/\/portalfloresnoar.com\/floresnoar\/wp-json\/wp\/v2\/posts\/25904\/revisions"}],"wp:featuredmedia":[{"embeddable":true,"href":"https:\/\/portalfloresnoar.com\/floresnoar\/wp-json\/wp\/v2\/media\/25905"}],"wp:attachment":[{"href":"https:\/\/portalfloresnoar.com\/floresnoar\/wp-json\/wp\/v2\/media?parent=25904"}],"wp:term":[{"taxonomy":"category","embeddable":true,"href":"https:\/\/portalfloresnoar.com\/floresnoar\/wp-json\/wp\/v2\/categories?post=25904"},{"taxonomy":"post_tag","embeddable":true,"href":"https:\/\/portalfloresnoar.com\/floresnoar\/wp-json\/wp\/v2\/tags?post=25904"}],"curies":[{"name":"wp","href":"https:\/\/api.w.org\/{rel}","templated":true}]}}