

{"id":259,"date":"2012-04-16T11:17:00","date_gmt":"2012-04-16T14:17:00","guid":{"rendered":"http:\/\/portalfloresnoar.hospedagemdesites.ws\/floresnoar\/?p=259"},"modified":"2012-06-24T11:23:44","modified_gmt":"2012-06-24T14:23:44","slug":"um-belo-dia-de-domingo","status":"publish","type":"post","link":"https:\/\/portalfloresnoar.com\/floresnoar\/um-belo-dia-de-domingo\/","title":{"rendered":"Um belo dia de domingo"},"content":{"rendered":"<p><em><span style=\"color: red;\">Por Ivan Moraes Filho<\/span><\/em><br \/>\n<span style=\"font-size: x-small;\">(publicado originalmente em\u00a0<a href=\"http:\/\/www.bodega.blog.br\/\">http:\/\/www.bodega.blog.br<\/a>)<\/span><\/p>\n<div style=\"clear: both; text-align: center;\"><\/div>\n<div style=\"clear: both; text-align: center;\"><img decoding=\"async\" loading=\"lazy\" class=\"aligncenter\" style=\"border: 0px;\" src=\"http:\/\/4.bp.blogspot.com\/-e11YYC5Vt0M\/T4wpfch3xGI\/AAAAAAAABRo\/eyH1u_Acopc\/s400\/DSC09171.JPG\" alt=\"\" width=\"400\" height=\"300\" border=\"0\" \/><\/div>\n<p>Acordei, papei um prato de cuscuz com ovo e fui mimbora curtir um domingo diferente. Mochila nas costas, parti para o Cais Jos\u00e9 Estelita, centro do Recife, beira da mar\u00e9. N\u00e3o estava sozinho.<\/p>\n<p>Ao longo desse doming\u00e3o, centenas de pessoas seguiram o mesmo caminho. Da minha pr\u00f3pria cabe\u00e7a, vou dizer que mais de mil passaram por l\u00e1. Alguns traziam faixas. Outros pintavam ou colavam seus cartazes nas paredes dos velhos armaz\u00e9ns, abandonados h\u00e1 d\u00e9cadas numa das \u00e1reas (que deveriam ser) mais privilegiadas da cidade. Uma turma pediu eletricidade ao vizinho e ligou o som. Cardumes de bicicletas ocupavam o lugar. Fam\u00edlias faziam piqueniques e separavam o lixo org\u00e2nico do material recicl\u00e1vel.<!--more--><\/p>\n<p>Bom humor, risada, brincadeiras, papo s\u00e9rio.<\/p>\n<p>O \u201cmote\u201d da festa (agora vou chamar de festa) \u00e9 a indigna\u00e7\u00e3o do pessoal por conta do projeto Novo Recife, que \u2013 entre outras coisas \u2013 pretende subir 14 torres de 40 andares na beira do rio. Quem entende faz a lista da bronca: problemas de ventila\u00e7\u00e3o, saneamento e tr\u00e2nsito devem ser o efeito colateral do projeto, caso saia como o cons\u00f3rcio imobili\u00e1rio deseja.O grupo que compareceu ao cais hoje foi significativo e fez ver que existe muita gente que acha importante uma discuss\u00e3o maior sobre o direito \u00e0 cidade e sobre a forma com que se constr\u00f3i ou se deixa de construir por aqui. Mas, enfim.<\/p>\n<p>A chamada ao protesto (agora eu vou chamar de protesto) aconteceu pelas redes sociais. Feicebuqueanos e tuiteiras meteram o dedo pra cima e convidaram todo mundo a botar a boca no trombone. Quem sabe desenhar fez cartazes bacanas. Compartilhou-se, curtiu-se aos montes. Os chamados \u201cativistas de sof\u00e1\u201d perceberam que precisavam tamb\u00e9m mostrar a cara e fazer-se ver al\u00e9m da twitcam.<\/p>\n<p><a style=\"clear: left; float: left; margin-bottom: 1em; margin-right: 1em; text-align: center;\" href=\"http:\/\/3.bp.blogspot.com\/-cL2f_6SLAtw\/T4wpYH-CY0I\/AAAAAAAABRY\/QpWpWRErKy4\/s1600\/DSC09168.JPG\"><img decoding=\"async\" loading=\"lazy\" src=\"http:\/\/3.bp.blogspot.com\/-cL2f_6SLAtw\/T4wpYH-CY0I\/AAAAAAAABRY\/QpWpWRErKy4\/s200\/DSC09168.JPG\" alt=\"\" width=\"200\" height=\"150\" border=\"0\" \/><\/a>Circulando, vi muita gente acostumada a lutar por direitos. Estudantes, ciclistas organizados, militantes cineclubistas, a galera dos direitos humanos, do direito \u00e0 comunica\u00e7\u00e3o, \u00e0 cultura. Bon\u00e9 do MST e bandeiras de um par de movimentos sociais. Mas tamb\u00e9m vi muita (muita mesmo) gente nova em v\u00e1rios sentidos. Certamente foi a estreia de uma galera no mundo das reivindica\u00e7\u00f5es. Reunidos, os manifestantes formavam um caldeir\u00e3o inusitadamente singular. Pouca estrutura formal, descentraliza\u00e7\u00e3o total, recursos mobilizados a partir de caixinhas de papel\u00e3o em que qualquer um podia contribuir para ressarcir quem gastou pra levar tintas, faixas e outros materiais.<\/p>\n<p>Uma manifesta\u00e7\u00e3o feliz, num dia feliz.<\/p>\n<p>Sim, \u00e9 verdade que a \u00e1rea est\u00e1 abandonada h\u00e1 muitos anos. Tamb\u00e9m \u00e9 verdade que a indigna\u00e7\u00e3o s\u00f3 foi engatilhada depois que o projeto das torres \u2018vazou\u2019 para a popula\u00e7\u00e3o. N\u00e3o \u00e9 mentira que muita gente que apareceu hoje no Jos\u00e9 Estelita conheceu o cais nessa linda manh\u00e3 de domingo.<\/p>\n<p>E da\u00ed?<\/p>\n<p>A grande gra\u00e7a de hoje foi ver pessoas na rua, dividindo esfor\u00e7os e conversas. Pessoas que, de uma forma ou de outra, percebem a necessidade de construir algo novo (eita) em termos de pol\u00edtica na cidade. Pouco me importa se ainda tem gente se empoderando das discuss\u00f5es. Tou nem a\u00ed para quem vier me dizer que \u00e9 improv\u00e1vel a interrup\u00e7\u00e3o do Projeto Novo Recife, que o terreno est\u00e1 comprado, que a prefeitura vai conceder todas as licen\u00e7as, etc. Certamente a movimenta\u00e7\u00e3o da galera vai aumentar o poder de barganha de poss\u00edveis gestores p\u00fablicos interessados em aumentar as chamadas \u2018contrapartidas sociais\u2019 do empreendimento, mas nem \u00e9 isso que eu tou aqui comemorando.<\/p>\n<p><a style=\"clear: right; float: right; margin-bottom: 1em; margin-left: 1em; text-align: center;\" href=\"http:\/\/4.bp.blogspot.com\/--CW3HUQe_nM\/T4wpb_zmKLI\/AAAAAAAABRg\/GuplijzxZHg\/s1600\/DSC09161.JPG\"><img decoding=\"async\" loading=\"lazy\" src=\"http:\/\/4.bp.blogspot.com\/--CW3HUQe_nM\/T4wpb_zmKLI\/AAAAAAAABRg\/GuplijzxZHg\/s200\/DSC09161.JPG\" alt=\"\" width=\"200\" height=\"150\" border=\"0\" \/><\/a>Cada pessoa que, em qualquer momento do domingo, passou pela manifesta\u00e7\u00e3o, j\u00e1 gastou muita saliva em mesa de bar reclamando de um monte de coisa. J\u00e1 escreveu nas redes sociais que alguma coisa tem que mudar, que pode ser feito diferente. E agora percebeu que d\u00e1 pra \u2013 pelo menos \u2013 tentar interferir.<\/p>\n<p>J\u00e1 pensou se isso vira moda? Tend\u00eancia, como se diz hoje em dia? J\u00e1 pensou se a galera percebe que pode ser um programa legal dar uma chegada no Cais uma vez por semana pra curtir umas interven\u00e7\u00f5es art\u00edsticas e reverberar suas demandas sociais? Sa\u00fade, educa\u00e7\u00e3o, comunica\u00e7\u00e3o, meio ambiente. Causas n\u00e3o faltam.<\/p>\n<p>J\u00e1 pensou se os movimentos populares come\u00e7am a chegar junto? Os meninos do Coque, a galera da Bomba do Hemet\u00e9rio, as r\u00e1dios comunit\u00e1rias, a turma do grafite do Tot\u00f3, os pescadores da Ilha de Deus com suas redes e barcos altamente politizados?<\/p>\n<p>Pensou n\u00e3o? Ainda d\u00e1 tempo.<\/p>\n<p>Quer saber mais sobre o projeto Novo Recife? D\u00ea uma sacada nessa mat\u00e9ria do P\u00e9 na Rua.<\/p>\n<p><iframe loading=\"lazy\" src=\"http:\/\/www.youtube.com\/embed\/vud3iObA5uo\" frameborder=\"0\" width=\"560\" height=\"315\"><\/iframe><\/p>\n","protected":false},"excerpt":{"rendered":"<p>Por Ivan Moraes Filho (publicado originalmente em\u00a0http:\/\/www.bodega.blog.br) Acordei, papei um prato de cuscuz com ovo e fui mimbora curtir um domingo diferente. Mochila nas costas, parti para o Cais Jos\u00e9 Estelita, centro do Recife, beira da mar\u00e9. N\u00e3o estava sozinho. Ao longo desse doming\u00e3o, centenas de pessoas seguiram o mesmo caminho. Da minha pr\u00f3pria cabe\u00e7a, [&hellip;]<\/p>\n","protected":false},"author":1,"featured_media":0,"comment_status":"open","ping_status":"open","sticky":false,"template":"","format":"standard","meta":{"om_disable_all_campaigns":false,"_monsterinsights_skip_tracking":false,"_monsterinsights_sitenote_active":false,"_monsterinsights_sitenote_note":"","_monsterinsights_sitenote_category":0,"footnotes":""},"categories":[10],"tags":[19,40],"acf":[],"publishpress_future_action":{"enabled":false,"date":"1969-12-31 21:00:00","action":"","terms":[],"taxonomy":"","browser_timezone_offset":0},"_links":{"self":[{"href":"https:\/\/portalfloresnoar.com\/floresnoar\/wp-json\/wp\/v2\/posts\/259"}],"collection":[{"href":"https:\/\/portalfloresnoar.com\/floresnoar\/wp-json\/wp\/v2\/posts"}],"about":[{"href":"https:\/\/portalfloresnoar.com\/floresnoar\/wp-json\/wp\/v2\/types\/post"}],"author":[{"embeddable":true,"href":"https:\/\/portalfloresnoar.com\/floresnoar\/wp-json\/wp\/v2\/users\/1"}],"replies":[{"embeddable":true,"href":"https:\/\/portalfloresnoar.com\/floresnoar\/wp-json\/wp\/v2\/comments?post=259"}],"version-history":[{"count":0,"href":"https:\/\/portalfloresnoar.com\/floresnoar\/wp-json\/wp\/v2\/posts\/259\/revisions"}],"wp:attachment":[{"href":"https:\/\/portalfloresnoar.com\/floresnoar\/wp-json\/wp\/v2\/media?parent=259"}],"wp:term":[{"taxonomy":"category","embeddable":true,"href":"https:\/\/portalfloresnoar.com\/floresnoar\/wp-json\/wp\/v2\/categories?post=259"},{"taxonomy":"post_tag","embeddable":true,"href":"https:\/\/portalfloresnoar.com\/floresnoar\/wp-json\/wp\/v2\/tags?post=259"}],"curies":[{"name":"wp","href":"https:\/\/api.w.org\/{rel}","templated":true}]}}