

{"id":25898,"date":"2016-08-09T16:55:02","date_gmt":"2016-08-09T19:55:02","guid":{"rendered":"http:\/\/portalfloresnoar.com\/floresnoar\/?p=25898"},"modified":"2016-08-09T16:55:03","modified_gmt":"2016-08-09T19:55:03","slug":"que-voce-escolha-o-que-a-faca-dancar","status":"publish","type":"post","link":"https:\/\/portalfloresnoar.com\/floresnoar\/que-voce-escolha-o-que-a-faca-dancar\/","title":{"rendered":"&#8220;Que voc\u00ea escolha o que a fa\u00e7a dan\u00e7ar&#8230;&#8221;"},"content":{"rendered":"<pre>Por Clarissa Pinkola Est\u00e9s<\/pre>\n<figure id=\"attachment_25899\" aria-describedby=\"caption-attachment-25899\" style=\"width: 659px\" class=\"wp-caption aligncenter\"><img decoding=\"async\" loading=\"lazy\" class=\"size-full wp-image-25899\" alt=\"av\u00f3s\" src=\"http:\/\/portalfloresnoar.com\/floresnoar\/wp-content\/uploads\/2016\/08\/av\u00f3s.jpg\" width=\"659\" height=\"350\" srcset=\"https:\/\/portalfloresnoar.com\/floresnoar\/wp-content\/uploads\/2016\/08\/av\u00f3s.jpg 659w, https:\/\/portalfloresnoar.com\/floresnoar\/wp-content\/uploads\/2016\/08\/av\u00f3s-300x159.jpg 300w\" sizes=\"(max-width: 659px) 100vw, 659px\" \/><figcaption id=\"caption-attachment-25899\" class=\"wp-caption-text\">Foto: http:\/\/avozdasavos.org\/<\/figcaption><\/figure>\n<p>&#8220;&#8230;Que voc\u00ea sempre se lembre de estar conectada \u00e0 alma, se for vis\u00e3o e for\u00e7a o que deseja,<br \/>\n&#8230;e de estar conectada ao esp\u00edrito, se for energia e determina\u00e7\u00e3o que necessitar para agir pelo seu pr\u00f3prio bem e pelo mundo,<br \/>\n&#8230;e, se for sabedoria o que quiser, que voc\u00ea sempre una o esp\u00edrito \u00e0 alma, ou seja, una a a\u00e7\u00e3o \u00e0 paix\u00e3o, a ousadia \u00e0 sabedoria, a energia \u00e0 profundidade&#8230;e convide todos os aspectos da psique para o hierosgamos, esse matrim\u00f4nio sagrado.<br \/>\n&#8230;Assim, filha querida, anime-se e inspire-se.<br \/>\n&#8230;Assim, que voc\u00ea escolha o que tornar maior, n\u00e3o menor, seu cora\u00e7\u00e3o, sua mente e sua vida,<br \/>\n&#8230;que voc\u00ea absorva o que tornar mais profundos, n\u00e3o mais amortecidos, seu cora\u00e7\u00e3o, sua mente e sua vida,<br \/>\n&#8230;que voc\u00ea escolha o que a fa\u00e7a dan\u00e7ar, n\u00e3o mais andar pesadamente nem cochilar, pelo tempo afora.<br \/>\nA alma e o esp\u00edrito t\u00eam instintos excelentes. Trate de us\u00e1-los.<br \/>\nA alma e o esp\u00edrito t\u00eam admir\u00e1veis dons do cora\u00e7\u00e3o.<br \/>\nTrate de desdobr\u00e1-los.<br \/>\nA alma e o esp\u00edrito t\u00eam a capacidade de ver longe, remar muito e se curar razoavelmente bem.<br \/>\nTrate de us\u00e1-la.&#8221;<\/p>\n<p><em>Do livro &#8216;Ciranda das Mulheres S\u00e1bias&#8217;<\/em> <em>(Clarissa Pinkola Est\u00e9s)<\/em><\/p>\n","protected":false},"excerpt":{"rendered":"<p>Por Clarissa Pinkola Est\u00e9s &#8220;&#8230;Que voc\u00ea sempre se lembre de estar conectada \u00e0 alma, se for vis\u00e3o e for\u00e7a o que deseja, &#8230;e de estar conectada ao esp\u00edrito, se for energia e determina\u00e7\u00e3o que necessitar para agir pelo seu pr\u00f3prio bem e pelo mundo, &#8230;e, se for sabedoria o que quiser, que voc\u00ea sempre una [&hellip;]<\/p>\n","protected":false},"author":1,"featured_media":25899,"comment_status":"open","ping_status":"open","sticky":false,"template":"","format":"standard","meta":{"om_disable_all_campaigns":false,"_monsterinsights_skip_tracking":false,"_monsterinsights_sitenote_active":false,"_monsterinsights_sitenote_note":"","_monsterinsights_sitenote_category":0,"footnotes":""},"categories":[13],"tags":[129],"acf":[],"publishpress_future_action":{"enabled":false,"date":"1969-12-31 21:00:00","action":"","terms":[],"taxonomy":"","browser_timezone_offset":0},"_links":{"self":[{"href":"https:\/\/portalfloresnoar.com\/floresnoar\/wp-json\/wp\/v2\/posts\/25898"}],"collection":[{"href":"https:\/\/portalfloresnoar.com\/floresnoar\/wp-json\/wp\/v2\/posts"}],"about":[{"href":"https:\/\/portalfloresnoar.com\/floresnoar\/wp-json\/wp\/v2\/types\/post"}],"author":[{"embeddable":true,"href":"https:\/\/portalfloresnoar.com\/floresnoar\/wp-json\/wp\/v2\/users\/1"}],"replies":[{"embeddable":true,"href":"https:\/\/portalfloresnoar.com\/floresnoar\/wp-json\/wp\/v2\/comments?post=25898"}],"version-history":[{"count":0,"href":"https:\/\/portalfloresnoar.com\/floresnoar\/wp-json\/wp\/v2\/posts\/25898\/revisions"}],"wp:featuredmedia":[{"embeddable":true,"href":"https:\/\/portalfloresnoar.com\/floresnoar\/wp-json\/wp\/v2\/media\/25899"}],"wp:attachment":[{"href":"https:\/\/portalfloresnoar.com\/floresnoar\/wp-json\/wp\/v2\/media?parent=25898"}],"wp:term":[{"taxonomy":"category","embeddable":true,"href":"https:\/\/portalfloresnoar.com\/floresnoar\/wp-json\/wp\/v2\/categories?post=25898"},{"taxonomy":"post_tag","embeddable":true,"href":"https:\/\/portalfloresnoar.com\/floresnoar\/wp-json\/wp\/v2\/tags?post=25898"}],"curies":[{"name":"wp","href":"https:\/\/api.w.org\/{rel}","templated":true}]}}