

{"id":25840,"date":"2016-08-03T16:35:40","date_gmt":"2016-08-03T19:35:40","guid":{"rendered":"http:\/\/portalfloresnoar.com\/floresnoar\/?p=25840"},"modified":"2022-03-04T11:54:10","modified_gmt":"2022-03-04T14:54:10","slug":"abrindo-espaco-pras-energias-fluirem","status":"publish","type":"post","link":"https:\/\/portalfloresnoar.com\/floresnoar\/abrindo-espaco-pras-energias-fluirem\/","title":{"rendered":"[MENINA MADURA] Abrindo espa\u00e7o pras energias flu\u00edrem\u2026"},"content":{"rendered":"<figure id=\"attachment_41178\" aria-describedby=\"caption-attachment-41178\" style=\"width: 460px\" class=\"wp-caption aligncenter\"><img decoding=\"async\" loading=\"lazy\" class=\"wp-image-41178 \" src=\"http:\/\/portalfloresnoar.com\/floresnoar\/wp-content\/uploads\/2016\/08\/store-gfab7e5dbd_1280-700x471.jpg\" alt=\"\" width=\"460\" height=\"310\" srcset=\"https:\/\/portalfloresnoar.com\/floresnoar\/wp-content\/uploads\/2016\/08\/store-gfab7e5dbd_1280-700x471.jpg 700w, https:\/\/portalfloresnoar.com\/floresnoar\/wp-content\/uploads\/2016\/08\/store-gfab7e5dbd_1280-300x202.jpg 300w, https:\/\/portalfloresnoar.com\/floresnoar\/wp-content\/uploads\/2016\/08\/store-gfab7e5dbd_1280-768x517.jpg 768w, https:\/\/portalfloresnoar.com\/floresnoar\/wp-content\/uploads\/2016\/08\/store-gfab7e5dbd_1280.jpg 1280w\" sizes=\"(max-width: 460px) 100vw, 460px\" \/><figcaption id=\"caption-attachment-41178\" class=\"wp-caption-text\">Pixabay (Banco de Imagens Gratuitas)<\/figcaption><\/figure>\n<p>|<em> Por Diana Terra <\/em>|<\/p>\n<p>O ano de 2016 pra mim come\u00e7ou meio se arrastando. Foi s\u00f3 quando o Sol entrou em Touro que comecei a sentir alguma concretude em meus atos. E agora, j\u00e1 no Inverno, minha vontade \u00e9 de limpar, arrumar, organizar, abrir espa\u00e7o pras energias flu\u00edrem.<\/p>\n<p>Pois num \u00e9 que me deparei esses dias com o segundo livro* daquela japonesa (Marie Kondo) que \u00e9 bem famosa porque pegou algo que era mania dela desde a inf\u00e2ncia \u2013 a arruma\u00e7\u00e3o \u2013 e transformou em sua profiss\u00e3o. Ela tem um m\u00e9todo chamado KonMari. O que mais gostei \u00e9 que a inten\u00e7\u00e3o principal \u00e9 voc\u00ea manter em casa o que lhe traz alegria. Assim, a gente fica cercada de coisas belas.<\/p>\n<p>A dica dela \u00e9 voc\u00ea pegar cada pe\u00e7a \u00e9 perguntar: \u2018- isso me d\u00e1 alegria?\u2019 Se a resposta for sim, ent\u00e3o voc\u00ea deve manter este item. Caso seja n\u00e3o, deve descartar. E se voc\u00ea n\u00e3o souber, vai ter que decidir se fica ou vai.<\/p>\n<p>Acaba que na hora H num \u00e9 simples n\u00e3o. E isso \u00e9 porque eu ainda t\u00f4 nas roupas. S\u00e3o v\u00e1rios pensamentos e sentimentos que rolam. Sempre tem aquelas que voc\u00ea acha que vai usar algum dia.<\/p>\n<p>KonMari sugere que se deva tirar todas as roupas do arm\u00e1rio e amontar no ch\u00e3o ou em cima da cama. Foi o que fiz. A\u00ed aproveitei e j\u00e1 limpei o guarda-roupa com uma mistura de \u00e1lcool, sal grosso e \u00f3leos essenciais. Fui pegando cada pe\u00e7a e guardando, ou descartando.<\/p>\n<p>Considero que n\u00e3o tenho muuuita roupa. E, na verdade, em alguns momentos senti que se pudesse repor com coisas novas e \u00f3timas, tirava quase tudo. Mas pensei tamb\u00e9m na utilidade e tal. Mesmo assim tirei alguns vestidos e camisas pra doar. Cal\u00e7a eu s\u00f3 tenho umas 3. As calcinhas foram quase tudo pro lixo. Preciso comprar novas.<\/p>\n<p>Sa\u00ed de casa no final do dia com duas sacolas pra doa\u00e7\u00e3o. Levei pra minha irm\u00e3 encaminhar pro interior. A surpresa, entretanto, veio quando minha sobrinha me convidou, neste mesmo dia, pra ir na casa dela ver umas roupas que ela tinha separado pra doar. Oxe, fiz a festa! Tinha v\u00e1rias coisas massa! Peguei pra mim e pra minha filhar v\u00e1rios vestidinhos lindos, saias e camisetas!<img decoding=\"async\" loading=\"lazy\" draggable=\"false\" src=\"https:\/\/s1.wp.com\/wp-content\/mu-plugins\/wpcom-smileys\/simple-smile.svg\" alt=\":)\" width=\"16\" height=\"16\" \/><\/p>\n<p>Achei muito simb\u00f3lico esse retorno t\u00e3o r\u00e1pido. Foi s\u00f3 abrir espa\u00e7o que o novo j\u00e1 chegou!<\/p>\n<p>Nos pr\u00f3ximos dias vou passar pros outros objetos. S\u00f3 num sei como vai ser quando chegar nos livros\u2026<\/p>\n<p><em>* Livro Marie Kondo, Isso me traz alegria \u2013 Um guia da m\u00e1gica da arruma\u00e7\u00e3o.<\/em><br \/>\n<em>O primeiro livro dela \u00e9 o: A m\u00e1gica da arruma\u00e7\u00e3o<\/em><\/p>\n","protected":false},"excerpt":{"rendered":"<p>| Por Diana Terra | O ano de 2016 pra mim come\u00e7ou meio se arrastando. Foi s\u00f3 quando o Sol entrou em Touro que comecei a sentir alguma concretude em meus atos. E agora, j\u00e1 no Inverno, minha vontade \u00e9 de limpar, arrumar, organizar, abrir espa\u00e7o pras energias flu\u00edrem. Pois num \u00e9 que me deparei [&hellip;]<\/p>\n","protected":false},"author":1,"featured_media":41178,"comment_status":"open","ping_status":"open","sticky":false,"template":"","format":"standard","meta":{"om_disable_all_campaigns":false,"_monsterinsights_skip_tracking":false,"_monsterinsights_sitenote_active":false,"_monsterinsights_sitenote_note":"","_monsterinsights_sitenote_category":0,"footnotes":""},"categories":[220,376],"tags":[348,102,19,513,1125,349,468],"acf":[],"publishpress_future_action":{"enabled":false,"date":"1969-12-31 21:00:00","action":"","terms":[],"taxonomy":"","browser_timezone_offset":0},"_links":{"self":[{"href":"https:\/\/portalfloresnoar.com\/floresnoar\/wp-json\/wp\/v2\/posts\/25840"}],"collection":[{"href":"https:\/\/portalfloresnoar.com\/floresnoar\/wp-json\/wp\/v2\/posts"}],"about":[{"href":"https:\/\/portalfloresnoar.com\/floresnoar\/wp-json\/wp\/v2\/types\/post"}],"author":[{"embeddable":true,"href":"https:\/\/portalfloresnoar.com\/floresnoar\/wp-json\/wp\/v2\/users\/1"}],"replies":[{"embeddable":true,"href":"https:\/\/portalfloresnoar.com\/floresnoar\/wp-json\/wp\/v2\/comments?post=25840"}],"version-history":[{"count":0,"href":"https:\/\/portalfloresnoar.com\/floresnoar\/wp-json\/wp\/v2\/posts\/25840\/revisions"}],"wp:featuredmedia":[{"embeddable":true,"href":"https:\/\/portalfloresnoar.com\/floresnoar\/wp-json\/wp\/v2\/media\/41178"}],"wp:attachment":[{"href":"https:\/\/portalfloresnoar.com\/floresnoar\/wp-json\/wp\/v2\/media?parent=25840"}],"wp:term":[{"taxonomy":"category","embeddable":true,"href":"https:\/\/portalfloresnoar.com\/floresnoar\/wp-json\/wp\/v2\/categories?post=25840"},{"taxonomy":"post_tag","embeddable":true,"href":"https:\/\/portalfloresnoar.com\/floresnoar\/wp-json\/wp\/v2\/tags?post=25840"}],"curies":[{"name":"wp","href":"https:\/\/api.w.org\/{rel}","templated":true}]}}