

{"id":25779,"date":"2016-07-03T12:32:59","date_gmt":"2016-07-03T15:32:59","guid":{"rendered":"http:\/\/portalfloresnoar.com\/floresnoar\/?p=25779"},"modified":"2016-08-06T16:53:08","modified_gmt":"2016-08-06T19:53:08","slug":"agenda-pe-vivencia-com-mandalas-para-familia-dia-68-no-garuda-yoga","status":"publish","type":"post","link":"https:\/\/portalfloresnoar.com\/floresnoar\/agenda-pe-vivencia-com-mandalas-para-familia-dia-68-no-garuda-yoga\/","title":{"rendered":"[AGENDA PE] Viv\u00eancia com Mandalas para Fam\u00edlia dia 6\/8 no Garuda Yoga"},"content":{"rendered":"<p><img decoding=\"async\" loading=\"lazy\" class=\"aligncenter size-full wp-image-25780\" alt=\"VIVENCIA COM MANDALAS\" src=\"http:\/\/portalfloresnoar.com\/floresnoar\/wp-content\/uploads\/2016\/07\/VIVENCIA-COM-MANDALAS.jpg\" width=\"700\" height=\"514\" srcset=\"https:\/\/portalfloresnoar.com\/floresnoar\/wp-content\/uploads\/2016\/07\/VIVENCIA-COM-MANDALAS.jpg 700w, https:\/\/portalfloresnoar.com\/floresnoar\/wp-content\/uploads\/2016\/07\/VIVENCIA-COM-MANDALAS-300x220.jpg 300w\" sizes=\"(max-width: 700px) 100vw, 700px\" \/><\/p>\n<p>O Garuda Yoga promove no dia 6 de agosto, das 15h \u00e0s 17h30, uma \u2018Viv\u00eancia com Mandalas para Fam\u00edlia\u2019.\u00a0Nesta viv\u00eancia a fam\u00edlia e amigos v\u00e3o se reunir e aprender a arte t\u00eaxtil e criativa para a confec\u00e7\u00e3o de mandalas de quatro pontas utilizando fios de l\u00e3.<\/p>\n<p>&#8220;Construir uma mandala junto com a fam\u00edlia envolve um sutil e harmonioso equil\u00edbrio. Essa experi\u00eancia meditativa favorece a reflex\u00e3o, a criatividade, a intui\u00e7\u00e3o e a express\u00e3o art\u00edstica de cada membro da fam\u00edlia, al\u00e9m de ajudar a desenvolver a concentra\u00e7\u00e3o, a percep\u00e7\u00e3o das emo\u00e7\u00f5es e a uni\u00e3o. Neste encontro teceremos amor, alegria, paz, plenitude e amizade entre pais, filhos e amigos&#8221;, declara a facilitadora Ros\u00e1lia Pedrosa.<\/p>\n<p><span style=\"line-height: 1.71429; letter-spacing: 0em;\">Ros\u00e1lia Pedroza \u00e9 instrutora de Yoga Integral, formada pelo Mestre Horivaldo Gomes da Associa\u00e7\u00e3o Nacional de Yoga Integral (ANYI \u2013 RJ\/PE). \u00c9 terapeuta integrativa, atrav\u00e9s das t\u00e9cnicas do Reiki, do Theta Healing, da Constela\u00e7\u00e3o Familiar e da Mandalaterapia. Suas bases e refer\u00eancias para desenvolver seu trabalho de forma integrativa e amorosa v\u00eam da pr\u00e1tica iniciada em Sivananda Yoga, em 2011, e, atualmente, atrav\u00e9s dos Mestres Sri Aurobindo e a M\u00e3e \u2013 Mirra Alfassa, idealizadores do Yoga Integral.<\/span><\/p>\n<p>OLHOS DE DEUS \u2013 As mandalas de linha, tamb\u00e9m conhecidas como Olhos de Deus ou\u00a0<em>Ojos de Dios<\/em>\u00a0t\u00eam origem na arte tradicional dos Huicholes (ind\u00edgenas mexicanos). Esta forma primitiva de tecer o fio \u00e9 uma esp\u00e9cie de<br \/>\nmedita\u00e7\u00e3o coletiva e ritual m\u00edstico. Consideram que os Ojos de Dios t\u00eam \u2018o poder de ver e compreender as coisas desconhecidas, ver as coisas como elas realmente s\u00e3o\u2019.<\/p>\n<p>As quatro varinhas de madeira simbolizam os quatro elementos da natureza: \u00e1gua, terra, fogo e ar. Al\u00e9m do significado m\u00edstico, tamb\u00e9m s\u00e3o representa\u00e7\u00f5es culturais para esse povo. Quando nasce uma crian\u00e7a, o centro do Ojo \u00e9 tecido pelo pai. E a cada ano de vida comemorado pela crian\u00e7a, uma sequ\u00eancia \u00e9 acrescentada. O trabalho termina quando a crian\u00e7a completa cinco anos agradecendo pela preserva\u00e7\u00e3o de sua vida. Os desenhos e cores utilizadas s\u00e3o in\u00fameros e feitos de forma livre e intuitiva.<\/p>\n<p><strong>Viv\u00eancia com Mandalas para Fam\u00edlia<\/strong><br \/>\nDia: 06\/08\/2016<br \/>\nHor\u00e1rio: 15h \u00e0s 17h30<br \/>\nLocal: Garuda Yoga Boa Viagem \u2013 Av. Domingos Ferreira, 2215, sala 406, Boa Viagem, Recife.<br \/>\nP\u00fablico-alvo: Para Pais e crian\u00e7as de 3 a 10 anos<br \/>\nValor: Valor R$ 40,00 (ou o que o cora\u00e7\u00e3o permitir)<br \/>\n<em>Obs: No valor est\u00e1 incluso o material e um lanche com frutas.<\/em><\/p>\n<p><strong>Evento no facebook:\u00a0<\/strong><a href=\"https:\/\/www.facebook.com\/events\/1821712464718264\/\" target=\"_blank\">https:\/\/www.facebook.com\/events\/1821712464718264\/<\/a><\/p>\n<p>MAIS INFORMA\u00c7\u00d5ES<br \/>\n<strong>Telefones:\u00a0<\/strong>(81)99652.0766 (tim whatsapp)\/(81)98705.9407 (oi)<br \/>\n<strong>E-mail:<\/strong>\u00a0garudayogarecife@gmail.com<\/p>\n<p><a href=\"http:\/\/www.garudayoga.com.br\/\" target=\"_blank\">www.garudayoga.com.br<\/a><\/p>\n","protected":false},"excerpt":{"rendered":"<p>O Garuda Yoga promove no dia 6 de agosto, das 15h \u00e0s 17h30, uma \u2018Viv\u00eancia com Mandalas para Fam\u00edlia\u2019.\u00a0Nesta viv\u00eancia a fam\u00edlia e amigos v\u00e3o se reunir e aprender a arte t\u00eaxtil e criativa para a confec\u00e7\u00e3o de mandalas de quatro pontas utilizando fios de l\u00e3. &#8220;Construir uma mandala junto com a fam\u00edlia envolve um [&hellip;]<\/p>\n","protected":false},"author":1,"featured_media":25788,"comment_status":"open","ping_status":"open","sticky":false,"template":"","format":"standard","meta":{"om_disable_all_campaigns":false,"_monsterinsights_skip_tracking":false,"_monsterinsights_sitenote_active":false,"_monsterinsights_sitenote_note":"","_monsterinsights_sitenote_category":0,"footnotes":""},"categories":[8,214],"tags":[67,304],"acf":[],"publishpress_future_action":{"enabled":false,"date":"1969-12-31 21:00:00","action":"","terms":[],"taxonomy":"","browser_timezone_offset":0},"_links":{"self":[{"href":"https:\/\/portalfloresnoar.com\/floresnoar\/wp-json\/wp\/v2\/posts\/25779"}],"collection":[{"href":"https:\/\/portalfloresnoar.com\/floresnoar\/wp-json\/wp\/v2\/posts"}],"about":[{"href":"https:\/\/portalfloresnoar.com\/floresnoar\/wp-json\/wp\/v2\/types\/post"}],"author":[{"embeddable":true,"href":"https:\/\/portalfloresnoar.com\/floresnoar\/wp-json\/wp\/v2\/users\/1"}],"replies":[{"embeddable":true,"href":"https:\/\/portalfloresnoar.com\/floresnoar\/wp-json\/wp\/v2\/comments?post=25779"}],"version-history":[{"count":0,"href":"https:\/\/portalfloresnoar.com\/floresnoar\/wp-json\/wp\/v2\/posts\/25779\/revisions"}],"wp:featuredmedia":[{"embeddable":true,"href":"https:\/\/portalfloresnoar.com\/floresnoar\/wp-json\/wp\/v2\/media\/25788"}],"wp:attachment":[{"href":"https:\/\/portalfloresnoar.com\/floresnoar\/wp-json\/wp\/v2\/media?parent=25779"}],"wp:term":[{"taxonomy":"category","embeddable":true,"href":"https:\/\/portalfloresnoar.com\/floresnoar\/wp-json\/wp\/v2\/categories?post=25779"},{"taxonomy":"post_tag","embeddable":true,"href":"https:\/\/portalfloresnoar.com\/floresnoar\/wp-json\/wp\/v2\/tags?post=25779"}],"curies":[{"name":"wp","href":"https:\/\/api.w.org\/{rel}","templated":true}]}}