

{"id":25722,"date":"2016-06-02T12:23:06","date_gmt":"2016-06-02T15:23:06","guid":{"rendered":"http:\/\/portalfloresnoar.com\/floresnoar\/?p=25722"},"modified":"2016-08-01T13:03:22","modified_gmt":"2016-08-01T16:03:22","slug":"agenda-pe-roda-de-conversa-sobre-o-feng-shui-numa-visao-sistemica-neste-sabado","status":"publish","type":"post","link":"https:\/\/portalfloresnoar.com\/floresnoar\/agenda-pe-roda-de-conversa-sobre-o-feng-shui-numa-visao-sistemica-neste-sabado\/","title":{"rendered":"[AGENDA PE] Roda de Conversa sobre o Feng Shui numa Vis\u00e3o Sist\u00eamica dia 30\/7"},"content":{"rendered":"<p><img decoding=\"async\" loading=\"lazy\" class=\"aligncenter size-full wp-image-25723\" alt=\"feng shui recife\" src=\"http:\/\/portalfloresnoar.com\/floresnoar\/wp-content\/uploads\/2016\/07\/feng-shui-recife.jpg\" width=\"664\" height=\"960\" srcset=\"https:\/\/portalfloresnoar.com\/floresnoar\/wp-content\/uploads\/2016\/07\/feng-shui-recife.jpg 664w, https:\/\/portalfloresnoar.com\/floresnoar\/wp-content\/uploads\/2016\/07\/feng-shui-recife-207x300.jpg 207w\" sizes=\"(max-width: 664px) 100vw, 664px\" \/><\/p>\n<p>O Reflorescer realiza no dia 30 de julho (s\u00e1bado), das 15h \u00e0s 18h, uma Roda de Conversa sobre o Feng Shui numa Vis\u00e3o Sist\u00eamica, voltada para todas e todos que j\u00e1 participaram de alguma atividade sobre o Feng Shui numa Vis\u00e3o Sist\u00eamica (Encontros, Oficinas, Workshops, Cursos). O encontro ser\u00e1 realizado no Centro Cultural Georges Stobbaerts, no bairro da Madalena.<\/p>\n<p>&#8220;A proposta \u00e9 de compartilhar as novidades, trocar id\u00e9ias, reunir as pessoas interessadas em colaborar com a expans\u00e3o do Feng Shui numa Vis\u00e3o Sist\u00eamica&#8221;, declara Karla Zovka, facilitadora do Feng Shui numa Vis\u00e3o Sist\u00eamica.<\/p>\n<p><strong>Local:<\/strong> Centro Cultural Georges Stobbaerts &#8211; Rua Pe. Anchieta 571, Madalena &#8211; Recife\/PE.<\/p>\n<p><strong>Ingresso: <\/strong>contribui\u00e7\u00e3o volunt\u00e1ria<\/p>\n<p><em>Pede-se a confirma\u00e7\u00e3o da presen\u00e7a atrav\u00e9s dos seguintes contatos:<\/em><br \/>\nE-mail: reflorescer7@gmail.com<br \/>\nWhatsapp (81) 98336+3273<br \/>\nFacebook: <a href=\"https:\/\/www.facebook.com\/ProgramaReflorescer\/?fref=ts\" target=\"_blank\">Reflorescer <\/a><\/p>\n<p><strong>Acompanhe as atualiza\u00e7\u00f5es do evento pelo link: <\/strong><br \/>\n<a href=\"https:\/\/www.facebook.com\/events\/329223890799335\/\" target=\"_blank\">Roda de Conversa sobre o Feng Shui numa Vis\u00e3o Sist\u00eamica &#8211; Recife<\/a><\/p>\n","protected":false},"excerpt":{"rendered":"<p>O Reflorescer realiza no dia 30 de julho (s\u00e1bado), das 15h \u00e0s 18h, uma Roda de Conversa sobre o Feng Shui numa Vis\u00e3o Sist\u00eamica, voltada para todas e todos que j\u00e1 participaram de alguma atividade sobre o Feng Shui numa Vis\u00e3o Sist\u00eamica (Encontros, Oficinas, Workshops, Cursos). O encontro ser\u00e1 realizado no Centro Cultural Georges Stobbaerts, [&hellip;]<\/p>\n","protected":false},"author":1,"featured_media":25724,"comment_status":"open","ping_status":"open","sticky":false,"template":"","format":"standard","meta":{"om_disable_all_campaigns":false,"_monsterinsights_skip_tracking":false,"_monsterinsights_sitenote_active":false,"_monsterinsights_sitenote_note":"","_monsterinsights_sitenote_category":0,"footnotes":""},"categories":[8,214],"tags":[295,143],"acf":[],"publishpress_future_action":{"enabled":false,"date":"1969-12-31 21:00:00","action":"","terms":[],"taxonomy":"","browser_timezone_offset":0},"_links":{"self":[{"href":"https:\/\/portalfloresnoar.com\/floresnoar\/wp-json\/wp\/v2\/posts\/25722"}],"collection":[{"href":"https:\/\/portalfloresnoar.com\/floresnoar\/wp-json\/wp\/v2\/posts"}],"about":[{"href":"https:\/\/portalfloresnoar.com\/floresnoar\/wp-json\/wp\/v2\/types\/post"}],"author":[{"embeddable":true,"href":"https:\/\/portalfloresnoar.com\/floresnoar\/wp-json\/wp\/v2\/users\/1"}],"replies":[{"embeddable":true,"href":"https:\/\/portalfloresnoar.com\/floresnoar\/wp-json\/wp\/v2\/comments?post=25722"}],"version-history":[{"count":0,"href":"https:\/\/portalfloresnoar.com\/floresnoar\/wp-json\/wp\/v2\/posts\/25722\/revisions"}],"wp:featuredmedia":[{"embeddable":true,"href":"https:\/\/portalfloresnoar.com\/floresnoar\/wp-json\/wp\/v2\/media\/25724"}],"wp:attachment":[{"href":"https:\/\/portalfloresnoar.com\/floresnoar\/wp-json\/wp\/v2\/media?parent=25722"}],"wp:term":[{"taxonomy":"category","embeddable":true,"href":"https:\/\/portalfloresnoar.com\/floresnoar\/wp-json\/wp\/v2\/categories?post=25722"},{"taxonomy":"post_tag","embeddable":true,"href":"https:\/\/portalfloresnoar.com\/floresnoar\/wp-json\/wp\/v2\/tags?post=25722"}],"curies":[{"name":"wp","href":"https:\/\/api.w.org\/{rel}","templated":true}]}}