

{"id":25649,"date":"2016-07-22T10:41:23","date_gmt":"2016-07-22T13:41:23","guid":{"rendered":"http:\/\/portalfloresnoar.com\/floresnoar\/?p=25649"},"modified":"2016-07-22T10:41:23","modified_gmt":"2016-07-22T13:41:23","slug":"inscricoes-gratuitas-para-o-2o-congresso-online-de-aromaterapia","status":"publish","type":"post","link":"https:\/\/portalfloresnoar.com\/floresnoar\/inscricoes-gratuitas-para-o-2o-congresso-online-de-aromaterapia\/","title":{"rendered":"Inscri\u00e7\u00f5es gratuitas para o 2\u00ba Congresso Online de Aromaterapia"},"content":{"rendered":"<p><img decoding=\"async\" loading=\"lazy\" class=\"aligncenter size-full wp-image-25658\" alt=\"CONARAMA\" src=\"http:\/\/portalfloresnoar.com\/floresnoar\/wp-content\/uploads\/2016\/07\/CONARAMA.jpg\" width=\"578\" height=\"245\" srcset=\"https:\/\/portalfloresnoar.com\/floresnoar\/wp-content\/uploads\/2016\/07\/CONARAMA.jpg 578w, https:\/\/portalfloresnoar.com\/floresnoar\/wp-content\/uploads\/2016\/07\/CONARAMA-300x127.jpg 300w\" sizes=\"(max-width: 578px) 100vw, 578px\" \/>De 6 a 15 de setembro de 2016 ser\u00e1 realizado o 2\u00ba Congresso Online de Aromaterapia (Conarama). O evento &#8211; que contar\u00e1 com mais de 50 palestras &#8211; \u00a0\u00e9 online e gratuito. A\u00a0Aromaterapia \u00e9 a ci\u00eancia que busca trazer sa\u00fade e bem-estar atrav\u00e9s dos \u00d3leos Essenciais, restabelecendo o equil\u00edbrio do corpo e da mente.<\/p>\n<h4>Inscreva-se gratuitamente <span style=\"text-decoration: underline;\"><strong><a href=\"http:\/\/hotmart.net.br\/show.html?a=K4642680T&amp;ap=22e6\" target=\"_blank\">aqui<\/a><\/strong><\/span>!<\/h4>\n<p><strong>Alguns Benef\u00edcios da Aromaterapia:<\/strong><br \/>\n* Alivia o estresse, ansiedade e demais problemas emocionais<br \/>\n* Aumenta o sistema imunol\u00f3gico, prevenindo diversas doen\u00e7as<br \/>\n* Auxilia no crescimento e na renova\u00e7\u00e3o de c\u00e9lulas saud\u00e1veis<br \/>\n* Possu\u00ed a\u00e7\u00e3o diur\u00e9tica, antidepressiva e antiss\u00e9ptica<br \/>\n* Combate a ins\u00f4nia e melhora a qualidade do sono<br \/>\n* Estimula a mem\u00f3ria e reaviva a mente cansada<br \/>\n* Alivia dores, reduz incha\u00e7os e limpa impurezas<br \/>\n* Combate diversas infec\u00e7\u00f5es dermatol\u00f3gicas<\/p>\n<p>Os inscritos podem assistir todas as palestras online de forma gratuita, nos dias e hor\u00e1rios de sua transmiss\u00e3o, de acordo com a programa\u00e7\u00e3o do evento.<\/p>\n<p>Os que n\u00e3o puderem assistir \u00e0s palestras nos hor\u00e1rios marcados, podem adquirir o Acesso VIP, que d\u00e1 direito a rever todas as palestras do congresso quando, onde e quantas vezes quiser, al\u00e9md e receber um certificado digital de participa\u00e7\u00e3o.<\/p>\n<p>CONFIRA ALGUMAS DAS PALESTRAS E PALESTRANTES DO 2\u00ba CONARAMA:<\/p>\n<p><strong>O Uso de \u00d3leos Essenciais no Tratamento de Doen\u00e7as de Pele de Fundo Emocional<\/strong><br \/>\n<em>Daiana Petry<\/em><\/p>\n<p><strong>Cheiros Supressores do Stress<\/strong><br \/>\n<em>Sonia Corazza<\/em><\/p>\n<p><strong>Aromaterapia Aplicada a Massagem &#8211; Benef\u00edcios de \u00d3leos Essenciais para Massagem e Consci\u00eancia Corporal<\/strong><br \/>\n<em>Kennia Leviski<\/em><\/p>\n<p><strong>A Aromaterapia como Recurso Terap\u00eautico Complementar para a &#8220;Falta de Libido&#8221;<\/strong><br \/>\n<em>Antonieta Mazon<\/em><\/p>\n<p><strong>Beleza Verde e Aromaterapia: Como Usar a Aromaterapia na Busca por uma Rotina de Cuidados Pessoais mais Saud\u00e1vel.<\/strong><br \/>\n<em>Karina Viega<\/em><\/p>\n<p><strong>Aromaterapia, Mitos e Verdades<\/strong><br \/>\n<em>Mayra Corr\u00eaa e Castro<\/em><\/p>\n<p><strong>Aromaterapia na Alquimia<\/strong><br \/>\n<em>Paula Franco<\/em><\/p>\n<p><strong>\u00d3leos Essenciais e Cosm\u00e9ticos Naturais: Uma Abordagem para o Dia a Dia<\/strong><br \/>\n<em>Fefa Pimenta<\/em><\/p>\n<p><strong>O Casamento da PNL (Programa\u00e7\u00e3o Neurolingu\u00edstica) com a Aromaterapia<\/strong><br \/>\n<em>Daniela Pedroso<\/em><\/p>\n<p><strong>Os Benef\u00edcios da Massagem Aromaterapeutica no Tratamento das Emo\u00e7\u00f5es<\/strong><br \/>\n<em>Elis Souza<\/em><\/p>\n<p><strong>\u00d3leos Essenciais no P\u00f3s Parto e na Amamenta\u00e7\u00e3o<\/strong><br \/>\n<em>Lorraine Godoi<\/em><\/p>\n<p><strong>Cuidados com a Pele Oleosa Atrav\u00e9s do Uso dos \u00d3leos Essenciais: Considera\u00e7\u00f5es e Protocolos<\/strong><br \/>\n<em>Maria \u00c1bramo<\/em><\/p>\n<p><strong>A Aromaterapia para o Tratamento da Falta de Libido e Outros Dist\u00farbios Sexuais<\/strong><br \/>\n<em>Alexandre Taborda Albrecht<\/em><\/p>\n<p><strong>Psicoaromaterapia e Eneagrama<\/strong><br \/>\n<em>Telma Insuela<\/em><\/p>\n<p><strong>Destila\u00e7\u00e3o Sustent\u00e1vel: Como Obter \u00d3leos Essenciais Respeitando o Meio Ambiente<\/strong><br \/>\n<em>Romulo Mello<\/em><\/p>\n<p><strong>Os \u00d3leos Essenciais Garantem Benef\u00edcios a Sa\u00fade F\u00edsica, Mental e Espiritual<\/strong><br \/>\n<em>Lira Guglieri<\/em><\/p>\n<p><strong>\u00d3leos S\u00e3o Essenciais: Incorporando a Aromaterapia no Dia a Dia<\/strong><br \/>\n<em>Patr\u00edcia De Michelis<\/em><\/p>\n<p><strong>Aromaterapia e Medicina Tradicional Chinesa<\/strong><br \/>\n<em>Emilia Kiyohara<\/em><\/p>\n<p><strong>A Numerologia como Ferramenta de Autoconhecimento Atuando nas Frequ\u00eancias Arom\u00e1ticas e Crom\u00e1ticas<\/strong><br \/>\n<em>Solange Lima<\/em><\/p>\n<p><strong>Silexan: o Medicamento de \u00d3leo Essencial de Lavandula angustifolia. Indica\u00e7\u00e3o e Mecanismo de A\u00e7\u00e3o.<\/strong><br \/>\n<em>Dra. Adriana Nunes Wolffenb\u00fcttel<\/em><\/p>\n<p><strong>Aromaterapia \u00e9 Uma S\u00f3: Tradicional e Vibracional. Seus Usos e Benef\u00edcios<\/strong><br \/>\n<em>Sandra Spiri<\/em><\/p>\n<p><strong>Produtos de Limpeza e Cosm\u00e9ticos Terap\u00eauticos Caseiros<\/strong><br \/>\n<em>Isabel Kirsten<\/em><\/p>\n<p><strong>De GOTA em GOTA, Como me Tornei Aromaterapeuta: Vem Comigo que Eu te Explico!<\/strong><br \/>\n<em>Vilma Santos<\/em><\/p>\n<p><strong>Aromaterapia e Yoga: Reconex\u00e3o com a Ess\u00eancia<\/strong><br \/>\n<em>Fernanda Franco Abrah\u00e3o<\/em><\/p>\n<p><strong>Primeiros Socorros com Aromaterapia<\/strong><br \/>\n<em>Andrea Comin Klin<\/em><\/p>\n<p><strong>O Uso dos \u00d3leos Essenciais para a Beleza e a Sa\u00fade do Cabelo e do Couro Cabeludo<\/strong><br \/>\n<em>Mona Soares<\/em><\/p>\n<p><strong>Presentes Personalizados com Aromaterapia<\/strong><br \/>\n<em>Ros\u00e2ngela Mendes<\/em><\/p>\n<p><strong>Aromaterapia para um Mundo Melhor<\/strong><br \/>\n<em>Beatriz Yoshimura<\/em><\/p>\n<p><strong>Aromaterapia Est\u00e9tica e o Sagrado Masculino<\/strong><br \/>\n<em>Andr\u00e9 Ferraz<\/em><\/p>\n<p><strong>A Teatralidade dos Aromas: Um Processo Criativo<\/strong><br \/>\n<em>T\u00e2nia Villarroel<\/em><\/p>\n<p><strong>\u00d3leo Essencial: Uma Luz para o Estudante<\/strong><br \/>\n<em>Clareana Soares Saragiotto<\/em><\/p>\n<p><strong>Amadurecer com Qualidade de Vida, Tendo os \u00d3leos Essenciais e Vegetais como Aliados<\/strong><br \/>\n<em>Renata Badin<\/em><\/p>\n<p><strong>O Uso da Aromaterapia Capilar: Do Problema \u00e0 Beleza<\/strong><br \/>\n<em>Tyana Pires<\/em><\/p>\n<p><strong>Praticando Aromaterapia: O Uso de \u00d3leos essenciais para Sa\u00fade e Bem-estar no Dia a Dia<\/strong><br \/>\n<em>Monise Santos<\/em><\/p>\n<p><strong>Jornada dos Sentidos Atrav\u00e9s dos \u00d3leos Essenciais<\/strong><br \/>\n<em>Andrea Darco<\/em><\/p>\n<p><strong>Um Caminho para Acessar a Prosperidade<\/strong><br \/>\n<strong>Gorethi Moura<\/strong><\/p>\n<p><strong>Psicoaromaterapia: Sistema Dos Treze Aromas<\/strong><br \/>\n<em>Lenira Ribeiro<\/em><\/p>\n<p><strong>A Dan\u00e7a dos Aromas das Especiarias: Sprays Corporais e Pontos Energ\u00e9ticos<\/strong><br \/>\n<em>Rita De Seta<\/em><\/p>\n<p><strong>Aromaterapia Aplicada \u00e0 Massoterapia<\/strong><br \/>\n<em>Marina Malvar<\/em><\/p>\n<p><strong>Beleza Natural e Consumo Consciente<\/strong><br \/>\n<em>Mara Maria<\/em><\/p>\n<p><strong>Aromaterapia Aliada a Terapias Integrativas<\/strong><br \/>\n<em>Audrey Farah<\/em><\/p>\n<p><strong>Aromaterapia: Plantas Medicinais e a Espiritualidade<\/strong><br \/>\n<em>Dr. Guilherme Oberlaender<\/em><\/p>\n<p><strong>Os 6 C&#8217;s da Pr\u00e1tica da Aromaterapia Cl\u00ednica<\/strong><br \/>\n<em>Maria Aparecida das Neves<\/em><\/p>\n<p><strong>Aromaterapia Ayurv\u00e9dica<\/strong><br \/>\n<em>Malu Haddock Lobo<br \/>\n<\/em><br \/>\n<strong>Aromaterapia e Ancestralidade<\/strong><br \/>\n<em>Yan Oberlaender<\/em><\/p>\n<p><strong>Desmedicaliza\u00e7\u00e3o da Sociedade com o Uso de \u00d3leos Essenciais<\/strong><br \/>\n<em>Fernando Amaral<\/em><\/p>\n<p><strong>\u00d3leos Essenciais e Constela\u00e7\u00f5es Familiares<\/strong><br \/>\n<em>Rosangela Gasparotto<\/em><\/p>\n<p><strong>Aromas e a Medicina Veterin\u00e1ria: Uni\u00e3o de Cura e Compaix\u00e3o<\/strong><br \/>\n<em>Dra. Camila Cury<\/em><\/p>\n<p><strong>A Aromaterapia na Pediatria<\/strong><br \/>\n<em>Dra. Aline Ribeiro<\/em><\/p>\n<p><strong>Aromaterapia para a Terceira Idade<\/strong><br \/>\n<em>V\u00edvian Malva<\/em><\/p>\n<p><strong>Os Benef\u00edcios da Aromaterapia na Est\u00e9tica Corporal e Facial<\/strong><br \/>\n<em>Luciana Marques<\/em><\/p>\n<h4>INSCREVA-SE GRATUITAMENTE <a href=\"http:\/\/hotmart.net.br\/show.html?a=K4642680T&amp;ap=22e6\" target=\"_blank\">AQUI<\/a>!<\/h4>\n","protected":false},"excerpt":{"rendered":"<p>De 6 a 15 de setembro de 2016 ser\u00e1 realizado o 2\u00ba Congresso Online de Aromaterapia (Conarama). O evento &#8211; que contar\u00e1 com mais de 50 palestras &#8211; \u00a0\u00e9 online e gratuito. A\u00a0Aromaterapia \u00e9 a ci\u00eancia que busca trazer sa\u00fade e bem-estar atrav\u00e9s dos \u00d3leos Essenciais, restabelecendo o equil\u00edbrio do corpo e da mente. Inscreva-se [&hellip;]<\/p>\n","protected":false},"author":1,"featured_media":25659,"comment_status":"open","ping_status":"open","sticky":false,"template":"","format":"standard","meta":{"om_disable_all_campaigns":false,"_monsterinsights_skip_tracking":false,"_monsterinsights_sitenote_active":false,"_monsterinsights_sitenote_note":"","_monsterinsights_sitenote_category":0,"footnotes":""},"categories":[9],"tags":[73,321],"acf":[],"publishpress_future_action":{"enabled":false,"date":"1969-12-31 21:00:00","action":"","terms":[],"taxonomy":"","browser_timezone_offset":0},"_links":{"self":[{"href":"https:\/\/portalfloresnoar.com\/floresnoar\/wp-json\/wp\/v2\/posts\/25649"}],"collection":[{"href":"https:\/\/portalfloresnoar.com\/floresnoar\/wp-json\/wp\/v2\/posts"}],"about":[{"href":"https:\/\/portalfloresnoar.com\/floresnoar\/wp-json\/wp\/v2\/types\/post"}],"author":[{"embeddable":true,"href":"https:\/\/portalfloresnoar.com\/floresnoar\/wp-json\/wp\/v2\/users\/1"}],"replies":[{"embeddable":true,"href":"https:\/\/portalfloresnoar.com\/floresnoar\/wp-json\/wp\/v2\/comments?post=25649"}],"version-history":[{"count":0,"href":"https:\/\/portalfloresnoar.com\/floresnoar\/wp-json\/wp\/v2\/posts\/25649\/revisions"}],"wp:featuredmedia":[{"embeddable":true,"href":"https:\/\/portalfloresnoar.com\/floresnoar\/wp-json\/wp\/v2\/media\/25659"}],"wp:attachment":[{"href":"https:\/\/portalfloresnoar.com\/floresnoar\/wp-json\/wp\/v2\/media?parent=25649"}],"wp:term":[{"taxonomy":"category","embeddable":true,"href":"https:\/\/portalfloresnoar.com\/floresnoar\/wp-json\/wp\/v2\/categories?post=25649"},{"taxonomy":"post_tag","embeddable":true,"href":"https:\/\/portalfloresnoar.com\/floresnoar\/wp-json\/wp\/v2\/tags?post=25649"}],"curies":[{"name":"wp","href":"https:\/\/api.w.org\/{rel}","templated":true}]}}