

{"id":25636,"date":"2016-06-09T12:49:32","date_gmt":"2016-06-09T15:49:32","guid":{"rendered":"http:\/\/portalfloresnoar.com\/floresnoar\/?p=25636"},"modified":"2016-07-22T09:37:14","modified_gmt":"2016-07-22T12:37:14","slug":"agenda-pe-peleja-com-anaira-mahin-e-lu-rabelo-nesta-quinta-no-terra-cafe-bar","status":"publish","type":"post","link":"https:\/\/portalfloresnoar.com\/floresnoar\/agenda-pe-peleja-com-anaira-mahin-e-lu-rabelo-nesta-quinta-no-terra-cafe-bar\/","title":{"rendered":"[AGENDA PE] &#8216;Peleja&#8217; com Ana\u00edra Mahin e Lu Rabelo dia 21\/7 no Terra Caf\u00e9 Bar"},"content":{"rendered":"<p style=\"text-align: center;\"><img decoding=\"async\" loading=\"lazy\" class=\"aligncenter  wp-image-25637\" alt=\"Peleja_Lu e Ana\u00edra\" src=\"http:\/\/portalfloresnoar.com\/floresnoar\/wp-content\/uploads\/2016\/07\/Peleja_Lu-e-Ana\u00edra.jpg\" width=\"681\" height=\"681\" srcset=\"https:\/\/portalfloresnoar.com\/floresnoar\/wp-content\/uploads\/2016\/07\/Peleja_Lu-e-Ana\u00edra.jpg 945w, https:\/\/portalfloresnoar.com\/floresnoar\/wp-content\/uploads\/2016\/07\/Peleja_Lu-e-Ana\u00edra-150x150.jpg 150w, https:\/\/portalfloresnoar.com\/floresnoar\/wp-content\/uploads\/2016\/07\/Peleja_Lu-e-Ana\u00edra-300x300.jpg 300w, https:\/\/portalfloresnoar.com\/floresnoar\/wp-content\/uploads\/2016\/07\/Peleja_Lu-e-Ana\u00edra-100x100.jpg 100w\" sizes=\"(max-width: 681px) 100vw, 681px\" \/><\/p>\n<p>As poetas, cantoras e compositoras Ana\u00edra Mahin e Lu Rabelo se apresentam nesta quinta (21\/7), \u00e0s 20h, no projeto Peleja, no Terra Caf\u00e9 Bar, na Boa Vista. Os m\u00fasicos Ant\u00f4nio de Hollanda e Rildo de Deus acompanhar\u00e3o as artistas no show.<\/p>\n<p>Com curadoria do m\u00fasico Juvenil Silva, o projeto Peleja tem como proposta apresentar pocket shows autorais, sempre com dois m\u00fasicos juntos em uma \u00fanica apresenta\u00e7\u00e3o.<\/p>\n<p>Poetisas reconhecidas na cena pernambucana, as artistas aproveitar\u00e3o a apresenta\u00e7\u00e3o no Peleja para mostrar as composi\u00e7\u00f5es musicais de cada uma, al\u00e9m das parcerias em algumas can\u00e7\u00f5es. &#8220;Nesta Peleja daremos mais \u00eanfase ao nosso trabalho como cantoras e compositoras&#8221;, declaram Lu e Ana\u00edra.<\/p>\n<p>Ana\u00edra Mahin e Lu Rabelo se encontraram em 2003, quando come\u00e7aram a escrever poesia popular. A partir da\u00ed surgiram muitas parcerias na vida e na arte. Criaram em 2006 a dupla As Cumade, premiada em tr\u00eas Recitatas. No final do ano passado lan\u00e7aram o Box de Cord\u00e9is d&#8217;As Cumade, com quatro folhetos de autoria da dupla.<\/p>\n<p><strong>Ana\u00edra Mahin:<\/strong> <a href=\"https:\/\/www.facebook.com\/Ana%C3%ADra-Mahin-1550817275158482\" target=\"_blank\">https:\/\/www.facebook.com\/Ana%C3%ADra-Mahin-1550817275158482<\/a><br \/>\n<strong>Lu Rabelo:<\/strong> <a href=\"https:\/\/www.facebook.com\/cantodelu7\" target=\"_blank\">https:\/\/www.facebook.com\/cantodelu7<\/a><\/p>\n<p>SERVI\u00c7O<br \/>\n<strong>Peleja, com Ana\u00edra Mahine Lu Rabelo<\/strong><br \/>\n<strong>Dia:<\/strong> 21\/7 (quinta-feira)<br \/>\n<strong>Hora:<\/strong> 20h<br \/>\n<strong>Local:<\/strong> Terra Caf\u00e9 Bar- Rua Artur Orlando, 113, Boa Vista, Recife\/PE<br \/>\n<strong>Contribui\u00e7\u00e3o:<\/strong> R$ 5<\/p>\n","protected":false},"excerpt":{"rendered":"<p>As poetas, cantoras e compositoras Ana\u00edra Mahin e Lu Rabelo se apresentam nesta quinta (21\/7), \u00e0s 20h, no projeto Peleja, no Terra Caf\u00e9 Bar, na Boa Vista. Os m\u00fasicos Ant\u00f4nio de Hollanda e Rildo de Deus acompanhar\u00e3o as artistas no show. Com curadoria do m\u00fasico Juvenil Silva, o projeto Peleja tem como proposta apresentar pocket [&hellip;]<\/p>\n","protected":false},"author":1,"featured_media":25638,"comment_status":"open","ping_status":"open","sticky":false,"template":"","format":"standard","meta":{"om_disable_all_campaigns":false,"_monsterinsights_skip_tracking":false,"_monsterinsights_sitenote_active":false,"_monsterinsights_sitenote_note":"","_monsterinsights_sitenote_category":0,"footnotes":""},"categories":[8,214],"tags":[125],"acf":[],"publishpress_future_action":{"enabled":false,"date":"1969-12-31 21:00:00","action":"","terms":[],"taxonomy":"","browser_timezone_offset":0},"_links":{"self":[{"href":"https:\/\/portalfloresnoar.com\/floresnoar\/wp-json\/wp\/v2\/posts\/25636"}],"collection":[{"href":"https:\/\/portalfloresnoar.com\/floresnoar\/wp-json\/wp\/v2\/posts"}],"about":[{"href":"https:\/\/portalfloresnoar.com\/floresnoar\/wp-json\/wp\/v2\/types\/post"}],"author":[{"embeddable":true,"href":"https:\/\/portalfloresnoar.com\/floresnoar\/wp-json\/wp\/v2\/users\/1"}],"replies":[{"embeddable":true,"href":"https:\/\/portalfloresnoar.com\/floresnoar\/wp-json\/wp\/v2\/comments?post=25636"}],"version-history":[{"count":0,"href":"https:\/\/portalfloresnoar.com\/floresnoar\/wp-json\/wp\/v2\/posts\/25636\/revisions"}],"wp:featuredmedia":[{"embeddable":true,"href":"https:\/\/portalfloresnoar.com\/floresnoar\/wp-json\/wp\/v2\/media\/25638"}],"wp:attachment":[{"href":"https:\/\/portalfloresnoar.com\/floresnoar\/wp-json\/wp\/v2\/media?parent=25636"}],"wp:term":[{"taxonomy":"category","embeddable":true,"href":"https:\/\/portalfloresnoar.com\/floresnoar\/wp-json\/wp\/v2\/categories?post=25636"},{"taxonomy":"post_tag","embeddable":true,"href":"https:\/\/portalfloresnoar.com\/floresnoar\/wp-json\/wp\/v2\/tags?post=25636"}],"curies":[{"name":"wp","href":"https:\/\/api.w.org\/{rel}","templated":true}]}}