

{"id":25628,"date":"2016-07-19T11:05:48","date_gmt":"2016-07-19T14:05:48","guid":{"rendered":"http:\/\/portalfloresnoar.com\/floresnoar\/?p=25628"},"modified":"2016-07-19T11:35:27","modified_gmt":"2016-07-19T14:35:27","slug":"agenda-df-nova-turma-do-programa-internacional-de-educacao-dos-florais-de-bach-no-brasil-em-brasilia","status":"publish","type":"post","link":"https:\/\/portalfloresnoar.com\/floresnoar\/agenda-df-nova-turma-do-programa-internacional-de-educacao-dos-florais-de-bach-no-brasil-em-brasilia\/","title":{"rendered":"[AGENDA DF] Nova turma do Programa Internacional de Educa\u00e7\u00e3o dos Florais de Bach no Brasil, em  Brasilia"},"content":{"rendered":"<p><img decoding=\"async\" loading=\"lazy\" class=\"aligncenter size-full wp-image-25630\" alt=\"florais de bach katia abreu\" src=\"http:\/\/portalfloresnoar.com\/floresnoar\/wp-content\/uploads\/2016\/07\/florais-de-bach-katia-abreu.jpg\" width=\"700\" height=\"258\" srcset=\"https:\/\/portalfloresnoar.com\/floresnoar\/wp-content\/uploads\/2016\/07\/florais-de-bach-katia-abreu.jpg 700w, https:\/\/portalfloresnoar.com\/floresnoar\/wp-content\/uploads\/2016\/07\/florais-de-bach-katia-abreu-300x110.jpg 300w\" sizes=\"(max-width: 700px) 100vw, 700px\" \/><\/p>\n<p>Est\u00e3o abertas as inscri\u00e7\u00f5es da nova turma, em Bras\u00edlia, do Programa Internacional de Educa\u00e7\u00e3o dos Florais de Bach no Brasil. O N\u00edvel 1 acontece de 27 e 28 de Agosto de 2016 e o N\u00edvel 2 de 1 e 2 de Outubro de 2016.<\/p>\n<p>O curso ser\u00e1 ministrado pela terapeuta K\u00e1tia Carvalho Abreu, instrutora do Programa Internacional de Educa\u00e7\u00e3o dos Florais de Bach (BIEP, sigla em ingl\u00eas) desde 1998 para N1 e N2, e practitioner Registrada na Funda\u00e7\u00e3o Bach n\u00ba BZP 1997 &#8211; 1117D.<\/p>\n<p>O Programa come\u00e7ou em 1993 e hoje est\u00e1 em mais de 70 pa\u00edses. \u00c9 o curso oficial da Funda\u00e7\u00e3o Edward Bach da Inglaterra, coordenado mundialmente pela empresa homeop\u00e1tica Nelsons e aqui, em parceria com o Instituto Bach do Brasil, desde 1996.<\/p>\n<p>O BIEP \u00e9 composto de tr\u00eas N\u00edveis: N1 e o N2 s\u00e3o em fins de semana e 16 horas cada. O N3 tem uma parte presencial de 3 dias e meio, que termina com uma prova e uma parte \u00e0 dist\u00e2ncia, em 3 etapas: consultas, casos cl\u00ednicos por carta e experi\u00eancia pessoal.<\/p>\n<p>O N1 apresenta a filosofia de autocura e simplicidade da obra de Edward Bach, base de entendimento do Sistema Floral elaborado por este m\u00e9dico ingl\u00eas nos anos 1930. Neste N\u00edvel se estuda as indica\u00e7\u00f5es dos 38 Florais de Bach, do Rescue Remedy, bem como selecionar, preparar e tomar as ess\u00eancias. M\u00f3dulo mais expositivo, com exerc\u00edcios pr\u00e1ticos, onde ter\u00e1 a oportunidade de observar a utiliza\u00e7\u00e3o dos Florais na sua vida di\u00e1ria, de sua fam\u00edlia e amigos. N\u00e3o h\u00e1 pr\u00e9-requisitos!<\/p>\n<p>O N2 \u00e9 mais pr\u00e1tico, interativo, aprofunda no conhecimento das ess\u00eancias atrav\u00e9s das diferen\u00e7as sutis e compara\u00e7\u00f5es entre elas. Ter\u00e1 a oportunidade de trocar experi\u00eancias, realizar exerc\u00edcios pr\u00e1ticos com casos cl\u00ednicos e aprender como os Florais s\u00e3o utilizados, considerando as caracter\u00edsticas de tipos de personalidade e situa\u00e7\u00f5es cotidianas.<\/p>\n<p>Cada N\u00edvel \u00e9 certificado separadamente pelo Bach Centre. Depois de conclu\u00eddas as tr\u00eas etapas, voc\u00ea recebe o certificado de Practitioner e pode ingressar no Registro Internacional do Bach Centre! Hoje s\u00e3o 2.900 pessoas registradas de todo o mundo.<\/p>\n<p><strong>Datas:<\/strong><br \/>\nN\u00edvel 1 &#8211; dias 27 e 28 de Agosto, das 9h \u00e0s 18h<br \/>\nN\u00edvel 2 &#8211; dias 01 e 02 de Outubro<\/p>\n<p><strong>Local:<\/strong> Espa\u00e7o Lyrian Luz, Lago Norte.<\/p>\n<p><strong>Condi\u00e7\u00f5es de pagamento:<\/strong><br \/>\n\u00c0 vista &#8211; at\u00e9 01\/08: R$ 780,00<br \/>\n2 X de R$ 400,00 &#8211; em 10\/08 e 10\/09<br \/>\n3 X de R$ 300,00 (valor integral) &#8211; em 10\/08, 10\/09 e 10\/10<\/p>\n<p>Em Bras\u00edlia s\u00e3o realizadas turmas conjuntas, onde a pessoa se inscreve para os dois n\u00edveis e recebe desconto. Cada N\u00edvel custa R$ 450,00; na turma conjunta ficam em R$ 400,00 cada.<\/p>\n<p><em>Vagas limitadas!<\/em><\/p>\n<p><strong>Informa\u00e7\u00f5es\/ Inscri\u00e7\u00f5es <\/strong><br \/>\nfloral.acupuntura@gmail.com<br \/>\n(61) 9 9556.8543<\/p>\n<p>Confira no site do Bach Centre, na Inglaterra, todas as informa\u00e7\u00f5es sobre o BIEP em todo o mundo e muitas informa\u00e7\u00f5es sobre o Sistema Floral de Bach: www.institutobach.com.br \/ www.bachcentre.com<\/p>\n<p>Abaixo, dois v\u00eddeos feitos em 2014, sobre o Programa e os m\u00f3dulos.<br \/>\n<em>Obs: as datas nos v\u00eddeos n\u00e3o valem, s\u00e3o antigas.<\/em><\/p>\n<p><iframe loading=\"lazy\" src=\"https:\/\/www.youtube.com\/embed\/rXc0m9nIoN4\" height=\"315\" width=\"560\" allowfullscreen=\"\" frameborder=\"0\"><\/iframe><\/p>\n<p><iframe loading=\"lazy\" src=\"https:\/\/www.youtube.com\/embed\/LcmUcwfbcbk\" height=\"315\" width=\"560\" allowfullscreen=\"\" frameborder=\"0\"><\/iframe><\/p>\n","protected":false},"excerpt":{"rendered":"<p>Est\u00e3o abertas as inscri\u00e7\u00f5es da nova turma, em Bras\u00edlia, do Programa Internacional de Educa\u00e7\u00e3o dos Florais de Bach no Brasil. O N\u00edvel 1 acontece de 27 e 28 de Agosto de 2016 e o N\u00edvel 2 de 1 e 2 de Outubro de 2016. O curso ser\u00e1 ministrado pela terapeuta K\u00e1tia Carvalho Abreu, instrutora do [&hellip;]<\/p>\n","protected":false},"author":1,"featured_media":25629,"comment_status":"open","ping_status":"open","sticky":false,"template":"","format":"standard","meta":{"om_disable_all_campaigns":false,"_monsterinsights_skip_tracking":false,"_monsterinsights_sitenote_active":false,"_monsterinsights_sitenote_note":"","_monsterinsights_sitenote_category":0,"footnotes":""},"categories":[8,337],"tags":[167,70],"acf":[],"publishpress_future_action":{"enabled":false,"date":"1969-12-31 21:00:00","action":"","terms":[],"taxonomy":"","browser_timezone_offset":0},"_links":{"self":[{"href":"https:\/\/portalfloresnoar.com\/floresnoar\/wp-json\/wp\/v2\/posts\/25628"}],"collection":[{"href":"https:\/\/portalfloresnoar.com\/floresnoar\/wp-json\/wp\/v2\/posts"}],"about":[{"href":"https:\/\/portalfloresnoar.com\/floresnoar\/wp-json\/wp\/v2\/types\/post"}],"author":[{"embeddable":true,"href":"https:\/\/portalfloresnoar.com\/floresnoar\/wp-json\/wp\/v2\/users\/1"}],"replies":[{"embeddable":true,"href":"https:\/\/portalfloresnoar.com\/floresnoar\/wp-json\/wp\/v2\/comments?post=25628"}],"version-history":[{"count":0,"href":"https:\/\/portalfloresnoar.com\/floresnoar\/wp-json\/wp\/v2\/posts\/25628\/revisions"}],"wp:featuredmedia":[{"embeddable":true,"href":"https:\/\/portalfloresnoar.com\/floresnoar\/wp-json\/wp\/v2\/media\/25629"}],"wp:attachment":[{"href":"https:\/\/portalfloresnoar.com\/floresnoar\/wp-json\/wp\/v2\/media?parent=25628"}],"wp:term":[{"taxonomy":"category","embeddable":true,"href":"https:\/\/portalfloresnoar.com\/floresnoar\/wp-json\/wp\/v2\/categories?post=25628"},{"taxonomy":"post_tag","embeddable":true,"href":"https:\/\/portalfloresnoar.com\/floresnoar\/wp-json\/wp\/v2\/tags?post=25628"}],"curies":[{"name":"wp","href":"https:\/\/api.w.org\/{rel}","templated":true}]}}