

{"id":25620,"date":"2016-07-14T07:30:54","date_gmt":"2016-07-14T10:30:54","guid":{"rendered":"http:\/\/portalfloresnoar.com\/floresnoar\/?p=25620"},"modified":"2016-09-08T19:41:01","modified_gmt":"2016-09-08T22:41:01","slug":"grupo-de-crescimento-e-desenvolvimento-sistemico-expande-tem-inicio-dia-68-no-atelie-da-luz","status":"publish","type":"post","link":"https:\/\/portalfloresnoar.com\/floresnoar\/grupo-de-crescimento-e-desenvolvimento-sistemico-expande-tem-inicio-dia-68-no-atelie-da-luz\/","title":{"rendered":"[AGENDA PE] &#8216;Grupo de Crescimento e Desenvolvimento Sist\u00eamico \u2013 EXPANDE&#8217; no Ateli\u00ea da Luz. Vagas abertas!"},"content":{"rendered":"<p><img decoding=\"async\" loading=\"lazy\" class=\"aligncenter size-full wp-image-25929\" alt=\"grupo-Expande\" src=\"http:\/\/portalfloresnoar.com\/floresnoar\/wp-content\/uploads\/2016\/07\/grupo-Expande1.jpg\" width=\"700\" height=\"588\" srcset=\"https:\/\/portalfloresnoar.com\/floresnoar\/wp-content\/uploads\/2016\/07\/grupo-Expande1.jpg 700w, https:\/\/portalfloresnoar.com\/floresnoar\/wp-content\/uploads\/2016\/07\/grupo-Expande1-300x252.jpg 300w\" sizes=\"(max-width: 700px) 100vw, 700px\" \/><\/p>\n<p>Os psic\u00f3logos Tiago Ribeiro e Carolina Seabra est\u00e3o facilitando o Grupo de Crescimento e Desenvolvimento Sist\u00eamico \u2013 EXPANDE. Os encontros come\u00e7aram no dia 6 de agosto, mas \u00e9 poss\u00edvel o ingresso de novos participantes at\u00e9 o pr\u00f3ximo encontro, que acontece no dia <strong>3 de setembro<\/strong>, no Ateli\u00ea da Luz. Os encontros acontecem sempre no primeiro s\u00e1bado de cada m\u00eas, \u00a0das 9h \u00e0s 14h.<\/p>\n<p>\u201cNosso objetivo \u00e9 oferecer para os participantes a possibilidade de um trabalho intensivo e profundo atrav\u00e9s da abordagem sist\u00eamica, onde vemos como tudo est\u00e1 interligado, mobilizando assim aspectos centrais da vida tais como: desenvolvimento ps\u00edquico, sistema familiar, relacionamentos, carreira, voca\u00e7\u00e3o, prosperidade e espiritualidade\u201d, contam os facilitadores.<\/p>\n<p>Atrav\u00e9s de uma metodologia diretiva semi-estruturada, s\u00e3o utilizados recursos como: Constela\u00e7\u00f5es Sist\u00eamicas, Hist\u00f3rias de Ensinamento, Trabalho Corporal, Arteterapia, T\u00e9cnicas Meditativas e Psicologia de Grupo, visando auxiliar os participantes a superarem obst\u00e1culos na dire\u00e7\u00e3o de uma vida com mais expans\u00e3o amorosa, financeira e criativa.<\/p>\n<p>Este trabalho \u00e9 voltado para um p\u00fablico adulto. Pode ser complementar para os que j\u00e1 fazem ou fizeram psicoterapia, assim como pode ser a abertura de um novo caminho em autoconhecimento para quem nunca fez nenhum tipo de psicoterapia.<\/p>\n<p><strong>Pr\u00f3ximo encontro:<\/strong> 03\/09\/2016 (S\u00e1bado), das 9 \u00e0s 14h<\/p>\n<p><strong>Dura\u00e7\u00e3o:<\/strong> 9 meses, com encontros sempre no primeiro s\u00e1bado de cada m\u00eas.<\/p>\n<p><strong>M\u00f3dulos:<\/strong><br \/>\n1- Fam\u00edlia I \u2013 A Crian\u00e7a Interna<\/p>\n<p>2- Fam\u00edlia II \u2013 Os Pais e Ancestralidade<\/p>\n<p>3- Fam\u00edlia III \u2013 A Juventude e os nossos Sonhos<\/p>\n<p>4- Fam\u00edlia IV \u2013 Relacionamentos amorosos e filhos<\/p>\n<p>5- Comunidade \u2013 Os amigos, relacionamentos sociais<\/p>\n<p>6- Trabalho I \u2013 A Atividade Profissional e a Organiza\u00e7\u00e3o<\/p>\n<p>7- Trabalho II \u2013 A Voca\u00e7\u00e3o, o Projeto de Vida e a Realiza\u00e7\u00e3o no Mundo<\/p>\n<p>8- Trabalho III \u2013 Prover e Prosperar<\/p>\n<p>9- Espiritualidade \u2013 Deus, nosso ser interior e destino.<\/p>\n<p><strong>Carolina Seabra <\/strong>\u00e9 Psic\u00f3loga Cl\u00ednica (CRP: 02\/14446), Fundadora do Espa\u00e7o Terap\u00eautico Ateli\u00ea da Luz, Arteterapeuta, Consteladora Familiar Sist\u00eamica pelo Hellinger Institut Landshut, Terapeuta de Fam\u00edlia e Casal (em forma\u00e7\u00e3o), Educadora Social, Artista Visual, realiza atendimentos individuais e facilita grupos terap\u00eauticos.<\/p>\n<p><strong>Tiago Ribeiro<\/strong> \u00e9 Psic\u00f3logo Cl\u00ednico e Organizacional (CRP: 02\/15732), Especialista em Terapia Cognitivo Comportamental, Constelador Familiar Sist\u00eamico pelo Hellinger Institut Landshut, realiza atendimentos individuais e facilita grupos em organiza\u00e7\u00f5es p\u00fablicas e privadas.<\/p>\n<p><strong>Local:<\/strong> Ateli\u00ea da Luz \u2013 Rua Rio Formoso, 130, Iputinga, Recife (mapa: <a href=\"https:\/\/goo.gl\/maps\/YxRRCHUCqgy\" target=\"_blank\">https:\/\/goo.gl\/maps\/YxRRCHUCqgy<\/a>)<\/p>\n<p><strong>Maiores informa\u00e7\u00f5es: <\/strong>(81) 3272-3043 \/ 9.9992-9602 \/ 9.9125-4001 (whatsapp) \u2013 ateliedaluz@gmail.com<\/p>\n<p><a href=\"https:\/\/www.facebook.com\/PsicologiaeArteterpia\/\" target=\"_blank\">https:\/\/www.facebook.com\/PsicologiaeArteterpia\/<\/a><\/p>\n","protected":false},"excerpt":{"rendered":"<p>Os psic\u00f3logos Tiago Ribeiro e Carolina Seabra est\u00e3o facilitando o Grupo de Crescimento e Desenvolvimento Sist\u00eamico \u2013 EXPANDE. Os encontros come\u00e7aram no dia 6 de agosto, mas \u00e9 poss\u00edvel o ingresso de novos participantes at\u00e9 o pr\u00f3ximo encontro, que acontece no dia 3 de setembro, no Ateli\u00ea da Luz. Os encontros acontecem sempre no primeiro [&hellip;]<\/p>\n","protected":false},"author":1,"featured_media":25931,"comment_status":"open","ping_status":"open","sticky":false,"template":"","format":"standard","meta":{"om_disable_all_campaigns":false,"_monsterinsights_skip_tracking":false,"_monsterinsights_sitenote_active":false,"_monsterinsights_sitenote_note":"","_monsterinsights_sitenote_category":0,"footnotes":""},"categories":[8,214],"tags":[137,148],"acf":[],"publishpress_future_action":{"enabled":false,"date":"1969-12-31 21:00:00","action":"","terms":[],"taxonomy":"","browser_timezone_offset":0},"_links":{"self":[{"href":"https:\/\/portalfloresnoar.com\/floresnoar\/wp-json\/wp\/v2\/posts\/25620"}],"collection":[{"href":"https:\/\/portalfloresnoar.com\/floresnoar\/wp-json\/wp\/v2\/posts"}],"about":[{"href":"https:\/\/portalfloresnoar.com\/floresnoar\/wp-json\/wp\/v2\/types\/post"}],"author":[{"embeddable":true,"href":"https:\/\/portalfloresnoar.com\/floresnoar\/wp-json\/wp\/v2\/users\/1"}],"replies":[{"embeddable":true,"href":"https:\/\/portalfloresnoar.com\/floresnoar\/wp-json\/wp\/v2\/comments?post=25620"}],"version-history":[{"count":0,"href":"https:\/\/portalfloresnoar.com\/floresnoar\/wp-json\/wp\/v2\/posts\/25620\/revisions"}],"wp:featuredmedia":[{"embeddable":true,"href":"https:\/\/portalfloresnoar.com\/floresnoar\/wp-json\/wp\/v2\/media\/25931"}],"wp:attachment":[{"href":"https:\/\/portalfloresnoar.com\/floresnoar\/wp-json\/wp\/v2\/media?parent=25620"}],"wp:term":[{"taxonomy":"category","embeddable":true,"href":"https:\/\/portalfloresnoar.com\/floresnoar\/wp-json\/wp\/v2\/categories?post=25620"},{"taxonomy":"post_tag","embeddable":true,"href":"https:\/\/portalfloresnoar.com\/floresnoar\/wp-json\/wp\/v2\/tags?post=25620"}],"curies":[{"name":"wp","href":"https:\/\/api.w.org\/{rel}","templated":true}]}}