

{"id":25610,"date":"2016-06-08T08:22:41","date_gmt":"2016-06-08T11:22:41","guid":{"rendered":"http:\/\/portalfloresnoar.com\/floresnoar\/?p=25610"},"modified":"2016-07-23T14:44:17","modified_gmt":"2016-07-23T17:44:17","slug":"agenda-pe-eduardo-chianca-faz-palestra-gratuita-no-recife-nesta-quarta-feira","status":"publish","type":"post","link":"https:\/\/portalfloresnoar.com\/floresnoar\/agenda-pe-eduardo-chianca-faz-palestra-gratuita-no-recife-nesta-quarta-feira\/","title":{"rendered":"[AGENDA PE] Eduardo Chianca faz palestra gratuita no Recife"},"content":{"rendered":"<p><img decoding=\"async\" loading=\"lazy\" class=\"aligncenter size-full wp-image-25611\" alt=\"palestra eduardo chianca\" src=\"http:\/\/portalfloresnoar.com\/floresnoar\/wp-content\/uploads\/2016\/07\/palestra-eduardo-chianca.jpg\" width=\"700\" height=\"1281\" srcset=\"https:\/\/portalfloresnoar.com\/floresnoar\/wp-content\/uploads\/2016\/07\/palestra-eduardo-chianca.jpg 700w, https:\/\/portalfloresnoar.com\/floresnoar\/wp-content\/uploads\/2016\/07\/palestra-eduardo-chianca-559x1024.jpg 559w\" sizes=\"(max-width: 700px) 100vw, 700px\" \/><\/p>\n<p>Retornando de um circuito na Europa, com palestras, semin\u00e1rios de Frequ\u00eancias de Luz e viv\u00eancias de expans\u00e3o da consci\u00eancia, Eduardo Chianca vem ao Recife no dia 20 de julho (quarta-feira), onde realizar\u00e1 a palestra &#8216;A expans\u00e3o da Consci\u00eancia como um Caminho para a sa\u00fade hol\u00edstica e o despertar espiritual&#8217; (com abordagem da ci\u00eancia Ocidental e das tradi\u00e7\u00f5es espirituais do Oriente.) A palestra ser\u00e1 no Audit\u00f3rio do Hotel Manibu, em Boa Viagem, das 19h30 \u00e0s 21h30. A entrada \u00e9 gratuita!<\/p>\n<p>&#8220;No processo evolutivo do Ser humano, chega-se a um momento em que as\u00a0realiza\u00e7\u00f5es materiais externas (fam\u00edlia, carreira profissional,\u00a0dinheiro, status social, etc.) tornam-se insuficientes para prover um\u00a0sentido de realiza\u00e7\u00e3o na vida e felicidade pessoal e a pessoa come\u00e7a\u00a0uma jornada de busca interior pela Verdade e a evolu\u00e7\u00e3o espiritual,\u00a0por que, afinal de contas, a \u00fanica certeza garantida na vida \u00e9 a\u00a0passagem para outra dimens\u00e3o.\u00a0Este processo de despertar individual tamb\u00e9m auxilia no processo\u00a0coletivo de expans\u00e3o de consci\u00eancia da humanidade e tamb\u00e9m ajuda a M\u00e3e\u00a0Terra, Gaia, uma consci\u00eancia c\u00f3smica, que nos acolhe em seu \u00fatero,\u00a0neste cantinho do Universo&#8221;, explica Eduardo Chianca.<\/p>\n<p>Eduardo Chianca \u00e9 engenheiro eletr\u00f4nico brasileiro, escritor, pesquisador da Consci\u00eancia humana dentro de uma perspectiva c\u00f3smica, h\u00e1 cerca de 30 anos \u00e9 o canal-criador da Terapia de Frequ\u00eancias de Luz e<br \/>\npalestrante internacional com mais de 100 palestras em 12 pa\u00edses nos \u00faltimos 10 anos.<\/p>\n<p>Data: 20.07\/ 2016 (4\u00aa feira)<br \/>\nHor\u00e1rio: 19h30 \u00e0s 21h30<br \/>\nLocal: Audit\u00f3rio do Hotel Manibu &#8211; Rua Conselheiro Aguiar, 919,\u00a0Boa Viagem, Recife \u2013PE.<br \/>\nP\u00fablico-alvo: Profissionais da \u00e1rea da sa\u00fade e todos os buscadores da\u00a0Verdade e do autoconhecimento.<\/p>\n<p>VAGAS LIMITADAS!<br \/>\nFAVOR CONFIRMAR A SUA PRESEN\u00c7A.<\/p>\n<p><strong>Fone-Whatsapp:<\/strong> 081 99965 5300 com Albani.<\/p>\n","protected":false},"excerpt":{"rendered":"<p>Retornando de um circuito na Europa, com palestras, semin\u00e1rios de Frequ\u00eancias de Luz e viv\u00eancias de expans\u00e3o da consci\u00eancia, Eduardo Chianca vem ao Recife no dia 20 de julho (quarta-feira), onde realizar\u00e1 a palestra &#8216;A expans\u00e3o da Consci\u00eancia como um Caminho para a sa\u00fade hol\u00edstica e o despertar espiritual&#8217; (com abordagem da ci\u00eancia Ocidental e [&hellip;]<\/p>\n","protected":false},"author":1,"featured_media":25612,"comment_status":"open","ping_status":"open","sticky":false,"template":"","format":"standard","meta":{"om_disable_all_campaigns":false,"_monsterinsights_skip_tracking":false,"_monsterinsights_sitenote_active":false,"_monsterinsights_sitenote_note":"","_monsterinsights_sitenote_category":0,"footnotes":""},"categories":[8,214],"tags":[295,305],"acf":[],"publishpress_future_action":{"enabled":false,"date":"1969-12-31 21:00:00","action":"","terms":[],"taxonomy":"","browser_timezone_offset":0},"_links":{"self":[{"href":"https:\/\/portalfloresnoar.com\/floresnoar\/wp-json\/wp\/v2\/posts\/25610"}],"collection":[{"href":"https:\/\/portalfloresnoar.com\/floresnoar\/wp-json\/wp\/v2\/posts"}],"about":[{"href":"https:\/\/portalfloresnoar.com\/floresnoar\/wp-json\/wp\/v2\/types\/post"}],"author":[{"embeddable":true,"href":"https:\/\/portalfloresnoar.com\/floresnoar\/wp-json\/wp\/v2\/users\/1"}],"replies":[{"embeddable":true,"href":"https:\/\/portalfloresnoar.com\/floresnoar\/wp-json\/wp\/v2\/comments?post=25610"}],"version-history":[{"count":0,"href":"https:\/\/portalfloresnoar.com\/floresnoar\/wp-json\/wp\/v2\/posts\/25610\/revisions"}],"wp:featuredmedia":[{"embeddable":true,"href":"https:\/\/portalfloresnoar.com\/floresnoar\/wp-json\/wp\/v2\/media\/25612"}],"wp:attachment":[{"href":"https:\/\/portalfloresnoar.com\/floresnoar\/wp-json\/wp\/v2\/media?parent=25610"}],"wp:term":[{"taxonomy":"category","embeddable":true,"href":"https:\/\/portalfloresnoar.com\/floresnoar\/wp-json\/wp\/v2\/categories?post=25610"},{"taxonomy":"post_tag","embeddable":true,"href":"https:\/\/portalfloresnoar.com\/floresnoar\/wp-json\/wp\/v2\/tags?post=25610"}],"curies":[{"name":"wp","href":"https:\/\/api.w.org\/{rel}","templated":true}]}}