

{"id":25572,"date":"2016-07-16T10:57:12","date_gmt":"2016-07-16T13:57:12","guid":{"rendered":"http:\/\/portalfloresnoar.com\/floresnoar\/?p=25572"},"modified":"2016-08-03T17:09:14","modified_gmt":"2016-08-03T20:09:14","slug":"agenda-pe-com-ato-de-cuidar-grupo-de-apoio-a-maternagem-consciente-a-partir-de-38-no-gerar","status":"publish","type":"post","link":"https:\/\/portalfloresnoar.com\/floresnoar\/agenda-pe-com-ato-de-cuidar-grupo-de-apoio-a-maternagem-consciente-a-partir-de-38-no-gerar\/","title":{"rendered":"[AGENDA PE] &#8216;Com Ato de Cuidar&#8217;, grupo de Apoio \u00e0 Maternagem Consciente, a partir de 3\/8, no Gerar"},"content":{"rendered":"<p><img decoding=\"async\" loading=\"lazy\" class=\"aligncenter size-full wp-image-25575\" alt=\"grupo maternagem\" src=\"http:\/\/portalfloresnoar.com\/floresnoar\/wp-content\/uploads\/2016\/07\/grupo-maternagem.jpg\" width=\"696\" height=\"956\" srcset=\"https:\/\/portalfloresnoar.com\/floresnoar\/wp-content\/uploads\/2016\/07\/grupo-maternagem.jpg 696w, https:\/\/portalfloresnoar.com\/floresnoar\/wp-content\/uploads\/2016\/07\/grupo-maternagem-218x300.jpg 218w\" sizes=\"(max-width: 696px) 100vw, 696px\" \/><\/p>\n<p>A psic\u00f3loga Cl\u00ednica Ma\u00edra Darllen facilita a partir do dia 3 de agosto, no Gerar, o &#8216;Com Ato de Cuidar&#8217; &#8211; Grupo de Apoio \u00e0 Maternagem Consciente. Os encontros ser\u00e3o realizados nas quartas-feiras, das 14h \u00e0s 16h30, at\u00e9 o dia 21 de setembro.<\/p>\n<p>&#8220;Esta \u00e9 uma proposta de encontro, com foco no compartilhar a experi\u00eancia de estar em p\u00f3s parto e\/ou na maternagem de beb\u00eas e crian\u00e7as pequenas. Com abertura e troca, pretendemos gerar condi\u00e7\u00f5es de fortalecimento criativo aos la\u00e7os de apoio nos primeiros gestos e passos de uma caminhada segura no processo de amadurecimento da vida&#8221;, declara Ma\u00edra.<\/p>\n<p>Ma\u00edra Darllen desde 2010 se dedica ao trabalho psicoterap\u00eautico com crian\u00e7as e suas din\u00e2micas familiares. Tamb\u00e9m atua como doula de mulheres e casais em gesta\u00e7\u00e3o, nascimento e p\u00f3s parto.<\/p>\n<p><strong><em>A quem se destina?<\/em><\/strong><br \/>\nMulheres em fase de p\u00f3s parto, cuidadoras, av\u00f3s, tias e comadres de beb\u00eas e crian\u00e7as pequenas<\/p>\n<p><strong>Quando?<\/strong><em><br \/>\nQuartas-feiras | 14h \u00e0s 16h30<br \/>\nde 03 de ago a 21 de set\/2016<\/em><\/p>\n<p><strong>Onde?<\/strong><br \/>\nGERAR ARTETERAPIA E BEM-ESTAR<br \/>\nRua Jorge Albuquerque, 103, Casa Forte | Recife &#8211; PE<\/p>\n<p><strong>Mais informa\u00e7\u00f5es:<\/strong><br \/>\n(81) 99863.0978<br \/>\nm_darllen@hotmail.com<\/p>\n","protected":false},"excerpt":{"rendered":"<p>A psic\u00f3loga Cl\u00ednica Ma\u00edra Darllen facilita a partir do dia 3 de agosto, no Gerar, o &#8216;Com Ato de Cuidar&#8217; &#8211; Grupo de Apoio \u00e0 Maternagem Consciente. Os encontros ser\u00e3o realizados nas quartas-feiras, das 14h \u00e0s 16h30, at\u00e9 o dia 21 de setembro. &#8220;Esta \u00e9 uma proposta de encontro, com foco no compartilhar a experi\u00eancia [&hellip;]<\/p>\n","protected":false},"author":1,"featured_media":25576,"comment_status":"open","ping_status":"open","sticky":false,"template":"","format":"standard","meta":{"om_disable_all_campaigns":false,"_monsterinsights_skip_tracking":false,"_monsterinsights_sitenote_active":false,"_monsterinsights_sitenote_note":"","_monsterinsights_sitenote_category":0,"footnotes":""},"categories":[8,214],"tags":[223,327,22],"acf":[],"publishpress_future_action":{"enabled":false,"date":"1969-12-31 21:00:00","action":"","terms":[],"taxonomy":"","browser_timezone_offset":0},"_links":{"self":[{"href":"https:\/\/portalfloresnoar.com\/floresnoar\/wp-json\/wp\/v2\/posts\/25572"}],"collection":[{"href":"https:\/\/portalfloresnoar.com\/floresnoar\/wp-json\/wp\/v2\/posts"}],"about":[{"href":"https:\/\/portalfloresnoar.com\/floresnoar\/wp-json\/wp\/v2\/types\/post"}],"author":[{"embeddable":true,"href":"https:\/\/portalfloresnoar.com\/floresnoar\/wp-json\/wp\/v2\/users\/1"}],"replies":[{"embeddable":true,"href":"https:\/\/portalfloresnoar.com\/floresnoar\/wp-json\/wp\/v2\/comments?post=25572"}],"version-history":[{"count":0,"href":"https:\/\/portalfloresnoar.com\/floresnoar\/wp-json\/wp\/v2\/posts\/25572\/revisions"}],"wp:featuredmedia":[{"embeddable":true,"href":"https:\/\/portalfloresnoar.com\/floresnoar\/wp-json\/wp\/v2\/media\/25576"}],"wp:attachment":[{"href":"https:\/\/portalfloresnoar.com\/floresnoar\/wp-json\/wp\/v2\/media?parent=25572"}],"wp:term":[{"taxonomy":"category","embeddable":true,"href":"https:\/\/portalfloresnoar.com\/floresnoar\/wp-json\/wp\/v2\/categories?post=25572"},{"taxonomy":"post_tag","embeddable":true,"href":"https:\/\/portalfloresnoar.com\/floresnoar\/wp-json\/wp\/v2\/tags?post=25572"}],"curies":[{"name":"wp","href":"https:\/\/api.w.org\/{rel}","templated":true}]}}