

{"id":25567,"date":"2016-07-13T11:07:28","date_gmt":"2016-07-13T14:07:28","guid":{"rendered":"http:\/\/portalfloresnoar.com\/floresnoar\/?p=25567"},"modified":"2016-07-13T11:07:28","modified_gmt":"2016-07-13T14:07:28","slug":"criancas-com-medo-do-escuro-e-gente-grande","status":"publish","type":"post","link":"https:\/\/portalfloresnoar.com\/floresnoar\/criancas-com-medo-do-escuro-e-gente-grande\/","title":{"rendered":"Crian\u00e7as com medo do escuro? E gente grande?"},"content":{"rendered":"<pre>Por Mallika Fittipaldi*<\/pre>\n<p>O medo faz parte do desenvolvimento das pessoas, ele nos alerta para situa\u00e7\u00f5es que nos podem ser prejudiciais. Desde novos sentimos medo, os mais variados. O medo do escuro \u00e9 um dos medos cl\u00e1ssicos.<\/p>\n<p><strong>A\u00e7\u00f5es que podem ajudar a crian\u00e7a a atravessar o escuro medo do escuro:<\/strong><br \/>\n* Tente que a crian\u00e7a fale sobre o que \u00e9 o escuro. O que teme que ocorra quando o escuro chega. Isso pode levar a uma resolu\u00e7\u00e3o ou clarificar a situa\u00e7\u00e3o e indicar uma forma de a\u00e7\u00e3o;<\/p>\n<p>* Nunca ca\u00e7oe da crian\u00e7a por causa dos medos;<\/p>\n<p>*Fale dos seus medos do tempo de crian\u00e7a de forma leve, tel\u00farica;<\/p>\n<p>* Nada de prote\u00e7\u00e3o excessiva ou deixar a crian\u00e7a no escuro se ela n\u00e3o quiser. Fazer com que a crian\u00e7a enfrente o escuro pode piorar a situa\u00e7\u00e3o;<br \/>\n* Brincando mostrar que quando ela fecha os olhos&#8230; Fica escuro e nada de ruim acontece;<\/p>\n<p>* N\u00e3o tratar o medo como manha. Ele \u00e9 algo natural que passa com a idade;<\/p>\n<p>* Evitar filmes ou est\u00f3rias que gerem \u201cmedo do escuro\u201d. A escurid\u00e3o no imagin\u00e1rio humano \u00e9 o local dos terrores, de tudo que \u00e9 mal;<\/p>\n<p>* Pode deixar um ponto de luz acesso no corredor, no banheiro ou um rech\u00f4 com \u00f3leo essencial de Bergamota;<br \/>\nN\u00e3o rotule a crian\u00e7a de medrosa e nem de nada negativo;<\/p>\n<p>* N\u00e3o compare uma crian\u00e7a com outra que n\u00e3o t\u00eam esse medo;<\/p>\n<p>* Quando o medo ocorre no mesmo hor\u00e1rio e no mesmo local mude a rotina. Crie um ambiente alegre;<\/p>\n<p>* Fa\u00e7a o floral de Bach com Aspen se n\u00e3o souber o motivo do medo; com Star of Bethlehem se o medo \u00e9 resultante de um trauma; Mimulus se \u00e9 um medo real (por exemplo, n\u00e3o enxergar na escurid\u00e3o e se machucar); Rock Rose se for um medo paralisante;<\/p>\n<p>* Sendo poss\u00edvel, passe um pano na casa: um balde de cinco litros para uma tampinha de amon\u00edaco. Cuidado, pois o amon\u00edaco \u00e9 altamente t\u00f3xico. N\u00e3o inspire. Pode tamb\u00e9m passar nas janelas e portas;<\/p>\n<p>* Colocar embaixo da cama um copo com metade de sal grosso e metade de vinagre de ma\u00e7\u00e3. Trocar sempre que necess\u00e1rio, ou seja, quando estiver com aspecto ruim.<\/p>\n<p>O medo do escuro pode se tornar fobia e acompanhar o individuo at\u00e9 a idade adulta. Nesse caso, procure uma psicoterapia, como, por exemplo, a regress\u00e3o. Quem sabe o medo do escuro est\u00e1 escondidinho na bruma densa de um passado long\u00ednquo?<\/p>\n<p><em>* Mallika Fittipaldi \u2013 Trabalha com Florais de Bach, Hipnoterapia Cl\u00ednica, Psicoterapia Hol\u00edstica, Regress\u00e3o, Relaxamento e Reprograma\u00e7\u00e3o Positiva.<br \/>\nContato: 99621.2409 (Whatsapp)<\/em><\/p>\n","protected":false},"excerpt":{"rendered":"<p>Por Mallika Fittipaldi* O medo faz parte do desenvolvimento das pessoas, ele nos alerta para situa\u00e7\u00f5es que nos podem ser prejudiciais. Desde novos sentimos medo, os mais variados. O medo do escuro \u00e9 um dos medos cl\u00e1ssicos. A\u00e7\u00f5es que podem ajudar a crian\u00e7a a atravessar o escuro medo do escuro: * Tente que a crian\u00e7a [&hellip;]<\/p>\n","protected":false},"author":1,"featured_media":25568,"comment_status":"open","ping_status":"open","sticky":false,"template":"","format":"standard","meta":{"om_disable_all_campaigns":false,"_monsterinsights_skip_tracking":false,"_monsterinsights_sitenote_active":false,"_monsterinsights_sitenote_note":"","_monsterinsights_sitenote_category":0,"footnotes":""},"categories":[220,230],"tags":[223],"acf":[],"publishpress_future_action":{"enabled":false,"date":"1969-12-31 21:00:00","action":"","terms":[],"taxonomy":"","browser_timezone_offset":0},"_links":{"self":[{"href":"https:\/\/portalfloresnoar.com\/floresnoar\/wp-json\/wp\/v2\/posts\/25567"}],"collection":[{"href":"https:\/\/portalfloresnoar.com\/floresnoar\/wp-json\/wp\/v2\/posts"}],"about":[{"href":"https:\/\/portalfloresnoar.com\/floresnoar\/wp-json\/wp\/v2\/types\/post"}],"author":[{"embeddable":true,"href":"https:\/\/portalfloresnoar.com\/floresnoar\/wp-json\/wp\/v2\/users\/1"}],"replies":[{"embeddable":true,"href":"https:\/\/portalfloresnoar.com\/floresnoar\/wp-json\/wp\/v2\/comments?post=25567"}],"version-history":[{"count":0,"href":"https:\/\/portalfloresnoar.com\/floresnoar\/wp-json\/wp\/v2\/posts\/25567\/revisions"}],"wp:featuredmedia":[{"embeddable":true,"href":"https:\/\/portalfloresnoar.com\/floresnoar\/wp-json\/wp\/v2\/media\/25568"}],"wp:attachment":[{"href":"https:\/\/portalfloresnoar.com\/floresnoar\/wp-json\/wp\/v2\/media?parent=25567"}],"wp:term":[{"taxonomy":"category","embeddable":true,"href":"https:\/\/portalfloresnoar.com\/floresnoar\/wp-json\/wp\/v2\/categories?post=25567"},{"taxonomy":"post_tag","embeddable":true,"href":"https:\/\/portalfloresnoar.com\/floresnoar\/wp-json\/wp\/v2\/tags?post=25567"}],"curies":[{"name":"wp","href":"https:\/\/api.w.org\/{rel}","templated":true}]}}