

{"id":25549,"date":"2016-08-09T09:52:07","date_gmt":"2016-08-09T12:52:07","guid":{"rendered":"http:\/\/portalfloresnoar.com\/floresnoar\/?p=25549"},"modified":"2016-09-08T19:50:36","modified_gmt":"2016-09-08T22:50:36","slug":"clinica-social-nas-segundas-feiras-no-atelie-da-luz","status":"publish","type":"post","link":"https:\/\/portalfloresnoar.com\/floresnoar\/clinica-social-nas-segundas-feiras-no-atelie-da-luz\/","title":{"rendered":"[AGENDA PE] Cl\u00ednica Social nas segundas-feiras, no Ateli\u00ea da Luz"},"content":{"rendered":"<p><img decoding=\"async\" loading=\"lazy\" class=\"aligncenter size-full wp-image-25654\" alt=\"segunda social (2)\" src=\"http:\/\/portalfloresnoar.com\/floresnoar\/wp-content\/uploads\/2016\/07\/segunda-social-2.jpg\" width=\"700\" height=\"700\" srcset=\"https:\/\/portalfloresnoar.com\/floresnoar\/wp-content\/uploads\/2016\/07\/segunda-social-2.jpg 700w, https:\/\/portalfloresnoar.com\/floresnoar\/wp-content\/uploads\/2016\/07\/segunda-social-2-150x150.jpg 150w, https:\/\/portalfloresnoar.com\/floresnoar\/wp-content\/uploads\/2016\/07\/segunda-social-2-300x300.jpg 300w, https:\/\/portalfloresnoar.com\/floresnoar\/wp-content\/uploads\/2016\/07\/segunda-social-2-100x100.jpg 100w\" sizes=\"(max-width: 700px) 100vw, 700px\" \/><\/p>\n<p>Na perspectiva de ampliar a acessibilidade \u00e0 Psicoterapia e \u00e0 Arteterapia o Ateli\u00ea da Luz oferece a Cl\u00ednica Social nas segundas-feiras como uma oportunidade de atendimentos com psic\u00f3logas e arteterapeutas especializadas para crian\u00e7as, adolescentes, jovens, adultos e idosos. Os interessados pagam um valor por sess\u00e3o acertado durante a entrevista inicial.<\/p>\n<p>A psicoterapia individual \u00e9 um processo que visa favorecer no individuo o autoconhecimento, a supera\u00e7\u00e3o de conflitos, o desenvolvimento de potencialidades e habilidades para viver melhor consigo mesmo e com seu mundo.<\/p>\n<p>A arteterapia \u00e9 uma abordagem terap\u00eautica que utiliza a arte como mediadora no processo psicoterap\u00eautico.<\/p>\n<p><strong>Maiores Informa\u00e7\u00f5es e agendamentos pelos n\u00fameros: <\/strong>(81) 3272-3043 \/ 9.9992-9602 (whatsapp)<\/p>\n<p><strong>Local:<\/strong> Ateli\u00ea da Luz \u2013 Rua Rio Formoso, 130, Iputinga, Recife (mapa: https:\/\/goo.gl\/maps\/YxRRCHUCqgy)<\/p>\n<p><a href=\"https:\/\/www.facebook.com\/PsicologiaeArteterpia\" target=\"_blank\">https:\/\/www.facebook.com\/PsicologiaeArteterpia<\/a><\/p>\n","protected":false},"excerpt":{"rendered":"<p>Na perspectiva de ampliar a acessibilidade \u00e0 Psicoterapia e \u00e0 Arteterapia o Ateli\u00ea da Luz oferece a Cl\u00ednica Social nas segundas-feiras como uma oportunidade de atendimentos com psic\u00f3logas e arteterapeutas especializadas para crian\u00e7as, adolescentes, jovens, adultos e idosos. Os interessados pagam um valor por sess\u00e3o acertado durante a entrevista inicial. A psicoterapia individual \u00e9 um [&hellip;]<\/p>\n","protected":false},"author":1,"featured_media":25671,"comment_status":"open","ping_status":"open","sticky":false,"template":"","format":"standard","meta":{"om_disable_all_campaigns":false,"_monsterinsights_skip_tracking":false,"_monsterinsights_sitenote_active":false,"_monsterinsights_sitenote_note":"","_monsterinsights_sitenote_category":0,"footnotes":""},"categories":[8,224,214],"tags":[34,325,148],"acf":[],"publishpress_future_action":{"enabled":false,"date":"1969-12-31 21:00:00","action":"","terms":[],"taxonomy":"","browser_timezone_offset":0},"_links":{"self":[{"href":"https:\/\/portalfloresnoar.com\/floresnoar\/wp-json\/wp\/v2\/posts\/25549"}],"collection":[{"href":"https:\/\/portalfloresnoar.com\/floresnoar\/wp-json\/wp\/v2\/posts"}],"about":[{"href":"https:\/\/portalfloresnoar.com\/floresnoar\/wp-json\/wp\/v2\/types\/post"}],"author":[{"embeddable":true,"href":"https:\/\/portalfloresnoar.com\/floresnoar\/wp-json\/wp\/v2\/users\/1"}],"replies":[{"embeddable":true,"href":"https:\/\/portalfloresnoar.com\/floresnoar\/wp-json\/wp\/v2\/comments?post=25549"}],"version-history":[{"count":0,"href":"https:\/\/portalfloresnoar.com\/floresnoar\/wp-json\/wp\/v2\/posts\/25549\/revisions"}],"wp:featuredmedia":[{"embeddable":true,"href":"https:\/\/portalfloresnoar.com\/floresnoar\/wp-json\/wp\/v2\/media\/25671"}],"wp:attachment":[{"href":"https:\/\/portalfloresnoar.com\/floresnoar\/wp-json\/wp\/v2\/media?parent=25549"}],"wp:term":[{"taxonomy":"category","embeddable":true,"href":"https:\/\/portalfloresnoar.com\/floresnoar\/wp-json\/wp\/v2\/categories?post=25549"},{"taxonomy":"post_tag","embeddable":true,"href":"https:\/\/portalfloresnoar.com\/floresnoar\/wp-json\/wp\/v2\/tags?post=25549"}],"curies":[{"name":"wp","href":"https:\/\/api.w.org\/{rel}","templated":true}]}}