

{"id":25539,"date":"2016-06-01T12:17:38","date_gmt":"2016-06-01T15:17:38","guid":{"rendered":"http:\/\/portalfloresnoar.com\/floresnoar\/?p=25539"},"modified":"2016-07-19T11:33:52","modified_gmt":"2016-07-19T14:33:52","slug":"agenda-pe-encontros-em-familia-dia-177-no-recanto-do-ser-entrada-gratuita","status":"publish","type":"post","link":"https:\/\/portalfloresnoar.com\/floresnoar\/agenda-pe-encontros-em-familia-dia-177-no-recanto-do-ser-entrada-gratuita\/","title":{"rendered":"[AGENDA PE] &#8216;Encontros em Fam\u00edlia&#8217; dia 17\/7 no Recanto do Ser. Entrada gratuita!"},"content":{"rendered":"<p><img decoding=\"async\" loading=\"lazy\" class=\"aligncenter size-full wp-image-25540\" alt=\"ENCONTROS EM FAM\u00cdLIAS\" src=\"http:\/\/portalfloresnoar.com\/floresnoar\/wp-content\/uploads\/2016\/07\/ENCONTROS-EM-FAM\u00cdLIAS.jpg\" width=\"529\" height=\"768\" srcset=\"https:\/\/portalfloresnoar.com\/floresnoar\/wp-content\/uploads\/2016\/07\/ENCONTROS-EM-FAM\u00cdLIAS.jpg 529w, https:\/\/portalfloresnoar.com\/floresnoar\/wp-content\/uploads\/2016\/07\/ENCONTROS-EM-FAM\u00cdLIAS-206x300.jpg 206w\" sizes=\"(max-width: 529px) 100vw, 529px\" \/><\/p>\n<p>O Recanto do Ser lan\u00e7a no dia 17 de julho (domingo) o projeto &#8216;Encontros em Fam\u00edlia&#8217;, abrindo a casa para a energia das crian\u00e7as e suas fam\u00edlias. O encontro ser\u00e1 das 9h \u00e0s 17h. A entrada \u00e9 gratuita!<\/p>\n<p><em>No primeiro encontro haver\u00e1:<\/em><br \/>\n&#8211; Conta\u00e7\u00e3o de Hist\u00f3rias;<br \/>\n&#8211; Brincadeiras do Fundo do Ba\u00fa;<br \/>\n&#8211; M\u00fasica;<br \/>\n&#8211; Dan\u00e7a;<br \/>\n&#8211; Feirinha com produtos infantis e lanches;<\/p>\n<p><strong>Local:<\/strong>\u00a0RECANTO DO SER &#8211;\u00a0<b><\/b><span style=\"font-size: small;\">Rua Costa Pinto, 119,\u00a0<\/span><span style=\"font-size: small;\">Encruzilhada &#8211; Recife PE<\/span><\/p>\n<div><span style=\"font-size: small;\"><strong>Fones:<\/strong> 99846-7151 (Tim)\/\u00a0<\/span><span style=\"font-size: small;\">98660-7675 (Oi)<\/span><\/div>\n<div><\/div>\n<p><strong>Mais informa\u00e7\u00f5es:<\/strong><br \/>\nEvento no facebook: <a href=\"https:\/\/www.facebook.com\/events\/1083660418350488\/\" target=\"_blank\">https:\/\/www.facebook.com\/events\/1083660418350488\/<\/a><br \/>\nSite: <a href=\"http:\/\/www.recantodoser.com.br\/#!blank-4\/g35b3\" target=\"_blank\">http:\/\/www.recantodoser.com.br\/#!blank-4\/g35b3<\/a><br \/>\nFanpage:<a href=\" https:\/\/www.facebook.com\/encontrosemfamilia\/\" target=\"_blank\"> https:\/\/www.facebook.com\/encontrosemfamilia\/<\/a><\/p>\n","protected":false},"excerpt":{"rendered":"<p>O Recanto do Ser lan\u00e7a no dia 17 de julho (domingo) o projeto &#8216;Encontros em Fam\u00edlia&#8217;, abrindo a casa para a energia das crian\u00e7as e suas fam\u00edlias. O encontro ser\u00e1 das 9h \u00e0s 17h. A entrada \u00e9 gratuita! No primeiro encontro haver\u00e1: &#8211; Conta\u00e7\u00e3o de Hist\u00f3rias; &#8211; Brincadeiras do Fundo do Ba\u00fa; &#8211; M\u00fasica; &#8211; [&hellip;]<\/p>\n","protected":false},"author":1,"featured_media":25541,"comment_status":"open","ping_status":"open","sticky":false,"template":"","format":"standard","meta":{"om_disable_all_campaigns":false,"_monsterinsights_skip_tracking":false,"_monsterinsights_sitenote_active":false,"_monsterinsights_sitenote_note":"","_monsterinsights_sitenote_category":0,"footnotes":""},"categories":[8,214],"tags":[223,138],"acf":[],"publishpress_future_action":{"enabled":false,"date":"1969-12-31 21:00:00","action":"","terms":[],"taxonomy":"","browser_timezone_offset":0},"_links":{"self":[{"href":"https:\/\/portalfloresnoar.com\/floresnoar\/wp-json\/wp\/v2\/posts\/25539"}],"collection":[{"href":"https:\/\/portalfloresnoar.com\/floresnoar\/wp-json\/wp\/v2\/posts"}],"about":[{"href":"https:\/\/portalfloresnoar.com\/floresnoar\/wp-json\/wp\/v2\/types\/post"}],"author":[{"embeddable":true,"href":"https:\/\/portalfloresnoar.com\/floresnoar\/wp-json\/wp\/v2\/users\/1"}],"replies":[{"embeddable":true,"href":"https:\/\/portalfloresnoar.com\/floresnoar\/wp-json\/wp\/v2\/comments?post=25539"}],"version-history":[{"count":0,"href":"https:\/\/portalfloresnoar.com\/floresnoar\/wp-json\/wp\/v2\/posts\/25539\/revisions"}],"wp:featuredmedia":[{"embeddable":true,"href":"https:\/\/portalfloresnoar.com\/floresnoar\/wp-json\/wp\/v2\/media\/25541"}],"wp:attachment":[{"href":"https:\/\/portalfloresnoar.com\/floresnoar\/wp-json\/wp\/v2\/media?parent=25539"}],"wp:term":[{"taxonomy":"category","embeddable":true,"href":"https:\/\/portalfloresnoar.com\/floresnoar\/wp-json\/wp\/v2\/categories?post=25539"},{"taxonomy":"post_tag","embeddable":true,"href":"https:\/\/portalfloresnoar.com\/floresnoar\/wp-json\/wp\/v2\/tags?post=25539"}],"curies":[{"name":"wp","href":"https:\/\/api.w.org\/{rel}","templated":true}]}}