

{"id":25536,"date":"2016-07-12T09:20:14","date_gmt":"2016-07-12T12:20:14","guid":{"rendered":"http:\/\/portalfloresnoar.com\/floresnoar\/?p=25536"},"modified":"2016-07-12T09:51:16","modified_gmt":"2016-07-12T12:51:16","slug":"agenda-pe-colonia-de-ferias-no-atelie-da-luz-nas-tardes-de-sexta","status":"publish","type":"post","link":"https:\/\/portalfloresnoar.com\/floresnoar\/agenda-pe-colonia-de-ferias-no-atelie-da-luz-nas-tardes-de-sexta\/","title":{"rendered":"[AGENDA PE]  Col\u00f4nia de F\u00e9rias no Ateli\u00ea da Luz nas tardes de sexta"},"content":{"rendered":"<p><img decoding=\"async\" loading=\"lazy\" class=\"aligncenter size-full wp-image-25545\" alt=\"f\u00e9rias no atelie da luz\" src=\"http:\/\/portalfloresnoar.com\/floresnoar\/wp-content\/uploads\/2016\/07\/f\u00e9rias-no-atelie-da-luz.jpg\" width=\"700\" height=\"700\" srcset=\"https:\/\/portalfloresnoar.com\/floresnoar\/wp-content\/uploads\/2016\/07\/f\u00e9rias-no-atelie-da-luz.jpg 700w, https:\/\/portalfloresnoar.com\/floresnoar\/wp-content\/uploads\/2016\/07\/f\u00e9rias-no-atelie-da-luz-150x150.jpg 150w, https:\/\/portalfloresnoar.com\/floresnoar\/wp-content\/uploads\/2016\/07\/f\u00e9rias-no-atelie-da-luz-300x300.jpg 300w, https:\/\/portalfloresnoar.com\/floresnoar\/wp-content\/uploads\/2016\/07\/f\u00e9rias-no-atelie-da-luz-100x100.jpg 100w\" sizes=\"(max-width: 700px) 100vw, 700px\" \/><\/p>\n<p>O Ateli\u00ea da Luz promove neste m\u00eas de julho\/ 2016 uma Col\u00f4nia de F\u00e9rias para \u00a0crian\u00e7ada com idades entre 4 e 13 anos. Ter\u00e3o brincadeiras e atividades com hist\u00f3rias, artes e jardinagem, oferecidas por uma equipe composta por psic\u00f3logas, arteterapeutas e artistas visuais.<\/p>\n<p>DATAS\/HOR\u00c1RIO<br \/>\nSextas-feiras (dias 15, 22 e 29), das 14 \u00e0s 17h.<\/p>\n<p>INSCRI\u00c7\u00d5ES<br \/>\nPara participar basta fazer reserva antecipada, o valor de cada tarde custa R$ 50,00, com lanche e material incluso.<\/p>\n<p>LOCAL<br \/>\nAteli\u00ea da Luz &#8211; Rua Rio Formoso, 130, Iputinga, Recife\/PE (Mapa: <a href=\"https:\/\/goo.gl\/maps\/YxRRCHUCqgy\" target=\"_blank\">https:\/\/goo.gl\/maps\/YxRRCHUCqgy<\/a>)<\/p>\n<p>FONE<br \/>\n(81) 3272-3043 \/ 9.9992-9602<\/p>\n<p><strong>Mais informa\u00e7\u00f5es: <\/strong>https:\/\/www.facebook.com\/PsicologiaeArteterpia\/?ref=bookmarks<\/p>\n","protected":false},"excerpt":{"rendered":"<p>O Ateli\u00ea da Luz promove neste m\u00eas de julho\/ 2016 uma Col\u00f4nia de F\u00e9rias para \u00a0crian\u00e7ada com idades entre 4 e 13 anos. Ter\u00e3o brincadeiras e atividades com hist\u00f3rias, artes e jardinagem, oferecidas por uma equipe composta por psic\u00f3logas, arteterapeutas e artistas visuais. DATAS\/HOR\u00c1RIO Sextas-feiras (dias 15, 22 e 29), das 14 \u00e0s 17h. INSCRI\u00c7\u00d5ES [&hellip;]<\/p>\n","protected":false},"author":1,"featured_media":25544,"comment_status":"open","ping_status":"open","sticky":false,"template":"","format":"standard","meta":{"om_disable_all_campaigns":false,"_monsterinsights_skip_tracking":false,"_monsterinsights_sitenote_active":false,"_monsterinsights_sitenote_note":"","_monsterinsights_sitenote_category":0,"footnotes":""},"categories":[8,224,214],"tags":[223,340],"acf":[],"publishpress_future_action":{"enabled":false,"date":"1969-12-31 21:00:00","action":"","terms":[],"taxonomy":"","browser_timezone_offset":0},"_links":{"self":[{"href":"https:\/\/portalfloresnoar.com\/floresnoar\/wp-json\/wp\/v2\/posts\/25536"}],"collection":[{"href":"https:\/\/portalfloresnoar.com\/floresnoar\/wp-json\/wp\/v2\/posts"}],"about":[{"href":"https:\/\/portalfloresnoar.com\/floresnoar\/wp-json\/wp\/v2\/types\/post"}],"author":[{"embeddable":true,"href":"https:\/\/portalfloresnoar.com\/floresnoar\/wp-json\/wp\/v2\/users\/1"}],"replies":[{"embeddable":true,"href":"https:\/\/portalfloresnoar.com\/floresnoar\/wp-json\/wp\/v2\/comments?post=25536"}],"version-history":[{"count":0,"href":"https:\/\/portalfloresnoar.com\/floresnoar\/wp-json\/wp\/v2\/posts\/25536\/revisions"}],"wp:featuredmedia":[{"embeddable":true,"href":"https:\/\/portalfloresnoar.com\/floresnoar\/wp-json\/wp\/v2\/media\/25544"}],"wp:attachment":[{"href":"https:\/\/portalfloresnoar.com\/floresnoar\/wp-json\/wp\/v2\/media?parent=25536"}],"wp:term":[{"taxonomy":"category","embeddable":true,"href":"https:\/\/portalfloresnoar.com\/floresnoar\/wp-json\/wp\/v2\/categories?post=25536"},{"taxonomy":"post_tag","embeddable":true,"href":"https:\/\/portalfloresnoar.com\/floresnoar\/wp-json\/wp\/v2\/tags?post=25536"}],"curies":[{"name":"wp","href":"https:\/\/api.w.org\/{rel}","templated":true}]}}