

{"id":25451,"date":"2016-06-27T14:28:40","date_gmt":"2016-06-27T17:28:40","guid":{"rendered":"http:\/\/portalfloresnoar.com\/floresnoar\/?p=25451"},"modified":"2016-07-20T10:16:39","modified_gmt":"2016-07-20T13:16:39","slug":"agenda-pe-projeto-tardes-de-alquimia-anima-as-ferias-da-criancada-no-recanto-do-ser","status":"publish","type":"post","link":"https:\/\/portalfloresnoar.com\/floresnoar\/agenda-pe-projeto-tardes-de-alquimia-anima-as-ferias-da-criancada-no-recanto-do-ser\/","title":{"rendered":"[AGENDA PE] Projeto Tardes de Alquimia anima as f\u00e9rias da crian\u00e7ada no Recanto do Ser"},"content":{"rendered":"<p><img decoding=\"async\" loading=\"lazy\" class=\"aligncenter size-full wp-image-25453\" alt=\"tardes de alquimia\" src=\"http:\/\/portalfloresnoar.com\/floresnoar\/wp-content\/uploads\/2016\/07\/tardes-de-alquimia.jpg\" width=\"560\" height=\"792\" srcset=\"https:\/\/portalfloresnoar.com\/floresnoar\/wp-content\/uploads\/2016\/07\/tardes-de-alquimia.jpg 560w, https:\/\/portalfloresnoar.com\/floresnoar\/wp-content\/uploads\/2016\/07\/tardes-de-alquimia-212x300.jpg 212w\" sizes=\"(max-width: 560px) 100vw, 560px\" \/><\/p>\n<p>Durante as duas \u00faltimas semanas de julho (de 18 a 22 e de 25 a 29), das 13h30 \u00e0s 17h30, o Recanto do Ser, no Recife, estar\u00e1 de portas abertas para receber crian\u00e7as de 5 a 10 anos com o Projeto Tardes de Alquimia.<\/p>\n<p>A proposta \u00e9 um espa\u00e7o onde a crian\u00e7a possa ser ela e se experimentar\/expressar de forma livre e sem julgamentos. Simplesmente SER, conviver com outras crian\u00e7as e se experimentar de v\u00e1rias formas e em diversas atividades.<\/p>\n<p>Durante o per\u00edodo o recanto do Ser receber\u00e1 convidados que ir\u00e3o apresentar de forma l\u00fadica um pouco de seus dons e talentos, preenchendo ainda mais as tardes com alegria, cor e movimento. Ser\u00e3o oferecidas atividades como:<br \/>\n* Conta\u00e7\u00e3o de hist\u00f3rias<br \/>\n* Oficina de Teatro<br \/>\n* Roda de capoeira<br \/>\n* Oficinas de alimenta\u00e7\u00e3o saud\u00e1vel<br \/>\n* Oficina de Aquarela<br \/>\n* Oficina de Constru\u00e7\u00e3o de brinquedos<br \/>\n* M\u00fasica, artes e muita divers\u00e3o<br \/>\n<em>Obs: Em breve ser\u00e1 divulgado o calend\u00e1rio por dia de atividade!<\/em><\/p>\n<p>&#8220;As crian\u00e7as ser\u00e3o livres para escolher o que fazer diante das possibilidades de encontros, brincadeiras e cria\u00e7\u00e3o que o espa\u00e7o vai oferecer, podendo se descobrir tamb\u00e9m nos seus dons e talentos. Ser\u00e3o tardes de experimentos no laborat\u00f3rio do brincar, onde a alquimia vai estar presente&#8221;, declaram Isabel Assun\u00e7\u00e3o e L\u00edvia Pedrosa, guardi\u00e3es do Espa\u00e7o das Crian\u00e7as do Recanto do Ser.<\/p>\n<p><strong>Projeto Tardes de Alquimia <\/strong><br \/>\nP\u00daBLICO-ALVO: crian\u00e7as de 5 \u00e0 10 anos!<br \/>\nDATA: de 18 a 29 de Julho de 2016<br \/>\nHOR\u00c1RIO: das 13h30 \u00e0s 17h30<br \/>\nLOCAL: Recanto do Ser &#8211; Rua Costa Pinto, 119 &#8211; Encruzilhada<br \/>\nVALOR: R$ 50,00 a di\u00e1ria e R$ 200,00 a semana (\u00e0 vista com 10% de desconto e no cart\u00e3o pode ser parcelado em at\u00e9 duas vezes)<br \/>\n<em>Obs: alimenta\u00e7\u00e3o saud\u00e1vel inclusa!<\/em><\/p>\n<p>CONTATO:<br \/>\n<strong>Fones<\/strong>: 98660.7675 (OI) &#8211; 99846.7151 (Tim)<br \/>\n<strong>E-mail<\/strong>: recantodoser@gmail.com<\/p>\n<p><strong>Coordenadoras\/Facilitadoras:<\/strong> L\u00edvia Pedrosa e Isabel Assun\u00e7\u00e3o, guardi\u00e3es do Espa\u00e7o das Crian\u00e7as do Recanto do Ser.<\/p>\n<p><strong>Evento no Facebook:<\/strong> <a href=\"https:\/\/www.facebook.com\/events\/1759090771027055\/\" target=\"_blank\">https:\/\/www.facebook.com\/events\/1759090771027055\/<\/a><\/p>\n","protected":false},"excerpt":{"rendered":"<p>Durante as duas \u00faltimas semanas de julho (de 18 a 22 e de 25 a 29), das 13h30 \u00e0s 17h30, o Recanto do Ser, no Recife, estar\u00e1 de portas abertas para receber crian\u00e7as de 5 a 10 anos com o Projeto Tardes de Alquimia. A proposta \u00e9 um espa\u00e7o onde a crian\u00e7a possa ser ela [&hellip;]<\/p>\n","protected":false},"author":1,"featured_media":25452,"comment_status":"open","ping_status":"open","sticky":false,"template":"","format":"standard","meta":{"om_disable_all_campaigns":false,"_monsterinsights_skip_tracking":false,"_monsterinsights_sitenote_active":false,"_monsterinsights_sitenote_note":"","_monsterinsights_sitenote_category":0,"footnotes":""},"categories":[8,224,214],"tags":[223,340],"acf":[],"publishpress_future_action":{"enabled":false,"date":"1969-12-31 21:00:00","action":"","terms":[],"taxonomy":"","browser_timezone_offset":0},"_links":{"self":[{"href":"https:\/\/portalfloresnoar.com\/floresnoar\/wp-json\/wp\/v2\/posts\/25451"}],"collection":[{"href":"https:\/\/portalfloresnoar.com\/floresnoar\/wp-json\/wp\/v2\/posts"}],"about":[{"href":"https:\/\/portalfloresnoar.com\/floresnoar\/wp-json\/wp\/v2\/types\/post"}],"author":[{"embeddable":true,"href":"https:\/\/portalfloresnoar.com\/floresnoar\/wp-json\/wp\/v2\/users\/1"}],"replies":[{"embeddable":true,"href":"https:\/\/portalfloresnoar.com\/floresnoar\/wp-json\/wp\/v2\/comments?post=25451"}],"version-history":[{"count":0,"href":"https:\/\/portalfloresnoar.com\/floresnoar\/wp-json\/wp\/v2\/posts\/25451\/revisions"}],"wp:featuredmedia":[{"embeddable":true,"href":"https:\/\/portalfloresnoar.com\/floresnoar\/wp-json\/wp\/v2\/media\/25452"}],"wp:attachment":[{"href":"https:\/\/portalfloresnoar.com\/floresnoar\/wp-json\/wp\/v2\/media?parent=25451"}],"wp:term":[{"taxonomy":"category","embeddable":true,"href":"https:\/\/portalfloresnoar.com\/floresnoar\/wp-json\/wp\/v2\/categories?post=25451"},{"taxonomy":"post_tag","embeddable":true,"href":"https:\/\/portalfloresnoar.com\/floresnoar\/wp-json\/wp\/v2\/tags?post=25451"}],"curies":[{"name":"wp","href":"https:\/\/api.w.org\/{rel}","templated":true}]}}