

{"id":25430,"date":"2016-07-12T10:49:01","date_gmt":"2016-07-12T13:49:01","guid":{"rendered":"http:\/\/portalfloresnoar.com\/floresnoar\/?p=25430"},"modified":"2016-07-29T18:28:16","modified_gmt":"2016-07-29T21:28:16","slug":"agenda-pe-encontro-de-biodanca-em-aldeia-dia-307","status":"publish","type":"post","link":"https:\/\/portalfloresnoar.com\/floresnoar\/agenda-pe-encontro-de-biodanca-em-aldeia-dia-307\/","title":{"rendered":"[AGENDA PE] Encontro de Biodan\u00e7a em Aldeia dia 30\/7"},"content":{"rendered":"<p><img decoding=\"async\" loading=\"lazy\" class=\"aligncenter size-full wp-image-25431\" alt=\"biodan\u00e7a em aldeia\" src=\"http:\/\/portalfloresnoar.com\/floresnoar\/wp-content\/uploads\/2016\/07\/biodan\u00e7a-em-aldeia.jpg\" width=\"700\" height=\"393\" srcset=\"https:\/\/portalfloresnoar.com\/floresnoar\/wp-content\/uploads\/2016\/07\/biodan\u00e7a-em-aldeia.jpg 700w, https:\/\/portalfloresnoar.com\/floresnoar\/wp-content\/uploads\/2016\/07\/biodan\u00e7a-em-aldeia-300x168.jpg 300w\" sizes=\"(max-width: 700px) 100vw, 700px\" \/><\/p>\n<p>No dia 30 de julho de 2016, das 10h \u00e0s 18h, tem Biodan\u00e7a na Ch\u00e1cara Esmeralda \u2013 Espa\u00e7o Lapis Lazuli (unidade Aldeia). Os encontros acontecem sempre no \u00faltimo s\u00e1bado de cada m\u00eas.<\/p>\n<p>A Biodan\u00e7a \u00e9 um trabalho realizado em grupo que estimula o aprendizado da comunica\u00e7\u00e3o, do cuidado e da coopera\u00e7\u00e3o, o que leva as pessoas a se relacionarem melhor e estabelecer v\u00ednculos afetivos.<\/p>\n<p>A pr\u00e1tica estimula a renova\u00e7\u00e3o e equil\u00edbrio org\u00e2nico, a resist\u00eancia imunol\u00f3gica, a energia vital e disposi\u00e7\u00e3o para a a\u00e7\u00e3o, substituindo o estresse pela harmonia.<\/p>\n<p><img decoding=\"async\" loading=\"lazy\" class=\" wp-image-25434 alignleft\" alt=\"biodan\u00e7a pernambuco\" src=\"http:\/\/portalfloresnoar.com\/floresnoar\/wp-content\/uploads\/2016\/07\/biodan\u00e7a-pernambuco.jpg\" width=\"304\" height=\"225\" srcset=\"https:\/\/portalfloresnoar.com\/floresnoar\/wp-content\/uploads\/2016\/07\/biodan\u00e7a-pernambuco.jpg 380w, https:\/\/portalfloresnoar.com\/floresnoar\/wp-content\/uploads\/2016\/07\/biodan\u00e7a-pernambuco-300x221.jpg 300w\" sizes=\"(max-width: 304px) 100vw, 304px\" \/><strong><\/strong><\/p>\n<p>&nbsp;<\/p>\n<p><strong>Alguns benef\u00edcios da Biodan\u00e7a:<\/strong><br \/>\n&#8211; Revitaliza todo o organismo<br \/>\n&#8211; Combate o estresse e ins\u00f4nia<br \/>\n&#8211; Antidepressivo<br \/>\n&#8211; Fortalece o Sistema Imunol\u00f3gico<br \/>\n&#8211; Equilibra sistema neuroend\u00f3crino<br \/>\n&#8211; Restabelece as fun\u00e7\u00f5es sexuais<br \/>\n&#8211; Eleva a autoestima<br \/>\n&#8211; Promove assertividade e criatividade<\/p>\n<p><strong>Facilitador: <\/strong>Roberto Pagano &#8211;\u00a0Licenciado pela International Biocentric Fundation (IBF);\u00a0Especializa\u00e7\u00e3o em Projeto Minotauro e \u00c1rvore dos Desejos.<\/p>\n<p><strong>Data:<\/strong> 30\/7\/2016 (Grupo mensal, com encontros sempre no \u00faltimo s\u00e1bado do m\u00eas)<br \/>\n<strong>Hora:<\/strong> 10h \u00e0s 18h<br \/>\n<strong>Local:<\/strong> Ch\u00e1cara Esmeralda-Rua Breno Martins, s\/n\u00ba-Estrada de Aldeia, km 8,2. Confira o mapa com a localiza\u00e7\u00e3o: https:\/\/goo.gl\/maps\/wpPJFvzhjcx<br \/>\n<strong>Mensalidade:<\/strong> R$ 80,00 (individual); R$ 120,00 (casal)<\/p>\n<p><strong>Informa\u00e7\u00f5es\/Inscri\u00e7\u00f5es<\/strong><br \/>\nRoberto Pagano \u2013 9 8899.8261 (Whatsapp) robertopaganoluz@gmail.com<br \/>\nGoretti Melo \u2013 3426.8737\/98855-6581 (Whatsapp) falagorettimelo@gmail.com<\/p>\n<p><em>Conhe\u00e7a os trabalhos do Espa\u00e7o Terap\u00eautico Lapis Lazuli:<\/em><br \/>\n<a href=\"http:\/\/lapislazuli-recife.blogspot.com.br\/\" target=\"_blank\">http:\/\/lapislazuli-recife.blogspot.com.br\/<\/a><br \/>\n<a href=\"www.facebook.com\/espacolapislazuli\" target=\"_blank\">www.facebook.com\/espacolapislazuli<\/a><\/p>\n<p><strong>ROTEIRO DA CH\u00c1CARA ESMERALDA<\/strong><\/p>\n<p style=\"text-align: center;\"><img decoding=\"async\" loading=\"lazy\" class=\"aligncenter  wp-image-19812\" alt=\"roteiro chacara esmeralda\" src=\"http:\/\/portalfloresnoar.com\/floresnoar\/wp-content\/uploads\/2015\/02\/roteiro-chacara-esmeralda.jpg\" width=\"602\" height=\"454\" srcset=\"https:\/\/portalfloresnoar.com\/floresnoar\/wp-content\/uploads\/2015\/02\/roteiro-chacara-esmeralda.jpg 752w, https:\/\/portalfloresnoar.com\/floresnoar\/wp-content\/uploads\/2015\/02\/roteiro-chacara-esmeralda-300x226.jpg 300w, https:\/\/portalfloresnoar.com\/floresnoar\/wp-content\/uploads\/2015\/02\/roteiro-chacara-esmeralda-160x120.jpg 160w\" sizes=\"(max-width: 602px) 100vw, 602px\" \/><\/p>\n","protected":false},"excerpt":{"rendered":"<p>No dia 30 de julho de 2016, das 10h \u00e0s 18h, tem Biodan\u00e7a na Ch\u00e1cara Esmeralda \u2013 Espa\u00e7o Lapis Lazuli (unidade Aldeia). Os encontros acontecem sempre no \u00faltimo s\u00e1bado de cada m\u00eas. A Biodan\u00e7a \u00e9 um trabalho realizado em grupo que estimula o aprendizado da comunica\u00e7\u00e3o, do cuidado e da coopera\u00e7\u00e3o, o que leva as [&hellip;]<\/p>\n","protected":false},"author":1,"featured_media":25431,"comment_status":"open","ping_status":"open","sticky":false,"template":"","format":"standard","meta":{"om_disable_all_campaigns":false,"_monsterinsights_skip_tracking":false,"_monsterinsights_sitenote_active":false,"_monsterinsights_sitenote_note":"","_monsterinsights_sitenote_category":0,"footnotes":""},"categories":[8,224,214],"tags":[66,304],"acf":[],"publishpress_future_action":{"enabled":false,"date":"1969-12-31 21:00:00","action":"","terms":[],"taxonomy":"","browser_timezone_offset":0},"_links":{"self":[{"href":"https:\/\/portalfloresnoar.com\/floresnoar\/wp-json\/wp\/v2\/posts\/25430"}],"collection":[{"href":"https:\/\/portalfloresnoar.com\/floresnoar\/wp-json\/wp\/v2\/posts"}],"about":[{"href":"https:\/\/portalfloresnoar.com\/floresnoar\/wp-json\/wp\/v2\/types\/post"}],"author":[{"embeddable":true,"href":"https:\/\/portalfloresnoar.com\/floresnoar\/wp-json\/wp\/v2\/users\/1"}],"replies":[{"embeddable":true,"href":"https:\/\/portalfloresnoar.com\/floresnoar\/wp-json\/wp\/v2\/comments?post=25430"}],"version-history":[{"count":0,"href":"https:\/\/portalfloresnoar.com\/floresnoar\/wp-json\/wp\/v2\/posts\/25430\/revisions"}],"wp:featuredmedia":[{"embeddable":true,"href":"https:\/\/portalfloresnoar.com\/floresnoar\/wp-json\/wp\/v2\/media\/25431"}],"wp:attachment":[{"href":"https:\/\/portalfloresnoar.com\/floresnoar\/wp-json\/wp\/v2\/media?parent=25430"}],"wp:term":[{"taxonomy":"category","embeddable":true,"href":"https:\/\/portalfloresnoar.com\/floresnoar\/wp-json\/wp\/v2\/categories?post=25430"},{"taxonomy":"post_tag","embeddable":true,"href":"https:\/\/portalfloresnoar.com\/floresnoar\/wp-json\/wp\/v2\/tags?post=25430"}],"curies":[{"name":"wp","href":"https:\/\/api.w.org\/{rel}","templated":true}]}}