

{"id":25387,"date":"2016-07-05T12:14:31","date_gmt":"2016-07-05T15:14:31","guid":{"rendered":"http:\/\/portalfloresnoar.com\/floresnoar\/?p=25387"},"modified":"2016-07-05T12:14:31","modified_gmt":"2016-07-05T15:14:31","slug":"agenda-go-i-encontro-de-raizeiros-e-pajes-na-chapada-dos-veadeiros-de-20-a-23-de-julho","status":"publish","type":"post","link":"https:\/\/portalfloresnoar.com\/floresnoar\/agenda-go-i-encontro-de-raizeiros-e-pajes-na-chapada-dos-veadeiros-de-20-a-23-de-julho\/","title":{"rendered":"[AGENDA GO] I Encontro de Raizeiros e Paj\u00e9s na Chapada dos Veadeiros, de 20 a 23 de julho"},"content":{"rendered":"<p>De 20 a 23 de julho, acontece na Vila de S\u00e3o Jorge, em Goi\u00e1s, o\u00a0I Encontro de Raizeiros e Paj\u00e9s na Chapada dos Veadeiros (ERPCV). O evento \u00e9 aberto ao p\u00fablico EVENTO \u00c9 ABERTO AO P\u00daBLICO EM GERAL;<\/p>\n<p>O Encontro \u00e9 um evento que comp\u00f5e uma das a\u00e7\u00f5es do Projeto &#8220;Raizeiros de Alto Para\u00edso: Saberes Amea\u00e7ados\u201d, que tem apoio da SEDUCE-GO (Secretaria de Educa\u00e7\u00e3o, Cultura e Esporte do Estado de Goi\u00e1s) e do Parque Nacional da Chapada dos Veadeiros \u2013 ICMBio e UnB Cerrado. Tal projeto tem por objetivo resgatar saberes, registrar e divulgar o conhecimento tradicional dos raizeiros da regi\u00e3o da Chapada dos Veadeiros e melhor compreender os motivos do abandono da pr\u00e1tica por alguns e, da falta de interesse dos jovens no aprendizado desse of\u00edcio.<\/p>\n<p>O Projeto ainda contar\u00e1 com a\u00e7\u00f5es em escolas da regi\u00e3o (Dia do Raizeiro na Escola), exposi\u00e7\u00f5es fotogr\u00e1ficas no PNCV, introdu\u00e7\u00e3o dos Raizeiros na Feira de Mudas e Sementes, produ\u00e7\u00e3o de livreto e DVD, entre outras.<\/p>\n<p>Durante o I ERPCV, pretendemos possibilitar a troca de saberes e fazeres entre raizeiros e paj\u00e9s, maiores detentores do conhecimento tradicional em plantas medicinais, al\u00e9m de convidados. Al\u00e9m disso, o intuito \u00e9 divulgar para popula\u00e7\u00e3o local, turistas e principalmente nas escolas, onde haver\u00e3o exposi\u00e7\u00f5es itinerantes, a cultura regional dos Raizeiros, Benzedeiras, Parteiras e Rezadeiras, valorizando esse saber t\u00e3o embasado na conex\u00e3o e respeito a natureza, e tamb\u00e9m na f\u00e9.<\/p>\n<p>O I ERPCV acontecer\u00e1 durante quatro dias (de 20 a 23\/07\/2016) com atividades na ASJOR, PNCV, Aldeia Multi\u00e9tnica e Casa de Cultura Cavaleiro de Jorge.<\/p>\n<p>O Encontro contar\u00e1 com a participa\u00e7\u00e3o de raizeiros, kalungas, parteiras e parteiros, benzedores e benzedeiras, rezadeiras, integrantes da Pastoral da Sa\u00fade, e fitoterap\u00eautas convidados.<\/p>\n<p>O encontro contar\u00e1 com a participa\u00e7\u00e3o de raizeiros da regi\u00e3o, como Dona Fl\u00f4r do Moinho, Tia Rem\u00e9dios do Sert\u00e3o, Seu Ded\u00e9 de S\u00e3o Jorge, Tom das Ervas, Dona Luzia, Dona Domingas, Seu Joaquim e Dona Maria, e Dona P\u00e1scoa de Alto, al\u00e9m de convidados como Dona Maria Luzia da Cidade de Goi\u00e1s (&#8220;Goi\u00e1s Velho&#8221;), Seu Jo\u00e3o de Sanclerl\u00e2ndia-GO e Dra. L\u00edvia Martins Carneiro, M\u00e9dica Fitoterapeuta.<\/p>\n<p><strong>Evento no facebook:\u00a0<\/strong>https:\/\/www.facebook.com\/events\/1602273590102003\/<\/p>\n<p><strong>Confira abaixo a programa\u00e7\u00e3o:<\/strong><em><\/em><\/p>\n<p><img decoding=\"async\" loading=\"lazy\" class=\"aligncenter size-full wp-image-25388\" alt=\"encontro raizeiros e pajes\" src=\"http:\/\/portalfloresnoar.com\/floresnoar\/wp-content\/uploads\/2016\/07\/encontro-raizeiros-e-pajes.jpg\" width=\"678\" height=\"960\" srcset=\"https:\/\/portalfloresnoar.com\/floresnoar\/wp-content\/uploads\/2016\/07\/encontro-raizeiros-e-pajes.jpg 678w, https:\/\/portalfloresnoar.com\/floresnoar\/wp-content\/uploads\/2016\/07\/encontro-raizeiros-e-pajes-211x300.jpg 211w\" sizes=\"(max-width: 678px) 100vw, 678px\" \/><\/p>\n","protected":false},"excerpt":{"rendered":"<p>De 20 a 23 de julho, acontece na Vila de S\u00e3o Jorge, em Goi\u00e1s, o\u00a0I Encontro de Raizeiros e Paj\u00e9s na Chapada dos Veadeiros (ERPCV). O evento \u00e9 aberto ao p\u00fablico EVENTO \u00c9 ABERTO AO P\u00daBLICO EM GERAL; O Encontro \u00e9 um evento que comp\u00f5e uma das a\u00e7\u00f5es do Projeto &#8220;Raizeiros de Alto Para\u00edso: Saberes [&hellip;]<\/p>\n","protected":false},"author":1,"featured_media":25389,"comment_status":"open","ping_status":"open","sticky":false,"template":"","format":"standard","meta":{"om_disable_all_campaigns":false,"_monsterinsights_skip_tracking":false,"_monsterinsights_sitenote_active":false,"_monsterinsights_sitenote_note":"","_monsterinsights_sitenote_category":0,"footnotes":""},"categories":[8,335],"tags":[75,295],"acf":[],"publishpress_future_action":{"enabled":false,"date":"1969-12-31 21:00:00","action":"","terms":[],"taxonomy":"","browser_timezone_offset":0},"_links":{"self":[{"href":"https:\/\/portalfloresnoar.com\/floresnoar\/wp-json\/wp\/v2\/posts\/25387"}],"collection":[{"href":"https:\/\/portalfloresnoar.com\/floresnoar\/wp-json\/wp\/v2\/posts"}],"about":[{"href":"https:\/\/portalfloresnoar.com\/floresnoar\/wp-json\/wp\/v2\/types\/post"}],"author":[{"embeddable":true,"href":"https:\/\/portalfloresnoar.com\/floresnoar\/wp-json\/wp\/v2\/users\/1"}],"replies":[{"embeddable":true,"href":"https:\/\/portalfloresnoar.com\/floresnoar\/wp-json\/wp\/v2\/comments?post=25387"}],"version-history":[{"count":0,"href":"https:\/\/portalfloresnoar.com\/floresnoar\/wp-json\/wp\/v2\/posts\/25387\/revisions"}],"wp:featuredmedia":[{"embeddable":true,"href":"https:\/\/portalfloresnoar.com\/floresnoar\/wp-json\/wp\/v2\/media\/25389"}],"wp:attachment":[{"href":"https:\/\/portalfloresnoar.com\/floresnoar\/wp-json\/wp\/v2\/media?parent=25387"}],"wp:term":[{"taxonomy":"category","embeddable":true,"href":"https:\/\/portalfloresnoar.com\/floresnoar\/wp-json\/wp\/v2\/categories?post=25387"},{"taxonomy":"post_tag","embeddable":true,"href":"https:\/\/portalfloresnoar.com\/floresnoar\/wp-json\/wp\/v2\/tags?post=25387"}],"curies":[{"name":"wp","href":"https:\/\/api.w.org\/{rel}","templated":true}]}}